{"id":178973,"date":"2023-08-04T11:40:50","date_gmt":"2023-08-04T11:40:50","guid":{"rendered":"https:\/\/new.rcgep.com\/sin-categoria\/fiesta-de-verano-rcgp\/"},"modified":"2025-03-13T23:25:35","modified_gmt":"2025-03-13T23:25:35","slug":"fiesta-de-verano-rcgp","status":"publish","type":"post","link":"https:\/\/www.realclubdegolfelprat.com\/ca\/noticies\/fiesta-de-verano-rcgp\/","title":{"rendered":"Fiesta de verano RCGP"},"content":{"rendered":"<div class=\"wpb-content-wrapper\"><p>[vc_row][vc_column][vc_custom_heading source=&#8221;post_title&#8221; font_container=&#8221;tag:h1|text_align:left&#8221; el_class=&#8221;post-title-news&#8221;][vc_separator align=&#8221;align_left&#8221; border_width=&#8221;2&#8243; el_width=&#8221;10&#8243; el_class=&#8221;post-title-news-line&#8221;][\/vc_column][\/vc_row][vc_row][vc_column][vc_column_text]El pasado viernes 16 de junio de 2023 tuvo lugar la ya cl\u00e1sica fiesta de verano del <a href=\"https:\/\/www.realclubdegolfelprat.com\/ca\/\" target=\"_blank\" rel=\"noopener\">Real Club de Golf El Prat<\/a>, que cont\u00f3 con m\u00e1s de 150 asistentes que disfrutaron de una fant\u00e1stica velada que dio comienzo a las 20:30h con la ca\u00edda del sol. Los socios que se dieron cita en las instalaciones del RCGP disfrutaron de un <strong>gran ambiente festivo, acompa\u00f1ado de gastronom\u00eda propia del club.<\/strong><\/p>\n<p><img loading=\"lazy\" decoding=\"async\" class=\"alignnone wp-image-141684 \" src=\"https:\/\/www.realclubdegolfelprat.com\/wp-content\/uploads\/2023\/06\/f3.jpg\" alt=\"Fiesta de verano RCGP\" width=\"658\" height=\"398\" \/><\/p>\n<p>Tras recibir a los asistentes con un c\u00f3ctel de bienvenida, estos disfrutaron de un suculento aperitivo compuesto por <strong>ostras, jam\u00f3n ib\u00e9rico, vino y cava en la impresionante zona de piscina<\/strong>, especialmente preparada para la ocasi\u00f3n, <strong>compartiendo espacio con las marcas colaboradoras del club.<\/strong><\/p>\n<p><img loading=\"lazy\" decoding=\"async\" class=\"alignnone wp-image-141686 \" src=\"https:\/\/www.realclubdegolfelprat.com\/wp-content\/uploads\/2023\/06\/f2.jpg\" alt=\"Fiesta de verano RCGP\" width=\"657\" height=\"441\" \/><\/p>\n<p>Llegadas las 10h de la noche, dar\u00eda comienzo la cena en el restaurante de piscina del club y, posteriormente, se realizar\u00eda el <strong>sorteo de premios, entre los que se inclu\u00edan viajes, experiencias culinarias, masajes, joyas, entre otros. Todo ello gracias a las marcas colaboradoras del club<\/strong>: <strong>Perelada, VIP Style Magazine, Andreu, Quadis, Carmen, Alisgolf, Illy, Sistemes Digitals, Benito Hidalgo , Parking Pizza, Sotano Pizza, Mitchlifen , Serras , Tablao Flamenco, y Hellofresh.<\/strong><\/p>\n<p><img loading=\"lazy\" decoding=\"async\" class=\"alignnone wp-image-141688 \" src=\"https:\/\/www.realclubdegolfelprat.com\/wp-content\/uploads\/2023\/06\/f4.jpg\" alt=\"Fiesta de verano RCGP\" width=\"657\" height=\"444\" \/><\/p>\n<p>La fiesta de verano finalizar\u00eda de nuevo en el amplio espacio natural de la piscina con la <strong>actuaci\u00f3n en directo del grupo Abbey\u2019s Beat<\/strong>, que anim\u00f3 a los presentes con canciones conocidas por todos hasta bien entrada la madrugada.[\/vc_column_text][\/vc_column][\/vc_row]<\/p>\n<\/div>","protected":false},"excerpt":{"rendered":"<p>[vc_row][vc_column][vc_custom_heading source=&#8221;post_title&#8221; font_container=&#8221;tag:h1|text_align:left&#8221; el_class=&#8221;post-title-news&#8221;][vc_separator align=&#8221;align_left&#8221; border_width=&#8221;2&#8243; el_width=&#8221;10&#8243; el_class=&#8221;post-title-news-line&#8221;][\/vc_column][\/vc_row][vc_row][vc_column][vc_column_text]El pasado viernes 16 de junio de 2023 tuvo lugar la ya cl\u00e1sica fiesta de verano del Real Club de Golf El Prat, que cont\u00f3 con m\u00e1s de 150 asistentes que disfrutaron de una fant\u00e1stica velada que dio comienzo a las 20:30h con la ca\u00edda del sol. Los [&hellip;]<\/p>\n","protected":false},"author":3,"featured_media":178974,"comment_status":"closed","ping_status":"closed","sticky":false,"template":"","format":"standard","meta":{"_acf_changed":false,"footnotes":""},"categories":[258],"tags":[],"class_list":["post-178973","post","type-post","status-publish","format-standard","has-post-thumbnail","hentry","category-noticies"],"acf":[],"yoast_head":"<!-- This site is optimized with the Yoast SEO plugin v27.4 - https:\/\/yoast.com\/product\/yoast-seo-wordpress\/ -->\n<title>Fiesta de verano RCGP - Real Club de Golf El Prat - Barcelona<\/title>\n<meta name=\"description\" content=\"El pasado viernes 16 de junio de 2023 tuvo lugar la ya cl\u00e1sica fiesta de verano del Real Club de Golf El Prat\" \/>\n<meta name=\"robots\" content=\"index, follow, max-snippet:-1, max-image-preview:large, max-video-preview:-1\" \/>\n<link rel=\"canonical\" href=\"https:\/\/www.realclubdegolfelprat.com\/ca\/noticies\/fiesta-de-verano-rcgp\/\" \/>\n<meta property=\"og:locale\" content=\"ca_ES\" \/>\n<meta property=\"og:type\" content=\"article\" \/>\n<meta property=\"og:title\" content=\"Fiesta de verano RCGP - Real Club de Golf El Prat - Barcelona\" \/>\n<meta property=\"og:description\" content=\"El pasado viernes 16 de junio de 2023 tuvo lugar la ya cl\u00e1sica fiesta de verano del Real Club de Golf El Prat\" \/>\n<meta property=\"og:url\" content=\"https:\/\/www.realclubdegolfelprat.com\/ca\/noticies\/fiesta-de-verano-rcgp\/\" \/>\n<meta property=\"og:site_name\" content=\"Real Club de Golf El Prat - Barcelona\" \/>\n<meta property=\"article:publisher\" content=\"https:\/\/www.facebook.com\/golfelprat\" \/>\n<meta property=\"article:published_time\" content=\"2023-08-04T11:40:50+00:00\" \/>\n<meta property=\"article:modified_time\" content=\"2025-03-13T23:25:35+00:00\" \/>\n<meta property=\"og:image\" content=\"https:\/\/www.realclubdegolfelprat.com\/wp-content\/uploads\/2023\/06\/fiesta-verano.jpg\" \/>\n\t<meta property=\"og:image:width\" content=\"953\" \/>\n\t<meta property=\"og:image:height\" content=\"709\" \/>\n\t<meta property=\"og:image:type\" content=\"image\/jpeg\" \/>\n<meta name=\"author\" content=\"Raquel Castillero Maturana\" \/>\n<meta name=\"twitter:card\" content=\"summary_large_image\" \/>\n<meta name=\"twitter:creator\" content=\"@golfelprat\" \/>\n<meta name=\"twitter:site\" content=\"@golfelprat\" \/>\n<meta name=\"twitter:label1\" content=\"Escrit per\" \/>\n\t<meta name=\"twitter:data1\" content=\"Raquel Castillero Maturana\" \/>\n\t<meta name=\"twitter:label2\" content=\"Temps estimat de lectura\" \/>\n\t<meta name=\"twitter:data2\" content=\"2 minuts\" \/>\n<script type=\"application\/ld+json\" class=\"yoast-schema-graph\">{\"@context\":\"https:\\\/\\\/schema.org\",\"@graph\":[{\"@type\":\"Article\",\"@id\":\"https:\\\/\\\/www.realclubdegolfelprat.com\\\/ca\\\/noticies\\\/fiesta-de-verano-rcgp\\\/#article\",\"isPartOf\":{\"@id\":\"https:\\\/\\\/www.realclubdegolfelprat.com\\\/ca\\\/noticies\\\/fiesta-de-verano-rcgp\\\/\"},\"author\":{\"name\":\"Raquel Castillero Maturana\",\"@id\":\"https:\\\/\\\/www.realclubdegolfelprat.com\\\/ca\\\/#\\\/schema\\\/person\\\/b415ffa96e273d60f598cdf97ca795a8\"},\"headline\":\"Fiesta de verano RCGP\",\"datePublished\":\"2023-08-04T11:40:50+00:00\",\"dateModified\":\"2025-03-13T23:25:35+00:00\",\"mainEntityOfPage\":{\"@id\":\"https:\\\/\\\/www.realclubdegolfelprat.com\\\/ca\\\/noticies\\\/fiesta-de-verano-rcgp\\\/\"},\"wordCount\":288,\"publisher\":{\"@id\":\"https:\\\/\\\/www.realclubdegolfelprat.com\\\/ca\\\/#organization\"},\"image\":{\"@id\":\"https:\\\/\\\/www.realclubdegolfelprat.com\\\/ca\\\/noticies\\\/fiesta-de-verano-rcgp\\\/#primaryimage\"},\"thumbnailUrl\":\"https:\\\/\\\/www.realclubdegolfelprat.com\\\/wp-content\\\/uploads\\\/2023\\\/06\\\/fiesta-verano.jpg\",\"articleSection\":[\"Not\u00edcies\"],\"inLanguage\":\"ca\"},{\"@type\":\"WebPage\",\"@id\":\"https:\\\/\\\/www.realclubdegolfelprat.com\\\/ca\\\/noticies\\\/fiesta-de-verano-rcgp\\\/\",\"url\":\"https:\\\/\\\/www.realclubdegolfelprat.com\\\/ca\\\/noticies\\\/fiesta-de-verano-rcgp\\\/\",\"name\":\"Fiesta de verano RCGP - Real Club de Golf El Prat - Barcelona\",\"isPartOf\":{\"@id\":\"https:\\\/\\\/www.realclubdegolfelprat.com\\\/ca\\\/#website\"},\"primaryImageOfPage\":{\"@id\":\"https:\\\/\\\/www.realclubdegolfelprat.com\\\/ca\\\/noticies\\\/fiesta-de-verano-rcgp\\\/#primaryimage\"},\"image\":{\"@id\":\"https:\\\/\\\/www.realclubdegolfelprat.com\\\/ca\\\/noticies\\\/fiesta-de-verano-rcgp\\\/#primaryimage\"},\"thumbnailUrl\":\"https:\\\/\\\/www.realclubdegolfelprat.com\\\/wp-content\\\/uploads\\\/2023\\\/06\\\/fiesta-verano.jpg\",\"datePublished\":\"2023-08-04T11:40:50+00:00\",\"dateModified\":\"2025-03-13T23:25:35+00:00\",\"description\":\"El pasado viernes 16 de junio de 2023 tuvo lugar la ya cl\u00e1sica fiesta de verano del Real Club de Golf El Prat\",\"breadcrumb\":{\"@id\":\"https:\\\/\\\/www.realclubdegolfelprat.com\\\/ca\\\/noticies\\\/fiesta-de-verano-rcgp\\\/#breadcrumb\"},\"inLanguage\":\"ca\",\"potentialAction\":[{\"@type\":\"ReadAction\",\"target\":[\"https:\\\/\\\/www.realclubdegolfelprat.com\\\/ca\\\/noticies\\\/fiesta-de-verano-rcgp\\\/\"]}]},{\"@type\":\"ImageObject\",\"inLanguage\":\"ca\",\"@id\":\"https:\\\/\\\/www.realclubdegolfelprat.com\\\/ca\\\/noticies\\\/fiesta-de-verano-rcgp\\\/#primaryimage\",\"url\":\"https:\\\/\\\/www.realclubdegolfelprat.com\\\/wp-content\\\/uploads\\\/2023\\\/06\\\/fiesta-verano.jpg\",\"contentUrl\":\"https:\\\/\\\/www.realclubdegolfelprat.com\\\/wp-content\\\/uploads\\\/2023\\\/06\\\/fiesta-verano.jpg\",\"width\":953,\"height\":709},{\"@type\":\"BreadcrumbList\",\"@id\":\"https:\\\/\\\/www.realclubdegolfelprat.com\\\/ca\\\/noticies\\\/fiesta-de-verano-rcgp\\\/#breadcrumb\",\"itemListElement\":[{\"@type\":\"ListItem\",\"position\":1,\"name\":\"Portada\",\"item\":\"https:\\\/\\\/www.realclubdegolfelprat.com\\\/ca\\\/\"},{\"@type\":\"ListItem\",\"position\":2,\"name\":\"Fiesta de verano RCGP\"}]},{\"@type\":\"WebSite\",\"@id\":\"https:\\\/\\\/www.realclubdegolfelprat.com\\\/ca\\\/#website\",\"url\":\"https:\\\/\\\/www.realclubdegolfelprat.com\\\/ca\\\/\",\"name\":\"Real Club de Golf El Prat - Barcelona\",\"description\":\"Tu club de golf en Barcelona\",\"publisher\":{\"@id\":\"https:\\\/\\\/www.realclubdegolfelprat.com\\\/ca\\\/#organization\"},\"potentialAction\":[{\"@type\":\"SearchAction\",\"target\":{\"@type\":\"EntryPoint\",\"urlTemplate\":\"https:\\\/\\\/www.realclubdegolfelprat.com\\\/ca\\\/?s={search_term_string}\"},\"query-input\":{\"@type\":\"PropertyValueSpecification\",\"valueRequired\":true,\"valueName\":\"search_term_string\"}}],\"inLanguage\":\"ca\"},{\"@type\":\"Organization\",\"@id\":\"https:\\\/\\\/www.realclubdegolfelprat.com\\\/ca\\\/#organization\",\"name\":\"Real Club de Golf El Prat - Barcelona\",\"url\":\"https:\\\/\\\/www.realclubdegolfelprat.com\\\/ca\\\/\",\"logo\":{\"@type\":\"ImageObject\",\"inLanguage\":\"ca\",\"@id\":\"https:\\\/\\\/www.realclubdegolfelprat.com\\\/ca\\\/#\\\/schema\\\/logo\\\/image\\\/\",\"url\":\"https:\\\/\\\/www.realclubdegolfelprat.com\\\/wp-content\\\/uploads\\\/2023\\\/03\\\/logo-rcgep-color-120-95.png\",\"contentUrl\":\"https:\\\/\\\/www.realclubdegolfelprat.com\\\/wp-content\\\/uploads\\\/2023\\\/03\\\/logo-rcgep-color-120-95.png\",\"width\":120,\"height\":95,\"caption\":\"Real Club de Golf El Prat - Barcelona\"},\"image\":{\"@id\":\"https:\\\/\\\/www.realclubdegolfelprat.com\\\/ca\\\/#\\\/schema\\\/logo\\\/image\\\/\"},\"sameAs\":[\"https:\\\/\\\/www.facebook.com\\\/golfelprat\",\"https:\\\/\\\/x.com\\\/golfelprat\",\"https:\\\/\\\/www.linkedin.com\\\/company\\\/rcgep\",\"https:\\\/\\\/www.youtube.com\\\/user\\\/realclubdegolfelprat\",\"https:\\\/\\\/www.instagram.com\\\/golfelprat\\\/\"]},{\"@type\":\"Person\",\"@id\":\"https:\\\/\\\/www.realclubdegolfelprat.com\\\/ca\\\/#\\\/schema\\\/person\\\/b415ffa96e273d60f598cdf97ca795a8\",\"name\":\"Raquel Castillero Maturana\",\"image\":{\"@type\":\"ImageObject\",\"inLanguage\":\"ca\",\"@id\":\"https:\\\/\\\/secure.gravatar.com\\\/avatar\\\/91350e08b4fc5a2ee91f45c6465d2fc3ac13334bcb7d7242c5c020039a476b4c?s=96&d=mm&r=g\",\"url\":\"https:\\\/\\\/secure.gravatar.com\\\/avatar\\\/91350e08b4fc5a2ee91f45c6465d2fc3ac13334bcb7d7242c5c020039a476b4c?s=96&d=mm&r=g\",\"contentUrl\":\"https:\\\/\\\/secure.gravatar.com\\\/avatar\\\/91350e08b4fc5a2ee91f45c6465d2fc3ac13334bcb7d7242c5c020039a476b4c?s=96&d=mm&r=g\",\"caption\":\"Raquel Castillero Maturana\"}}]}<\/script>\n<!-- \/ Yoast SEO plugin. -->","yoast_head_json":{"title":"Fiesta de verano RCGP - Real Club de Golf El Prat - Barcelona","description":"El pasado viernes 16 de junio de 2023 tuvo lugar la ya cl\u00e1sica fiesta de verano del Real Club de Golf El Prat","robots":{"index":"index","follow":"follow","max-snippet":"max-snippet:-1","max-image-preview":"max-image-preview:large","max-video-preview":"max-video-preview:-1"},"canonical":"https:\/\/www.realclubdegolfelprat.com\/ca\/noticies\/fiesta-de-verano-rcgp\/","og_locale":"ca_ES","og_type":"article","og_title":"Fiesta de verano RCGP - Real Club de Golf El Prat - Barcelona","og_description":"El pasado viernes 16 de junio de 2023 tuvo lugar la ya cl\u00e1sica fiesta de verano del Real Club de Golf El Prat","og_url":"https:\/\/www.realclubdegolfelprat.com\/ca\/noticies\/fiesta-de-verano-rcgp\/","og_site_name":"Real Club de Golf El Prat - Barcelona","article_publisher":"https:\/\/www.facebook.com\/golfelprat","article_published_time":"2023-08-04T11:40:50+00:00","article_modified_time":"2025-03-13T23:25:35+00:00","og_image":[{"width":953,"height":709,"url":"https:\/\/www.realclubdegolfelprat.com\/wp-content\/uploads\/2023\/06\/fiesta-verano.jpg","type":"image\/jpeg"}],"author":"Raquel Castillero Maturana","twitter_card":"summary_large_image","twitter_creator":"@golfelprat","twitter_site":"@golfelprat","twitter_misc":{"Escrit per":"Raquel Castillero Maturana","Temps estimat de lectura":"2 minuts"},"schema":{"@context":"https:\/\/schema.org","@graph":[{"@type":"Article","@id":"https:\/\/www.realclubdegolfelprat.com\/ca\/noticies\/fiesta-de-verano-rcgp\/#article","isPartOf":{"@id":"https:\/\/www.realclubdegolfelprat.com\/ca\/noticies\/fiesta-de-verano-rcgp\/"},"author":{"name":"Raquel Castillero Maturana","@id":"https:\/\/www.realclubdegolfelprat.com\/ca\/#\/schema\/person\/b415ffa96e273d60f598cdf97ca795a8"},"headline":"Fiesta de verano RCGP","datePublished":"2023-08-04T11:40:50+00:00","dateModified":"2025-03-13T23:25:35+00:00","mainEntityOfPage":{"@id":"https:\/\/www.realclubdegolfelprat.com\/ca\/noticies\/fiesta-de-verano-rcgp\/"},"wordCount":288,"publisher":{"@id":"https:\/\/www.realclubdegolfelprat.com\/ca\/#organization"},"image":{"@id":"https:\/\/www.realclubdegolfelprat.com\/ca\/noticies\/fiesta-de-verano-rcgp\/#primaryimage"},"thumbnailUrl":"https:\/\/www.realclubdegolfelprat.com\/wp-content\/uploads\/2023\/06\/fiesta-verano.jpg","articleSection":["Not\u00edcies"],"inLanguage":"ca"},{"@type":"WebPage","@id":"https:\/\/www.realclubdegolfelprat.com\/ca\/noticies\/fiesta-de-verano-rcgp\/","url":"https:\/\/www.realclubdegolfelprat.com\/ca\/noticies\/fiesta-de-verano-rcgp\/","name":"Fiesta de verano RCGP - Real Club de Golf El Prat - Barcelona","isPartOf":{"@id":"https:\/\/www.realclubdegolfelprat.com\/ca\/#website"},"primaryImageOfPage":{"@id":"https:\/\/www.realclubdegolfelprat.com\/ca\/noticies\/fiesta-de-verano-rcgp\/#primaryimage"},"image":{"@id":"https:\/\/www.realclubdegolfelprat.com\/ca\/noticies\/fiesta-de-verano-rcgp\/#primaryimage"},"thumbnailUrl":"https:\/\/www.realclubdegolfelprat.com\/wp-content\/uploads\/2023\/06\/fiesta-verano.jpg","datePublished":"2023-08-04T11:40:50+00:00","dateModified":"2025-03-13T23:25:35+00:00","description":"El pasado viernes 16 de junio de 2023 tuvo lugar la ya cl\u00e1sica fiesta de verano del Real Club de Golf El Prat","breadcrumb":{"@id":"https:\/\/www.realclubdegolfelprat.com\/ca\/noticies\/fiesta-de-verano-rcgp\/#breadcrumb"},"inLanguage":"ca","potentialAction":[{"@type":"ReadAction","target":["https:\/\/www.realclubdegolfelprat.com\/ca\/noticies\/fiesta-de-verano-rcgp\/"]}]},{"@type":"ImageObject","inLanguage":"ca","@id":"https:\/\/www.realclubdegolfelprat.com\/ca\/noticies\/fiesta-de-verano-rcgp\/#primaryimage","url":"https:\/\/www.realclubdegolfelprat.com\/wp-content\/uploads\/2023\/06\/fiesta-verano.jpg","contentUrl":"https:\/\/www.realclubdegolfelprat.com\/wp-content\/uploads\/2023\/06\/fiesta-verano.jpg","width":953,"height":709},{"@type":"BreadcrumbList","@id":"https:\/\/www.realclubdegolfelprat.com\/ca\/noticies\/fiesta-de-verano-rcgp\/#breadcrumb","itemListElement":[{"@type":"ListItem","position":1,"name":"Portada","item":"https:\/\/www.realclubdegolfelprat.com\/ca\/"},{"@type":"ListItem","position":2,"name":"Fiesta de verano RCGP"}]},{"@type":"WebSite","@id":"https:\/\/www.realclubdegolfelprat.com\/ca\/#website","url":"https:\/\/www.realclubdegolfelprat.com\/ca\/","name":"Real Club de Golf El Prat - Barcelona","description":"Tu club de golf en Barcelona","publisher":{"@id":"https:\/\/www.realclubdegolfelprat.com\/ca\/#organization"},"potentialAction":[{"@type":"SearchAction","target":{"@type":"EntryPoint","urlTemplate":"https:\/\/www.realclubdegolfelprat.com\/ca\/?s={search_term_string}"},"query-input":{"@type":"PropertyValueSpecification","valueRequired":true,"valueName":"search_term_string"}}],"inLanguage":"ca"},{"@type":"Organization","@id":"https:\/\/www.realclubdegolfelprat.com\/ca\/#organization","name":"Real Club de Golf El Prat - Barcelona","url":"https:\/\/www.realclubdegolfelprat.com\/ca\/","logo":{"@type":"ImageObject","inLanguage":"ca","@id":"https:\/\/www.realclubdegolfelprat.com\/ca\/#\/schema\/logo\/image\/","url":"https:\/\/www.realclubdegolfelprat.com\/wp-content\/uploads\/2023\/03\/logo-rcgep-color-120-95.png","contentUrl":"https:\/\/www.realclubdegolfelprat.com\/wp-content\/uploads\/2023\/03\/logo-rcgep-color-120-95.png","width":120,"height":95,"caption":"Real Club de Golf El Prat - Barcelona"},"image":{"@id":"https:\/\/www.realclubdegolfelprat.com\/ca\/#\/schema\/logo\/image\/"},"sameAs":["https:\/\/www.facebook.com\/golfelprat","https:\/\/x.com\/golfelprat","https:\/\/www.linkedin.com\/company\/rcgep","https:\/\/www.youtube.com\/user\/realclubdegolfelprat","https:\/\/www.instagram.com\/golfelprat\/"]},{"@type":"Person","@id":"https:\/\/www.realclubdegolfelprat.com\/ca\/#\/schema\/person\/b415ffa96e273d60f598cdf97ca795a8","name":"Raquel Castillero Maturana","image":{"@type":"ImageObject","inLanguage":"ca","@id":"https:\/\/secure.gravatar.com\/avatar\/91350e08b4fc5a2ee91f45c6465d2fc3ac13334bcb7d7242c5c020039a476b4c?s=96&d=mm&r=g","url":"https:\/\/secure.gravatar.com\/avatar\/91350e08b4fc5a2ee91f45c6465d2fc3ac13334bcb7d7242c5c020039a476b4c?s=96&d=mm&r=g","contentUrl":"https:\/\/secure.gravatar.com\/avatar\/91350e08b4fc5a2ee91f45c6465d2fc3ac13334bcb7d7242c5c020039a476b4c?s=96&d=mm&r=g","caption":"Raquel Castillero Maturana"}}]}},"_links":{"self":[{"href":"https:\/\/www.realclubdegolfelprat.com\/ca\/wp-json\/wp\/v2\/posts\/178973","targetHints":{"allow":["GET"]}}],"collection":[{"href":"https:\/\/www.realclubdegolfelprat.com\/ca\/wp-json\/wp\/v2\/posts"}],"about":[{"href":"https:\/\/www.realclubdegolfelprat.com\/ca\/wp-json\/wp\/v2\/types\/post"}],"author":[{"embeddable":true,"href":"https:\/\/www.realclubdegolfelprat.com\/ca\/wp-json\/wp\/v2\/users\/3"}],"replies":[{"embeddable":true,"href":"https:\/\/www.realclubdegolfelprat.com\/ca\/wp-json\/wp\/v2\/comments?post=178973"}],"version-history":[{"count":2,"href":"https:\/\/www.realclubdegolfelprat.com\/ca\/wp-json\/wp\/v2\/posts\/178973\/revisions"}],"predecessor-version":[{"id":182876,"href":"https:\/\/www.realclubdegolfelprat.com\/ca\/wp-json\/wp\/v2\/posts\/178973\/revisions\/182876"}],"wp:featuredmedia":[{"embeddable":true,"href":"https:\/\/www.realclubdegolfelprat.com\/ca\/wp-json\/wp\/v2\/media\/178974"}],"wp:attachment":[{"href":"https:\/\/www.realclubdegolfelprat.com\/ca\/wp-json\/wp\/v2\/media?parent=178973"}],"wp:term":[{"taxonomy":"category","embeddable":true,"href":"https:\/\/www.realclubdegolfelprat.com\/ca\/wp-json\/wp\/v2\/categories?post=178973"},{"taxonomy":"post_tag","embeddable":true,"href":"https:\/\/www.realclubdegolfelprat.com\/ca\/wp-json\/wp\/v2\/tags?post=178973"}],"curies":[{"name":"wp","href":"https:\/\/api.w.org\/{rel}","templated":true}]}}