{"id":179042,"date":"2022-11-04T13:38:40","date_gmt":"2022-11-04T13:38:40","guid":{"rendered":"https:\/\/new.rcgep.com\/sin-categoria\/el-rcgep-presenta-su-exclusiva-oferta-turistica-de-golf-en-la-feria-de-golf-igtm\/"},"modified":"2024-10-06T23:29:27","modified_gmt":"2024-10-06T23:29:27","slug":"el-rcgep-presenta-su-exclusiva-oferta-turistica-de-golf-en-la-feria-de-golf-igtm","status":"publish","type":"post","link":"https:\/\/www.realclubdegolfelprat.com\/ca\/noticies\/el-rcgep-presenta-su-exclusiva-oferta-turistica-de-golf-en-la-feria-de-golf-igtm\/","title":{"rendered":"El RCGEP presenta su exclusiva oferta tur\u00edstica de golf en la feria de golf IGTM"},"content":{"rendered":"<p>El Real Club de Golf El Prat ha participado en la feria de turismo golf\u00edstico<strong>\u00a0International Golf Travel Market<\/strong> (IGTM) celebrada en Roma del 17 al 20 de octubre. El club ha dado a conocer su oferta tur\u00edstica de golf enfocada al <strong>trato personalizado<\/strong> y atento. El club centenario presenta una oferta muy exclusiva para poder dar una atenci\u00f3n personal a cada uno de sus visitantes. El Prat decidi\u00f3 abrir las puertas al turismo hace nueve a\u00f1os y desde entonces se ha consagrado como un <strong>destino golf\u00edstico de referencia<\/strong> en Espa\u00f1a.<\/p>\n<p>&nbsp;<\/p>\n<p>El Club de Golf El Prat est\u00e1 ubicado<strong> a solo media hora de Barcelona<\/strong> y a 40 minutos del Aeropuerto Internacional de Barcelona. El campo est\u00e1 formado por <strong>45 hoyos<\/strong> dise\u00f1ados por el antiguo n\u00famero uno <strong>Greg Norman<\/strong>. Sus visitantes se alojan en el Hotel La Mola, de 4 estrellas, ubicado a escasos minutos del Club. Los turistas disponen de buggies en la entrada del hotel con los que pueden llegar c\u00f3modamente al campo de juego.<\/p>\n<p>&nbsp;<\/p>\n<p>El Prat tiene un nivel de excelencia ratificado por las\u00a0diez ocasiones en las que ha organizado y <strong>acogido el Open de Espa\u00f1a de golf<\/strong>. En \u00e9l entrenan numerosos golfistas profesionales del circuito nacional y europeo. El club,<strong> fundado en 1912<\/strong>, dispone de servicios de restauraci\u00f3n, Club Infantil, p\u00e1del, piscina, bicicletas, gimnasio, salas para eventos y una remodelada escuela de golf infantil.<\/p>\n<p>&nbsp;<\/p>\n<blockquote><p>El director comercial internacional de El Club de Golf El Prat, Marcello Della Vecchia valora muy positivamente la participaci\u00f3n del Club en la feria: \u201cHemos podido valorar el a\u00f1o anterior con las agencias con las que trabajamos y hemos realizado <strong>nuevos contactos buenos<\/strong> con los que trabajar\u201d.<\/p><\/blockquote>\n<p>&nbsp;<\/p>\n<p>El <strong>International Golf Travel Market<\/strong> ha reunido a promotores de turismo golf\u00edstico internacional con agencias intermediarias y prensa internacional. La feria se celebra desde el 1998 y cada a\u00f1o cambia de ubicaci\u00f3n, esta edici\u00f3n se ha celebrado en el <strong>Roma Convention Center La Nuvola<\/strong> de Roma, Italia. La pr\u00f3xima edici\u00f3n del IGTM se celebrar\u00e1 en Lisboa del 16 al 19 de octubre de 2023.<\/p>\n","protected":false},"excerpt":{"rendered":"<p>El Real Club de Golf El Prat ha participado en la feria de turismo golf\u00edstico\u00a0International Golf Travel Market (IGTM) celebrada en Roma del 17 al 20 de octubre. El club ha dado a conocer su oferta tur\u00edstica de golf enfocada al trato personalizado y atento. El club centenario presenta una oferta muy exclusiva para poder [&hellip;]<\/p>\n","protected":false},"author":3,"featured_media":179043,"comment_status":"closed","ping_status":"closed","sticky":false,"template":"","format":"standard","meta":{"_acf_changed":false,"footnotes":""},"categories":[258],"tags":[283,351,352,259,260,293,269,353,354],"class_list":["post-179042","post","type-post","status-publish","format-standard","has-post-thumbnail","hentry","category-noticies","tag-barcelona-ca","tag-barcelona-golf-destination-ca","tag-feria-golf-ca","tag-golf-ca","tag-golf-el-prat-ca","tag-igtm-ca","tag-real-club-golf-el-prat-ca","tag-turismo-golf-ca","tag-turismo-golfistico-ca"],"acf":[],"yoast_head":"<!-- This site is optimized with the Yoast SEO plugin v27.4 - https:\/\/yoast.com\/product\/yoast-seo-wordpress\/ -->\n<title>RCGEP presenta su oferta de turismo de golf en la feria IGTM<\/title>\n<meta name=\"description\" content=\"El Real Club de Golf El Prat ha participado en la International Golf Travel Market y ha dado a conocer su exclusiva oferta tur\u00edstica de golf.\" \/>\n<meta name=\"robots\" content=\"index, follow, max-snippet:-1, max-image-preview:large, max-video-preview:-1\" \/>\n<link rel=\"canonical\" href=\"https:\/\/www.realclubdegolfelprat.com\/ca\/noticies\/el-rcgep-presenta-su-exclusiva-oferta-turistica-de-golf-en-la-feria-de-golf-igtm\/\" \/>\n<meta property=\"og:locale\" content=\"ca_ES\" \/>\n<meta property=\"og:type\" content=\"article\" \/>\n<meta property=\"og:title\" content=\"RCGEP presenta su oferta de turismo de golf en la feria IGTM\" \/>\n<meta property=\"og:description\" content=\"El Real Club de Golf El Prat ha participado en la International Golf Travel Market y ha dado a conocer su exclusiva oferta tur\u00edstica de golf.\" \/>\n<meta property=\"og:url\" content=\"https:\/\/www.realclubdegolfelprat.com\/ca\/noticies\/el-rcgep-presenta-su-exclusiva-oferta-turistica-de-golf-en-la-feria-de-golf-igtm\/\" \/>\n<meta property=\"og:site_name\" content=\"Real Club de Golf El Prat - Barcelona\" \/>\n<meta property=\"article:publisher\" content=\"https:\/\/www.facebook.com\/golfelprat\" \/>\n<meta property=\"article:published_time\" content=\"2022-11-04T13:38:40+00:00\" \/>\n<meta property=\"article:modified_time\" content=\"2024-10-06T23:29:27+00:00\" \/>\n<meta property=\"og:image\" content=\"https:\/\/www.realclubdegolfelprat.com\/wp-content\/uploads\/2023\/02\/Imagen-Festival.png\" \/>\n\t<meta property=\"og:image:width\" content=\"960\" \/>\n\t<meta property=\"og:image:height\" content=\"720\" \/>\n\t<meta property=\"og:image:type\" content=\"image\/png\" \/>\n<meta name=\"author\" content=\"Raquel Castillero Maturana\" \/>\n<meta name=\"twitter:card\" content=\"summary_large_image\" \/>\n<meta name=\"twitter:creator\" content=\"@golfelprat\" \/>\n<meta name=\"twitter:site\" content=\"@golfelprat\" \/>\n<meta name=\"twitter:label1\" content=\"Escrit per\" \/>\n\t<meta name=\"twitter:data1\" content=\"Raquel Castillero Maturana\" \/>\n\t<meta name=\"twitter:label2\" content=\"Temps estimat de lectura\" \/>\n\t<meta name=\"twitter:data2\" content=\"2 minuts\" \/>\n<script type=\"application\/ld+json\" class=\"yoast-schema-graph\">{\"@context\":\"https:\\\/\\\/schema.org\",\"@graph\":[{\"@type\":\"Article\",\"@id\":\"https:\\\/\\\/www.realclubdegolfelprat.com\\\/ca\\\/noticies\\\/el-rcgep-presenta-su-exclusiva-oferta-turistica-de-golf-en-la-feria-de-golf-igtm\\\/#article\",\"isPartOf\":{\"@id\":\"https:\\\/\\\/www.realclubdegolfelprat.com\\\/ca\\\/noticies\\\/el-rcgep-presenta-su-exclusiva-oferta-turistica-de-golf-en-la-feria-de-golf-igtm\\\/\"},\"author\":{\"name\":\"Raquel Castillero Maturana\",\"@id\":\"https:\\\/\\\/www.realclubdegolfelprat.com\\\/ca\\\/#\\\/schema\\\/person\\\/b415ffa96e273d60f598cdf97ca795a8\"},\"headline\":\"El RCGEP presenta su exclusiva oferta tur\u00edstica de golf en la feria de golf IGTM\",\"datePublished\":\"2022-11-04T13:38:40+00:00\",\"dateModified\":\"2024-10-06T23:29:27+00:00\",\"mainEntityOfPage\":{\"@id\":\"https:\\\/\\\/www.realclubdegolfelprat.com\\\/ca\\\/noticies\\\/el-rcgep-presenta-su-exclusiva-oferta-turistica-de-golf-en-la-feria-de-golf-igtm\\\/\"},\"wordCount\":370,\"publisher\":{\"@id\":\"https:\\\/\\\/www.realclubdegolfelprat.com\\\/ca\\\/#organization\"},\"image\":{\"@id\":\"https:\\\/\\\/www.realclubdegolfelprat.com\\\/ca\\\/noticies\\\/el-rcgep-presenta-su-exclusiva-oferta-turistica-de-golf-en-la-feria-de-golf-igtm\\\/#primaryimage\"},\"thumbnailUrl\":\"https:\\\/\\\/www.realclubdegolfelprat.com\\\/wp-content\\\/uploads\\\/2023\\\/02\\\/Imagen-Festival.png\",\"keywords\":[\"barcelona\",\"Barcelona Golf Destination\",\"feria golf\",\"golf\",\"golf el prat\",\"igtm\",\"real club golf el prat\",\"turismo golf\",\"turismo golf\u00edstico\"],\"articleSection\":[\"Not\u00edcies\"],\"inLanguage\":\"ca\"},{\"@type\":\"WebPage\",\"@id\":\"https:\\\/\\\/www.realclubdegolfelprat.com\\\/ca\\\/noticies\\\/el-rcgep-presenta-su-exclusiva-oferta-turistica-de-golf-en-la-feria-de-golf-igtm\\\/\",\"url\":\"https:\\\/\\\/www.realclubdegolfelprat.com\\\/ca\\\/noticies\\\/el-rcgep-presenta-su-exclusiva-oferta-turistica-de-golf-en-la-feria-de-golf-igtm\\\/\",\"name\":\"RCGEP presenta su oferta de turismo de golf en la feria IGTM\",\"isPartOf\":{\"@id\":\"https:\\\/\\\/www.realclubdegolfelprat.com\\\/ca\\\/#website\"},\"primaryImageOfPage\":{\"@id\":\"https:\\\/\\\/www.realclubdegolfelprat.com\\\/ca\\\/noticies\\\/el-rcgep-presenta-su-exclusiva-oferta-turistica-de-golf-en-la-feria-de-golf-igtm\\\/#primaryimage\"},\"image\":{\"@id\":\"https:\\\/\\\/www.realclubdegolfelprat.com\\\/ca\\\/noticies\\\/el-rcgep-presenta-su-exclusiva-oferta-turistica-de-golf-en-la-feria-de-golf-igtm\\\/#primaryimage\"},\"thumbnailUrl\":\"https:\\\/\\\/www.realclubdegolfelprat.com\\\/wp-content\\\/uploads\\\/2023\\\/02\\\/Imagen-Festival.png\",\"datePublished\":\"2022-11-04T13:38:40+00:00\",\"dateModified\":\"2024-10-06T23:29:27+00:00\",\"description\":\"El Real Club de Golf El Prat ha participado en la International Golf Travel Market y ha dado a conocer su exclusiva oferta tur\u00edstica de golf.\",\"breadcrumb\":{\"@id\":\"https:\\\/\\\/www.realclubdegolfelprat.com\\\/ca\\\/noticies\\\/el-rcgep-presenta-su-exclusiva-oferta-turistica-de-golf-en-la-feria-de-golf-igtm\\\/#breadcrumb\"},\"inLanguage\":\"ca\",\"potentialAction\":[{\"@type\":\"ReadAction\",\"target\":[\"https:\\\/\\\/www.realclubdegolfelprat.com\\\/ca\\\/noticies\\\/el-rcgep-presenta-su-exclusiva-oferta-turistica-de-golf-en-la-feria-de-golf-igtm\\\/\"]}]},{\"@type\":\"ImageObject\",\"inLanguage\":\"ca\",\"@id\":\"https:\\\/\\\/www.realclubdegolfelprat.com\\\/ca\\\/noticies\\\/el-rcgep-presenta-su-exclusiva-oferta-turistica-de-golf-en-la-feria-de-golf-igtm\\\/#primaryimage\",\"url\":\"https:\\\/\\\/www.realclubdegolfelprat.com\\\/wp-content\\\/uploads\\\/2023\\\/02\\\/Imagen-Festival.png\",\"contentUrl\":\"https:\\\/\\\/www.realclubdegolfelprat.com\\\/wp-content\\\/uploads\\\/2023\\\/02\\\/Imagen-Festival.png\",\"width\":960,\"height\":720},{\"@type\":\"BreadcrumbList\",\"@id\":\"https:\\\/\\\/www.realclubdegolfelprat.com\\\/ca\\\/noticies\\\/el-rcgep-presenta-su-exclusiva-oferta-turistica-de-golf-en-la-feria-de-golf-igtm\\\/#breadcrumb\",\"itemListElement\":[{\"@type\":\"ListItem\",\"position\":1,\"name\":\"Portada\",\"item\":\"https:\\\/\\\/www.realclubdegolfelprat.com\\\/ca\\\/\"},{\"@type\":\"ListItem\",\"position\":2,\"name\":\"El RCGEP presenta su exclusiva oferta tur\u00edstica de golf en la feria de golf IGTM\"}]},{\"@type\":\"WebSite\",\"@id\":\"https:\\\/\\\/www.realclubdegolfelprat.com\\\/ca\\\/#website\",\"url\":\"https:\\\/\\\/www.realclubdegolfelprat.com\\\/ca\\\/\",\"name\":\"Real Club de Golf El Prat - Barcelona\",\"description\":\"Tu club de golf en Barcelona\",\"publisher\":{\"@id\":\"https:\\\/\\\/www.realclubdegolfelprat.com\\\/ca\\\/#organization\"},\"potentialAction\":[{\"@type\":\"SearchAction\",\"target\":{\"@type\":\"EntryPoint\",\"urlTemplate\":\"https:\\\/\\\/www.realclubdegolfelprat.com\\\/ca\\\/?s={search_term_string}\"},\"query-input\":{\"@type\":\"PropertyValueSpecification\",\"valueRequired\":true,\"valueName\":\"search_term_string\"}}],\"inLanguage\":\"ca\"},{\"@type\":\"Organization\",\"@id\":\"https:\\\/\\\/www.realclubdegolfelprat.com\\\/ca\\\/#organization\",\"name\":\"Real Club de Golf El Prat - Barcelona\",\"url\":\"https:\\\/\\\/www.realclubdegolfelprat.com\\\/ca\\\/\",\"logo\":{\"@type\":\"ImageObject\",\"inLanguage\":\"ca\",\"@id\":\"https:\\\/\\\/www.realclubdegolfelprat.com\\\/ca\\\/#\\\/schema\\\/logo\\\/image\\\/\",\"url\":\"https:\\\/\\\/www.realclubdegolfelprat.com\\\/wp-content\\\/uploads\\\/2023\\\/03\\\/logo-rcgep-color-120-95.png\",\"contentUrl\":\"https:\\\/\\\/www.realclubdegolfelprat.com\\\/wp-content\\\/uploads\\\/2023\\\/03\\\/logo-rcgep-color-120-95.png\",\"width\":120,\"height\":95,\"caption\":\"Real Club de Golf El Prat - Barcelona\"},\"image\":{\"@id\":\"https:\\\/\\\/www.realclubdegolfelprat.com\\\/ca\\\/#\\\/schema\\\/logo\\\/image\\\/\"},\"sameAs\":[\"https:\\\/\\\/www.facebook.com\\\/golfelprat\",\"https:\\\/\\\/x.com\\\/golfelprat\",\"https:\\\/\\\/www.linkedin.com\\\/company\\\/rcgep\",\"https:\\\/\\\/www.youtube.com\\\/user\\\/realclubdegolfelprat\",\"https:\\\/\\\/www.instagram.com\\\/golfelprat\\\/\"]},{\"@type\":\"Person\",\"@id\":\"https:\\\/\\\/www.realclubdegolfelprat.com\\\/ca\\\/#\\\/schema\\\/person\\\/b415ffa96e273d60f598cdf97ca795a8\",\"name\":\"Raquel Castillero Maturana\",\"image\":{\"@type\":\"ImageObject\",\"inLanguage\":\"ca\",\"@id\":\"https:\\\/\\\/secure.gravatar.com\\\/avatar\\\/91350e08b4fc5a2ee91f45c6465d2fc3ac13334bcb7d7242c5c020039a476b4c?s=96&d=mm&r=g\",\"url\":\"https:\\\/\\\/secure.gravatar.com\\\/avatar\\\/91350e08b4fc5a2ee91f45c6465d2fc3ac13334bcb7d7242c5c020039a476b4c?s=96&d=mm&r=g\",\"contentUrl\":\"https:\\\/\\\/secure.gravatar.com\\\/avatar\\\/91350e08b4fc5a2ee91f45c6465d2fc3ac13334bcb7d7242c5c020039a476b4c?s=96&d=mm&r=g\",\"caption\":\"Raquel Castillero Maturana\"}}]}<\/script>\n<!-- \/ Yoast SEO plugin. -->","yoast_head_json":{"title":"RCGEP presenta su oferta de turismo de golf en la feria IGTM","description":"El Real Club de Golf El Prat ha participado en la International Golf Travel Market y ha dado a conocer su exclusiva oferta tur\u00edstica de golf.","robots":{"index":"index","follow":"follow","max-snippet":"max-snippet:-1","max-image-preview":"max-image-preview:large","max-video-preview":"max-video-preview:-1"},"canonical":"https:\/\/www.realclubdegolfelprat.com\/ca\/noticies\/el-rcgep-presenta-su-exclusiva-oferta-turistica-de-golf-en-la-feria-de-golf-igtm\/","og_locale":"ca_ES","og_type":"article","og_title":"RCGEP presenta su oferta de turismo de golf en la feria IGTM","og_description":"El Real Club de Golf El Prat ha participado en la International Golf Travel Market y ha dado a conocer su exclusiva oferta tur\u00edstica de golf.","og_url":"https:\/\/www.realclubdegolfelprat.com\/ca\/noticies\/el-rcgep-presenta-su-exclusiva-oferta-turistica-de-golf-en-la-feria-de-golf-igtm\/","og_site_name":"Real Club de Golf El Prat - Barcelona","article_publisher":"https:\/\/www.facebook.com\/golfelprat","article_published_time":"2022-11-04T13:38:40+00:00","article_modified_time":"2024-10-06T23:29:27+00:00","og_image":[{"width":960,"height":720,"url":"https:\/\/www.realclubdegolfelprat.com\/wp-content\/uploads\/2023\/02\/Imagen-Festival.png","type":"image\/png"}],"author":"Raquel Castillero Maturana","twitter_card":"summary_large_image","twitter_creator":"@golfelprat","twitter_site":"@golfelprat","twitter_misc":{"Escrit per":"Raquel Castillero Maturana","Temps estimat de lectura":"2 minuts"},"schema":{"@context":"https:\/\/schema.org","@graph":[{"@type":"Article","@id":"https:\/\/www.realclubdegolfelprat.com\/ca\/noticies\/el-rcgep-presenta-su-exclusiva-oferta-turistica-de-golf-en-la-feria-de-golf-igtm\/#article","isPartOf":{"@id":"https:\/\/www.realclubdegolfelprat.com\/ca\/noticies\/el-rcgep-presenta-su-exclusiva-oferta-turistica-de-golf-en-la-feria-de-golf-igtm\/"},"author":{"name":"Raquel Castillero Maturana","@id":"https:\/\/www.realclubdegolfelprat.com\/ca\/#\/schema\/person\/b415ffa96e273d60f598cdf97ca795a8"},"headline":"El RCGEP presenta su exclusiva oferta tur\u00edstica de golf en la feria de golf IGTM","datePublished":"2022-11-04T13:38:40+00:00","dateModified":"2024-10-06T23:29:27+00:00","mainEntityOfPage":{"@id":"https:\/\/www.realclubdegolfelprat.com\/ca\/noticies\/el-rcgep-presenta-su-exclusiva-oferta-turistica-de-golf-en-la-feria-de-golf-igtm\/"},"wordCount":370,"publisher":{"@id":"https:\/\/www.realclubdegolfelprat.com\/ca\/#organization"},"image":{"@id":"https:\/\/www.realclubdegolfelprat.com\/ca\/noticies\/el-rcgep-presenta-su-exclusiva-oferta-turistica-de-golf-en-la-feria-de-golf-igtm\/#primaryimage"},"thumbnailUrl":"https:\/\/www.realclubdegolfelprat.com\/wp-content\/uploads\/2023\/02\/Imagen-Festival.png","keywords":["barcelona","Barcelona Golf Destination","feria golf","golf","golf el prat","igtm","real club golf el prat","turismo golf","turismo golf\u00edstico"],"articleSection":["Not\u00edcies"],"inLanguage":"ca"},{"@type":"WebPage","@id":"https:\/\/www.realclubdegolfelprat.com\/ca\/noticies\/el-rcgep-presenta-su-exclusiva-oferta-turistica-de-golf-en-la-feria-de-golf-igtm\/","url":"https:\/\/www.realclubdegolfelprat.com\/ca\/noticies\/el-rcgep-presenta-su-exclusiva-oferta-turistica-de-golf-en-la-feria-de-golf-igtm\/","name":"RCGEP presenta su oferta de turismo de golf en la feria IGTM","isPartOf":{"@id":"https:\/\/www.realclubdegolfelprat.com\/ca\/#website"},"primaryImageOfPage":{"@id":"https:\/\/www.realclubdegolfelprat.com\/ca\/noticies\/el-rcgep-presenta-su-exclusiva-oferta-turistica-de-golf-en-la-feria-de-golf-igtm\/#primaryimage"},"image":{"@id":"https:\/\/www.realclubdegolfelprat.com\/ca\/noticies\/el-rcgep-presenta-su-exclusiva-oferta-turistica-de-golf-en-la-feria-de-golf-igtm\/#primaryimage"},"thumbnailUrl":"https:\/\/www.realclubdegolfelprat.com\/wp-content\/uploads\/2023\/02\/Imagen-Festival.png","datePublished":"2022-11-04T13:38:40+00:00","dateModified":"2024-10-06T23:29:27+00:00","description":"El Real Club de Golf El Prat ha participado en la International Golf Travel Market y ha dado a conocer su exclusiva oferta tur\u00edstica de golf.","breadcrumb":{"@id":"https:\/\/www.realclubdegolfelprat.com\/ca\/noticies\/el-rcgep-presenta-su-exclusiva-oferta-turistica-de-golf-en-la-feria-de-golf-igtm\/#breadcrumb"},"inLanguage":"ca","potentialAction":[{"@type":"ReadAction","target":["https:\/\/www.realclubdegolfelprat.com\/ca\/noticies\/el-rcgep-presenta-su-exclusiva-oferta-turistica-de-golf-en-la-feria-de-golf-igtm\/"]}]},{"@type":"ImageObject","inLanguage":"ca","@id":"https:\/\/www.realclubdegolfelprat.com\/ca\/noticies\/el-rcgep-presenta-su-exclusiva-oferta-turistica-de-golf-en-la-feria-de-golf-igtm\/#primaryimage","url":"https:\/\/www.realclubdegolfelprat.com\/wp-content\/uploads\/2023\/02\/Imagen-Festival.png","contentUrl":"https:\/\/www.realclubdegolfelprat.com\/wp-content\/uploads\/2023\/02\/Imagen-Festival.png","width":960,"height":720},{"@type":"BreadcrumbList","@id":"https:\/\/www.realclubdegolfelprat.com\/ca\/noticies\/el-rcgep-presenta-su-exclusiva-oferta-turistica-de-golf-en-la-feria-de-golf-igtm\/#breadcrumb","itemListElement":[{"@type":"ListItem","position":1,"name":"Portada","item":"https:\/\/www.realclubdegolfelprat.com\/ca\/"},{"@type":"ListItem","position":2,"name":"El RCGEP presenta su exclusiva oferta tur\u00edstica de golf en la feria de golf IGTM"}]},{"@type":"WebSite","@id":"https:\/\/www.realclubdegolfelprat.com\/ca\/#website","url":"https:\/\/www.realclubdegolfelprat.com\/ca\/","name":"Real Club de Golf El Prat - Barcelona","description":"Tu club de golf en Barcelona","publisher":{"@id":"https:\/\/www.realclubdegolfelprat.com\/ca\/#organization"},"potentialAction":[{"@type":"SearchAction","target":{"@type":"EntryPoint","urlTemplate":"https:\/\/www.realclubdegolfelprat.com\/ca\/?s={search_term_string}"},"query-input":{"@type":"PropertyValueSpecification","valueRequired":true,"valueName":"search_term_string"}}],"inLanguage":"ca"},{"@type":"Organization","@id":"https:\/\/www.realclubdegolfelprat.com\/ca\/#organization","name":"Real Club de Golf El Prat - Barcelona","url":"https:\/\/www.realclubdegolfelprat.com\/ca\/","logo":{"@type":"ImageObject","inLanguage":"ca","@id":"https:\/\/www.realclubdegolfelprat.com\/ca\/#\/schema\/logo\/image\/","url":"https:\/\/www.realclubdegolfelprat.com\/wp-content\/uploads\/2023\/03\/logo-rcgep-color-120-95.png","contentUrl":"https:\/\/www.realclubdegolfelprat.com\/wp-content\/uploads\/2023\/03\/logo-rcgep-color-120-95.png","width":120,"height":95,"caption":"Real Club de Golf El Prat - Barcelona"},"image":{"@id":"https:\/\/www.realclubdegolfelprat.com\/ca\/#\/schema\/logo\/image\/"},"sameAs":["https:\/\/www.facebook.com\/golfelprat","https:\/\/x.com\/golfelprat","https:\/\/www.linkedin.com\/company\/rcgep","https:\/\/www.youtube.com\/user\/realclubdegolfelprat","https:\/\/www.instagram.com\/golfelprat\/"]},{"@type":"Person","@id":"https:\/\/www.realclubdegolfelprat.com\/ca\/#\/schema\/person\/b415ffa96e273d60f598cdf97ca795a8","name":"Raquel Castillero Maturana","image":{"@type":"ImageObject","inLanguage":"ca","@id":"https:\/\/secure.gravatar.com\/avatar\/91350e08b4fc5a2ee91f45c6465d2fc3ac13334bcb7d7242c5c020039a476b4c?s=96&d=mm&r=g","url":"https:\/\/secure.gravatar.com\/avatar\/91350e08b4fc5a2ee91f45c6465d2fc3ac13334bcb7d7242c5c020039a476b4c?s=96&d=mm&r=g","contentUrl":"https:\/\/secure.gravatar.com\/avatar\/91350e08b4fc5a2ee91f45c6465d2fc3ac13334bcb7d7242c5c020039a476b4c?s=96&d=mm&r=g","caption":"Raquel Castillero Maturana"}}]}},"_links":{"self":[{"href":"https:\/\/www.realclubdegolfelprat.com\/ca\/wp-json\/wp\/v2\/posts\/179042","targetHints":{"allow":["GET"]}}],"collection":[{"href":"https:\/\/www.realclubdegolfelprat.com\/ca\/wp-json\/wp\/v2\/posts"}],"about":[{"href":"https:\/\/www.realclubdegolfelprat.com\/ca\/wp-json\/wp\/v2\/types\/post"}],"author":[{"embeddable":true,"href":"https:\/\/www.realclubdegolfelprat.com\/ca\/wp-json\/wp\/v2\/users\/3"}],"replies":[{"embeddable":true,"href":"https:\/\/www.realclubdegolfelprat.com\/ca\/wp-json\/wp\/v2\/comments?post=179042"}],"version-history":[{"count":1,"href":"https:\/\/www.realclubdegolfelprat.com\/ca\/wp-json\/wp\/v2\/posts\/179042\/revisions"}],"predecessor-version":[{"id":179044,"href":"https:\/\/www.realclubdegolfelprat.com\/ca\/wp-json\/wp\/v2\/posts\/179042\/revisions\/179044"}],"wp:featuredmedia":[{"embeddable":true,"href":"https:\/\/www.realclubdegolfelprat.com\/ca\/wp-json\/wp\/v2\/media\/179043"}],"wp:attachment":[{"href":"https:\/\/www.realclubdegolfelprat.com\/ca\/wp-json\/wp\/v2\/media?parent=179042"}],"wp:term":[{"taxonomy":"category","embeddable":true,"href":"https:\/\/www.realclubdegolfelprat.com\/ca\/wp-json\/wp\/v2\/categories?post=179042"},{"taxonomy":"post_tag","embeddable":true,"href":"https:\/\/www.realclubdegolfelprat.com\/ca\/wp-json\/wp\/v2\/tags?post=179042"}],"curies":[{"name":"wp","href":"https:\/\/api.w.org\/{rel}","templated":true}]}}