{"id":179062,"date":"2022-09-14T16:03:56","date_gmt":"2022-09-14T16:03:56","guid":{"rendered":"https:\/\/new.rcgep.com\/sin-categoria\/fin-de-semana-de-exitos-para-el-real-club-de-golf-el-prat\/"},"modified":"2025-03-11T23:14:41","modified_gmt":"2025-03-11T23:14:41","slug":"fin-de-semana-de-exitos-para-el-real-club-de-golf-el-prat","status":"publish","type":"post","link":"https:\/\/www.realclubdegolfelprat.com\/ca\/noticies\/fin-de-semana-de-exitos-para-el-real-club-de-golf-el-prat\/","title":{"rendered":"FIN DE SEMANA DE \u00c9XITOS PARA EL REAL CLUB DE GOLF EL PRAT"},"content":{"rendered":"<div class=\"wpb-content-wrapper\"><p>[vc_row][vc_column][vc_custom_heading source=&#8221;post_title&#8221; font_container=&#8221;tag:h1|text_align:left&#8221; el_class=&#8221;post-title-news&#8221;][vc_separator align=&#8221;align_left&#8221; border_width=&#8221;2&#8243; el_width=&#8221;10&#8243; el_class=&#8221;post-title-news-line&#8221;][\/vc_column][\/vc_row][vc_row][vc_column][vc_column_text]El domingo 11 de septiembre Catalunya se proclam\u00f3 campeona del <strong>Interauton\u00f3mico Sub16 Femenino<\/strong> disputado en el campo pontevedr\u00e9s de Balneario de Mond\u00e1riz tras derrotar en la final a la Comunidad Valenciana por 3,5 a 1,5.<\/p>\n<p>La victoria catalana ya se forj\u00f3 en los duelos de foursome cuando Marina Joyce y Alejandra Vidal, por un lado, y Anna Ca\u00f1ad\u00f3 y Claudia Lara, por otro, se impusieron por 2,1 a sus rivales valencianas.<\/p>\n<p>Con el marcador 2-0, en los individuales hab\u00eda que rematar el trabajo realizado para llevarse un gran triunfo. Aunque Comunidad Valenciana recort\u00f3 la diferencia en el primer individual con victoria de Balma D\u00e1valos ante Alexandra Vidal, Anna Ca\u00f1ad\u00f3 sell\u00f3 la victoria en el \u00faltimo enfrentamiento tras superar a Cloe Ami\u00f3n por 3\/2. Mientras, Marina Joyce cerraba con un empate su duelo.<\/p>\n<p>Una vez m\u00e1s, las j\u00f3venes jugadoras del RCGP Anna Ca\u00f1ad\u00f3 y Claudia Lara, junto con sus compa\u00f1eras de la <a href=\"https:\/\/www.catgolf.com\/es\"><strong>FCGolf<\/strong><\/a>, demostraron su talento llevando el primer oro a Catalunya en el Interauton\u00f3mico Sub16 Femenino.<\/p>\n<p>La <a href=\"https:\/\/www.realclubdegolfelprat.com\/servicios\/escuela-de-golf-el-prat\"><strong>Escuela RCGP <\/strong><\/a>sigui\u00f3 sumando \u00e9xitos el mismo fin de semana en el <strong>Campeonato de Catalunya Match Play Sub16<\/strong> celebrado el domingo 11 de septiembre en Golf Costa Daurada.<\/p>\n<p>En esta modalidad de eliminatorias directas, nuestro socio Pablo Garc\u00eda se proclam\u00f3 campe\u00f3n cadete. En categor\u00eda Infantil cabe mencionar a Xavi Yag\u00fce como segundo clasificado.<\/p>\n<figure id=\"attachment_105396\" aria-describedby=\"caption-attachment-105396\" style=\"width: 756px\" class=\"wp-caption aligncenter\"><img loading=\"lazy\" decoding=\"async\" class=\"wp-image-105396 size-large\" src=\"https:\/\/www.realclubdegolfelprat.com\/wp-content\/uploads\/2022\/09\/Pablo-Garcia-1024x768.jpg\" alt=\"\" width=\"756\" height=\"567\" \/><figcaption id=\"caption-attachment-105396\" class=\"wp-caption-text\">Pablo Garc\u00eda, campe\u00f3n cadete del Catalunya Match Play Sub16<\/figcaption><\/figure>\n<p>La lista de socios ganadores que se forman en la escuela infantil y juvenil del<a href=\"https:\/\/www.realclubdegolfelprat.com\/ca\/\"><strong> Real Club de Golf El Prat<\/strong><\/a> no termina aqu\u00ed. En Alevines femenino, la campeona de Catalunya Match Play Sub16 es Lola Cabanes junto con Laura Albi\u00f1ana en segunda posici\u00f3n.<\/p>\n<figure id=\"attachment_105399\" aria-describedby=\"caption-attachment-105399\" style=\"width: 756px\" class=\"wp-caption aligncenter\"><img loading=\"lazy\" decoding=\"async\" class=\"wp-image-105399 size-large\" src=\"https:\/\/www.realclubdegolfelprat.com\/wp-content\/uploads\/2022\/09\/Lola-Cabanes-1024x768.jpg\" alt=\"\" width=\"756\" height=\"567\" \/><figcaption id=\"caption-attachment-105399\" class=\"wp-caption-text\">Lola Cabanes y Laura Albi\u00f1ana en el Catalunya Match Play Sub16<\/figcaption><\/figure>\n<p>[\/vc_column_text][\/vc_column][\/vc_row]<\/p>\n<\/div>","protected":false},"excerpt":{"rendered":"<p>[vc_row][vc_column][vc_custom_heading source=&#8221;post_title&#8221; font_container=&#8221;tag:h1|text_align:left&#8221; el_class=&#8221;post-title-news&#8221;][vc_separator align=&#8221;align_left&#8221; border_width=&#8221;2&#8243; el_width=&#8221;10&#8243; el_class=&#8221;post-title-news-line&#8221;][\/vc_column][\/vc_row][vc_row][vc_column][vc_column_text]El domingo 11 de septiembre Catalunya se proclam\u00f3 campeona del Interauton\u00f3mico Sub16 Femenino disputado en el campo pontevedr\u00e9s de Balneario de Mond\u00e1riz tras derrotar en la final a la Comunidad Valenciana por 3,5 a 1,5. La victoria catalana ya se forj\u00f3 en los duelos de foursome cuando Marina [&hellip;]<\/p>\n","protected":false},"author":3,"featured_media":179063,"comment_status":"closed","ping_status":"closed","sticky":false,"template":"","format":"standard","meta":{"_acf_changed":false,"footnotes":""},"categories":[258],"tags":[],"class_list":["post-179062","post","type-post","status-publish","format-standard","has-post-thumbnail","hentry","category-noticies"],"acf":[],"yoast_head":"<!-- This site is optimized with the Yoast SEO plugin v27.4 - https:\/\/yoast.com\/product\/yoast-seo-wordpress\/ -->\n<title>FIN DE SEMANA DE \u00c9XITOS PARA EL REAL CLUB DE GOLF EL PRAT - Real Club de Golf El Prat - Barcelona<\/title>\n<meta name=\"description\" content=\"El domingo 11 de septiembre Catalunya se proclam\u00f3 campeona del Interauton\u00f3mico Sub16 Femenino.\" \/>\n<meta name=\"robots\" content=\"index, follow, max-snippet:-1, max-image-preview:large, max-video-preview:-1\" \/>\n<link rel=\"canonical\" href=\"https:\/\/www.realclubdegolfelprat.com\/ca\/noticies\/fin-de-semana-de-exitos-para-el-real-club-de-golf-el-prat\/\" \/>\n<meta property=\"og:locale\" content=\"ca_ES\" \/>\n<meta property=\"og:type\" content=\"article\" \/>\n<meta property=\"og:title\" content=\"FIN DE SEMANA DE \u00c9XITOS PARA EL REAL CLUB DE GOLF EL PRAT - Real Club de Golf El Prat - Barcelona\" \/>\n<meta property=\"og:description\" content=\"El domingo 11 de septiembre Catalunya se proclam\u00f3 campeona del Interauton\u00f3mico Sub16 Femenino.\" \/>\n<meta property=\"og:url\" content=\"https:\/\/www.realclubdegolfelprat.com\/ca\/noticies\/fin-de-semana-de-exitos-para-el-real-club-de-golf-el-prat\/\" \/>\n<meta property=\"og:site_name\" content=\"Real Club de Golf El Prat - Barcelona\" \/>\n<meta property=\"article:publisher\" content=\"https:\/\/www.facebook.com\/golfelprat\" \/>\n<meta property=\"article:published_time\" content=\"2022-09-14T16:03:56+00:00\" \/>\n<meta property=\"article:modified_time\" content=\"2025-03-11T23:14:41+00:00\" \/>\n<meta property=\"og:image\" content=\"https:\/\/www.realclubdegolfelprat.com\/wp-content\/uploads\/2022\/09\/Cataluna-inaugura-el-palmares-del-Campeonato-de-Espana-de-FFAA-Sub16-Femenino.jpg\" \/>\n\t<meta property=\"og:image:width\" content=\"696\" \/>\n\t<meta property=\"og:image:height\" content=\"432\" \/>\n\t<meta property=\"og:image:type\" content=\"image\/jpeg\" \/>\n<meta name=\"author\" content=\"Raquel Castillero Maturana\" \/>\n<meta name=\"twitter:card\" content=\"summary_large_image\" \/>\n<meta name=\"twitter:creator\" content=\"@golfelprat\" \/>\n<meta name=\"twitter:site\" content=\"@golfelprat\" \/>\n<meta name=\"twitter:label1\" content=\"Escrit per\" \/>\n\t<meta name=\"twitter:data1\" content=\"Raquel Castillero Maturana\" \/>\n\t<meta name=\"twitter:label2\" content=\"Temps estimat de lectura\" \/>\n\t<meta name=\"twitter:data2\" content=\"2 minuts\" \/>\n<script type=\"application\/ld+json\" class=\"yoast-schema-graph\">{\"@context\":\"https:\\\/\\\/schema.org\",\"@graph\":[{\"@type\":\"Article\",\"@id\":\"https:\\\/\\\/www.realclubdegolfelprat.com\\\/ca\\\/noticies\\\/fin-de-semana-de-exitos-para-el-real-club-de-golf-el-prat\\\/#article\",\"isPartOf\":{\"@id\":\"https:\\\/\\\/www.realclubdegolfelprat.com\\\/ca\\\/noticies\\\/fin-de-semana-de-exitos-para-el-real-club-de-golf-el-prat\\\/\"},\"author\":{\"name\":\"Raquel Castillero Maturana\",\"@id\":\"https:\\\/\\\/www.realclubdegolfelprat.com\\\/ca\\\/#\\\/schema\\\/person\\\/b415ffa96e273d60f598cdf97ca795a8\"},\"headline\":\"FIN DE SEMANA DE \u00c9XITOS PARA EL REAL CLUB DE GOLF EL PRAT\",\"datePublished\":\"2022-09-14T16:03:56+00:00\",\"dateModified\":\"2025-03-11T23:14:41+00:00\",\"mainEntityOfPage\":{\"@id\":\"https:\\\/\\\/www.realclubdegolfelprat.com\\\/ca\\\/noticies\\\/fin-de-semana-de-exitos-para-el-real-club-de-golf-el-prat\\\/\"},\"wordCount\":377,\"publisher\":{\"@id\":\"https:\\\/\\\/www.realclubdegolfelprat.com\\\/ca\\\/#organization\"},\"image\":{\"@id\":\"https:\\\/\\\/www.realclubdegolfelprat.com\\\/ca\\\/noticies\\\/fin-de-semana-de-exitos-para-el-real-club-de-golf-el-prat\\\/#primaryimage\"},\"thumbnailUrl\":\"https:\\\/\\\/www.realclubdegolfelprat.com\\\/wp-content\\\/uploads\\\/2022\\\/09\\\/Cataluna-inaugura-el-palmares-del-Campeonato-de-Espana-de-FFAA-Sub16-Femenino.jpg\",\"articleSection\":[\"Not\u00edcies\"],\"inLanguage\":\"ca\"},{\"@type\":\"WebPage\",\"@id\":\"https:\\\/\\\/www.realclubdegolfelprat.com\\\/ca\\\/noticies\\\/fin-de-semana-de-exitos-para-el-real-club-de-golf-el-prat\\\/\",\"url\":\"https:\\\/\\\/www.realclubdegolfelprat.com\\\/ca\\\/noticies\\\/fin-de-semana-de-exitos-para-el-real-club-de-golf-el-prat\\\/\",\"name\":\"FIN DE SEMANA DE \u00c9XITOS PARA EL REAL CLUB DE GOLF EL PRAT - Real Club de Golf El Prat - Barcelona\",\"isPartOf\":{\"@id\":\"https:\\\/\\\/www.realclubdegolfelprat.com\\\/ca\\\/#website\"},\"primaryImageOfPage\":{\"@id\":\"https:\\\/\\\/www.realclubdegolfelprat.com\\\/ca\\\/noticies\\\/fin-de-semana-de-exitos-para-el-real-club-de-golf-el-prat\\\/#primaryimage\"},\"image\":{\"@id\":\"https:\\\/\\\/www.realclubdegolfelprat.com\\\/ca\\\/noticies\\\/fin-de-semana-de-exitos-para-el-real-club-de-golf-el-prat\\\/#primaryimage\"},\"thumbnailUrl\":\"https:\\\/\\\/www.realclubdegolfelprat.com\\\/wp-content\\\/uploads\\\/2022\\\/09\\\/Cataluna-inaugura-el-palmares-del-Campeonato-de-Espana-de-FFAA-Sub16-Femenino.jpg\",\"datePublished\":\"2022-09-14T16:03:56+00:00\",\"dateModified\":\"2025-03-11T23:14:41+00:00\",\"description\":\"El domingo 11 de septiembre Catalunya se proclam\u00f3 campeona del Interauton\u00f3mico Sub16 Femenino.\",\"breadcrumb\":{\"@id\":\"https:\\\/\\\/www.realclubdegolfelprat.com\\\/ca\\\/noticies\\\/fin-de-semana-de-exitos-para-el-real-club-de-golf-el-prat\\\/#breadcrumb\"},\"inLanguage\":\"ca\",\"potentialAction\":[{\"@type\":\"ReadAction\",\"target\":[\"https:\\\/\\\/www.realclubdegolfelprat.com\\\/ca\\\/noticies\\\/fin-de-semana-de-exitos-para-el-real-club-de-golf-el-prat\\\/\"]}]},{\"@type\":\"ImageObject\",\"inLanguage\":\"ca\",\"@id\":\"https:\\\/\\\/www.realclubdegolfelprat.com\\\/ca\\\/noticies\\\/fin-de-semana-de-exitos-para-el-real-club-de-golf-el-prat\\\/#primaryimage\",\"url\":\"https:\\\/\\\/www.realclubdegolfelprat.com\\\/wp-content\\\/uploads\\\/2022\\\/09\\\/Cataluna-inaugura-el-palmares-del-Campeonato-de-Espana-de-FFAA-Sub16-Femenino.jpg\",\"contentUrl\":\"https:\\\/\\\/www.realclubdegolfelprat.com\\\/wp-content\\\/uploads\\\/2022\\\/09\\\/Cataluna-inaugura-el-palmares-del-Campeonato-de-Espana-de-FFAA-Sub16-Femenino.jpg\",\"width\":696,\"height\":432},{\"@type\":\"BreadcrumbList\",\"@id\":\"https:\\\/\\\/www.realclubdegolfelprat.com\\\/ca\\\/noticies\\\/fin-de-semana-de-exitos-para-el-real-club-de-golf-el-prat\\\/#breadcrumb\",\"itemListElement\":[{\"@type\":\"ListItem\",\"position\":1,\"name\":\"Portada\",\"item\":\"https:\\\/\\\/www.realclubdegolfelprat.com\\\/ca\\\/\"},{\"@type\":\"ListItem\",\"position\":2,\"name\":\"FIN DE SEMANA DE \u00c9XITOS PARA EL REAL CLUB DE GOLF EL PRAT\"}]},{\"@type\":\"WebSite\",\"@id\":\"https:\\\/\\\/www.realclubdegolfelprat.com\\\/ca\\\/#website\",\"url\":\"https:\\\/\\\/www.realclubdegolfelprat.com\\\/ca\\\/\",\"name\":\"Real Club de Golf El Prat - Barcelona\",\"description\":\"Tu club de golf en Barcelona\",\"publisher\":{\"@id\":\"https:\\\/\\\/www.realclubdegolfelprat.com\\\/ca\\\/#organization\"},\"potentialAction\":[{\"@type\":\"SearchAction\",\"target\":{\"@type\":\"EntryPoint\",\"urlTemplate\":\"https:\\\/\\\/www.realclubdegolfelprat.com\\\/ca\\\/?s={search_term_string}\"},\"query-input\":{\"@type\":\"PropertyValueSpecification\",\"valueRequired\":true,\"valueName\":\"search_term_string\"}}],\"inLanguage\":\"ca\"},{\"@type\":\"Organization\",\"@id\":\"https:\\\/\\\/www.realclubdegolfelprat.com\\\/ca\\\/#organization\",\"name\":\"Real Club de Golf El Prat - Barcelona\",\"url\":\"https:\\\/\\\/www.realclubdegolfelprat.com\\\/ca\\\/\",\"logo\":{\"@type\":\"ImageObject\",\"inLanguage\":\"ca\",\"@id\":\"https:\\\/\\\/www.realclubdegolfelprat.com\\\/ca\\\/#\\\/schema\\\/logo\\\/image\\\/\",\"url\":\"https:\\\/\\\/www.realclubdegolfelprat.com\\\/wp-content\\\/uploads\\\/2023\\\/03\\\/logo-rcgep-color-120-95.png\",\"contentUrl\":\"https:\\\/\\\/www.realclubdegolfelprat.com\\\/wp-content\\\/uploads\\\/2023\\\/03\\\/logo-rcgep-color-120-95.png\",\"width\":120,\"height\":95,\"caption\":\"Real Club de Golf El Prat - Barcelona\"},\"image\":{\"@id\":\"https:\\\/\\\/www.realclubdegolfelprat.com\\\/ca\\\/#\\\/schema\\\/logo\\\/image\\\/\"},\"sameAs\":[\"https:\\\/\\\/www.facebook.com\\\/golfelprat\",\"https:\\\/\\\/x.com\\\/golfelprat\",\"https:\\\/\\\/www.linkedin.com\\\/company\\\/rcgep\",\"https:\\\/\\\/www.youtube.com\\\/user\\\/realclubdegolfelprat\",\"https:\\\/\\\/www.instagram.com\\\/golfelprat\\\/\"]},{\"@type\":\"Person\",\"@id\":\"https:\\\/\\\/www.realclubdegolfelprat.com\\\/ca\\\/#\\\/schema\\\/person\\\/b415ffa96e273d60f598cdf97ca795a8\",\"name\":\"Raquel Castillero Maturana\",\"image\":{\"@type\":\"ImageObject\",\"inLanguage\":\"ca\",\"@id\":\"https:\\\/\\\/secure.gravatar.com\\\/avatar\\\/91350e08b4fc5a2ee91f45c6465d2fc3ac13334bcb7d7242c5c020039a476b4c?s=96&d=mm&r=g\",\"url\":\"https:\\\/\\\/secure.gravatar.com\\\/avatar\\\/91350e08b4fc5a2ee91f45c6465d2fc3ac13334bcb7d7242c5c020039a476b4c?s=96&d=mm&r=g\",\"contentUrl\":\"https:\\\/\\\/secure.gravatar.com\\\/avatar\\\/91350e08b4fc5a2ee91f45c6465d2fc3ac13334bcb7d7242c5c020039a476b4c?s=96&d=mm&r=g\",\"caption\":\"Raquel Castillero Maturana\"}}]}<\/script>\n<!-- \/ Yoast SEO plugin. -->","yoast_head_json":{"title":"FIN DE SEMANA DE \u00c9XITOS PARA EL REAL CLUB DE GOLF EL PRAT - Real Club de Golf El Prat - Barcelona","description":"El domingo 11 de septiembre Catalunya se proclam\u00f3 campeona del Interauton\u00f3mico Sub16 Femenino.","robots":{"index":"index","follow":"follow","max-snippet":"max-snippet:-1","max-image-preview":"max-image-preview:large","max-video-preview":"max-video-preview:-1"},"canonical":"https:\/\/www.realclubdegolfelprat.com\/ca\/noticies\/fin-de-semana-de-exitos-para-el-real-club-de-golf-el-prat\/","og_locale":"ca_ES","og_type":"article","og_title":"FIN DE SEMANA DE \u00c9XITOS PARA EL REAL CLUB DE GOLF EL PRAT - Real Club de Golf El Prat - Barcelona","og_description":"El domingo 11 de septiembre Catalunya se proclam\u00f3 campeona del Interauton\u00f3mico Sub16 Femenino.","og_url":"https:\/\/www.realclubdegolfelprat.com\/ca\/noticies\/fin-de-semana-de-exitos-para-el-real-club-de-golf-el-prat\/","og_site_name":"Real Club de Golf El Prat - Barcelona","article_publisher":"https:\/\/www.facebook.com\/golfelprat","article_published_time":"2022-09-14T16:03:56+00:00","article_modified_time":"2025-03-11T23:14:41+00:00","og_image":[{"width":696,"height":432,"url":"https:\/\/www.realclubdegolfelprat.com\/wp-content\/uploads\/2022\/09\/Cataluna-inaugura-el-palmares-del-Campeonato-de-Espana-de-FFAA-Sub16-Femenino.jpg","type":"image\/jpeg"}],"author":"Raquel Castillero Maturana","twitter_card":"summary_large_image","twitter_creator":"@golfelprat","twitter_site":"@golfelprat","twitter_misc":{"Escrit per":"Raquel Castillero Maturana","Temps estimat de lectura":"2 minuts"},"schema":{"@context":"https:\/\/schema.org","@graph":[{"@type":"Article","@id":"https:\/\/www.realclubdegolfelprat.com\/ca\/noticies\/fin-de-semana-de-exitos-para-el-real-club-de-golf-el-prat\/#article","isPartOf":{"@id":"https:\/\/www.realclubdegolfelprat.com\/ca\/noticies\/fin-de-semana-de-exitos-para-el-real-club-de-golf-el-prat\/"},"author":{"name":"Raquel Castillero Maturana","@id":"https:\/\/www.realclubdegolfelprat.com\/ca\/#\/schema\/person\/b415ffa96e273d60f598cdf97ca795a8"},"headline":"FIN DE SEMANA DE \u00c9XITOS PARA EL REAL CLUB DE GOLF EL PRAT","datePublished":"2022-09-14T16:03:56+00:00","dateModified":"2025-03-11T23:14:41+00:00","mainEntityOfPage":{"@id":"https:\/\/www.realclubdegolfelprat.com\/ca\/noticies\/fin-de-semana-de-exitos-para-el-real-club-de-golf-el-prat\/"},"wordCount":377,"publisher":{"@id":"https:\/\/www.realclubdegolfelprat.com\/ca\/#organization"},"image":{"@id":"https:\/\/www.realclubdegolfelprat.com\/ca\/noticies\/fin-de-semana-de-exitos-para-el-real-club-de-golf-el-prat\/#primaryimage"},"thumbnailUrl":"https:\/\/www.realclubdegolfelprat.com\/wp-content\/uploads\/2022\/09\/Cataluna-inaugura-el-palmares-del-Campeonato-de-Espana-de-FFAA-Sub16-Femenino.jpg","articleSection":["Not\u00edcies"],"inLanguage":"ca"},{"@type":"WebPage","@id":"https:\/\/www.realclubdegolfelprat.com\/ca\/noticies\/fin-de-semana-de-exitos-para-el-real-club-de-golf-el-prat\/","url":"https:\/\/www.realclubdegolfelprat.com\/ca\/noticies\/fin-de-semana-de-exitos-para-el-real-club-de-golf-el-prat\/","name":"FIN DE SEMANA DE \u00c9XITOS PARA EL REAL CLUB DE GOLF EL PRAT - Real Club de Golf El Prat - Barcelona","isPartOf":{"@id":"https:\/\/www.realclubdegolfelprat.com\/ca\/#website"},"primaryImageOfPage":{"@id":"https:\/\/www.realclubdegolfelprat.com\/ca\/noticies\/fin-de-semana-de-exitos-para-el-real-club-de-golf-el-prat\/#primaryimage"},"image":{"@id":"https:\/\/www.realclubdegolfelprat.com\/ca\/noticies\/fin-de-semana-de-exitos-para-el-real-club-de-golf-el-prat\/#primaryimage"},"thumbnailUrl":"https:\/\/www.realclubdegolfelprat.com\/wp-content\/uploads\/2022\/09\/Cataluna-inaugura-el-palmares-del-Campeonato-de-Espana-de-FFAA-Sub16-Femenino.jpg","datePublished":"2022-09-14T16:03:56+00:00","dateModified":"2025-03-11T23:14:41+00:00","description":"El domingo 11 de septiembre Catalunya se proclam\u00f3 campeona del Interauton\u00f3mico Sub16 Femenino.","breadcrumb":{"@id":"https:\/\/www.realclubdegolfelprat.com\/ca\/noticies\/fin-de-semana-de-exitos-para-el-real-club-de-golf-el-prat\/#breadcrumb"},"inLanguage":"ca","potentialAction":[{"@type":"ReadAction","target":["https:\/\/www.realclubdegolfelprat.com\/ca\/noticies\/fin-de-semana-de-exitos-para-el-real-club-de-golf-el-prat\/"]}]},{"@type":"ImageObject","inLanguage":"ca","@id":"https:\/\/www.realclubdegolfelprat.com\/ca\/noticies\/fin-de-semana-de-exitos-para-el-real-club-de-golf-el-prat\/#primaryimage","url":"https:\/\/www.realclubdegolfelprat.com\/wp-content\/uploads\/2022\/09\/Cataluna-inaugura-el-palmares-del-Campeonato-de-Espana-de-FFAA-Sub16-Femenino.jpg","contentUrl":"https:\/\/www.realclubdegolfelprat.com\/wp-content\/uploads\/2022\/09\/Cataluna-inaugura-el-palmares-del-Campeonato-de-Espana-de-FFAA-Sub16-Femenino.jpg","width":696,"height":432},{"@type":"BreadcrumbList","@id":"https:\/\/www.realclubdegolfelprat.com\/ca\/noticies\/fin-de-semana-de-exitos-para-el-real-club-de-golf-el-prat\/#breadcrumb","itemListElement":[{"@type":"ListItem","position":1,"name":"Portada","item":"https:\/\/www.realclubdegolfelprat.com\/ca\/"},{"@type":"ListItem","position":2,"name":"FIN DE SEMANA DE \u00c9XITOS PARA EL REAL CLUB DE GOLF EL PRAT"}]},{"@type":"WebSite","@id":"https:\/\/www.realclubdegolfelprat.com\/ca\/#website","url":"https:\/\/www.realclubdegolfelprat.com\/ca\/","name":"Real Club de Golf El Prat - Barcelona","description":"Tu club de golf en Barcelona","publisher":{"@id":"https:\/\/www.realclubdegolfelprat.com\/ca\/#organization"},"potentialAction":[{"@type":"SearchAction","target":{"@type":"EntryPoint","urlTemplate":"https:\/\/www.realclubdegolfelprat.com\/ca\/?s={search_term_string}"},"query-input":{"@type":"PropertyValueSpecification","valueRequired":true,"valueName":"search_term_string"}}],"inLanguage":"ca"},{"@type":"Organization","@id":"https:\/\/www.realclubdegolfelprat.com\/ca\/#organization","name":"Real Club de Golf El Prat - Barcelona","url":"https:\/\/www.realclubdegolfelprat.com\/ca\/","logo":{"@type":"ImageObject","inLanguage":"ca","@id":"https:\/\/www.realclubdegolfelprat.com\/ca\/#\/schema\/logo\/image\/","url":"https:\/\/www.realclubdegolfelprat.com\/wp-content\/uploads\/2023\/03\/logo-rcgep-color-120-95.png","contentUrl":"https:\/\/www.realclubdegolfelprat.com\/wp-content\/uploads\/2023\/03\/logo-rcgep-color-120-95.png","width":120,"height":95,"caption":"Real Club de Golf El Prat - Barcelona"},"image":{"@id":"https:\/\/www.realclubdegolfelprat.com\/ca\/#\/schema\/logo\/image\/"},"sameAs":["https:\/\/www.facebook.com\/golfelprat","https:\/\/x.com\/golfelprat","https:\/\/www.linkedin.com\/company\/rcgep","https:\/\/www.youtube.com\/user\/realclubdegolfelprat","https:\/\/www.instagram.com\/golfelprat\/"]},{"@type":"Person","@id":"https:\/\/www.realclubdegolfelprat.com\/ca\/#\/schema\/person\/b415ffa96e273d60f598cdf97ca795a8","name":"Raquel Castillero Maturana","image":{"@type":"ImageObject","inLanguage":"ca","@id":"https:\/\/secure.gravatar.com\/avatar\/91350e08b4fc5a2ee91f45c6465d2fc3ac13334bcb7d7242c5c020039a476b4c?s=96&d=mm&r=g","url":"https:\/\/secure.gravatar.com\/avatar\/91350e08b4fc5a2ee91f45c6465d2fc3ac13334bcb7d7242c5c020039a476b4c?s=96&d=mm&r=g","contentUrl":"https:\/\/secure.gravatar.com\/avatar\/91350e08b4fc5a2ee91f45c6465d2fc3ac13334bcb7d7242c5c020039a476b4c?s=96&d=mm&r=g","caption":"Raquel Castillero Maturana"}}]}},"_links":{"self":[{"href":"https:\/\/www.realclubdegolfelprat.com\/ca\/wp-json\/wp\/v2\/posts\/179062","targetHints":{"allow":["GET"]}}],"collection":[{"href":"https:\/\/www.realclubdegolfelprat.com\/ca\/wp-json\/wp\/v2\/posts"}],"about":[{"href":"https:\/\/www.realclubdegolfelprat.com\/ca\/wp-json\/wp\/v2\/types\/post"}],"author":[{"embeddable":true,"href":"https:\/\/www.realclubdegolfelprat.com\/ca\/wp-json\/wp\/v2\/users\/3"}],"replies":[{"embeddable":true,"href":"https:\/\/www.realclubdegolfelprat.com\/ca\/wp-json\/wp\/v2\/comments?post=179062"}],"version-history":[{"count":1,"href":"https:\/\/www.realclubdegolfelprat.com\/ca\/wp-json\/wp\/v2\/posts\/179062\/revisions"}],"predecessor-version":[{"id":179064,"href":"https:\/\/www.realclubdegolfelprat.com\/ca\/wp-json\/wp\/v2\/posts\/179062\/revisions\/179064"}],"wp:featuredmedia":[{"embeddable":true,"href":"https:\/\/www.realclubdegolfelprat.com\/ca\/wp-json\/wp\/v2\/media\/179063"}],"wp:attachment":[{"href":"https:\/\/www.realclubdegolfelprat.com\/ca\/wp-json\/wp\/v2\/media?parent=179062"}],"wp:term":[{"taxonomy":"category","embeddable":true,"href":"https:\/\/www.realclubdegolfelprat.com\/ca\/wp-json\/wp\/v2\/categories?post=179062"},{"taxonomy":"post_tag","embeddable":true,"href":"https:\/\/www.realclubdegolfelprat.com\/ca\/wp-json\/wp\/v2\/tags?post=179062"}],"curies":[{"name":"wp","href":"https:\/\/api.w.org\/{rel}","templated":true}]}}