{"id":179076,"date":"2022-05-27T12:38:37","date_gmt":"2022-05-27T12:38:37","guid":{"rendered":"https:\/\/new.rcgep.com\/sin-categoria\/la-copa-de-solheim-cup-visito-el-club\/"},"modified":"2025-03-11T23:16:24","modified_gmt":"2025-03-11T23:16:24","slug":"la-copa-de-solheim-cup-visito-el-club","status":"publish","type":"post","link":"https:\/\/www.realclubdegolfelprat.com\/ca\/noticies\/la-copa-de-solheim-cup-visito-el-club\/","title":{"rendered":"LA COPA DE SOLHEIM CUP VISIT\u00d3 EL CLUB"},"content":{"rendered":"<div class=\"wpb-content-wrapper\"><p>[vc_row][vc_column][vc_custom_heading source=&#8221;post_title&#8221; font_container=&#8221;tag:h1|text_align:left&#8221; el_class=&#8221;post-title-news&#8221;][vc_separator align=&#8221;align_left&#8221; border_width=&#8221;2&#8243; el_width=&#8221;10&#8243; el_class=&#8221;post-title-news-line&#8221;][\/vc_column][\/vc_row][vc_row][vc_column][vc_column_text]La copa original de la Solheim Cup 2023 ya ha iniciado su viaje por Espa\u00f1a y el 9 de mayo lleg\u00f3 al <a href=\"https:\/\/www.realclubdegolfelprat.com\/ca\/\">Real Club de Golf El Prat<\/a>.<\/p>\n<p>El evento fue un \u00e9xito con el principal objetivo de dar a conocer el golf y el torneo entre los aficionados y los que a\u00fan no lo son.<\/p>\n<h3>Presentaci\u00f3n Copa Solheim Cup<\/h3>\n<p>A las 12h, la profesional y socia de Club, Mireia Prat, y la amateur del momento, Anna Ca\u00f1ad\u00f3, han tra\u00eddo la copa <a href=\"https:\/\/solheimcup2023.eu\/\">Solheim Cup<\/a> hasta la entrada del Club. All\u00ed, las mujeres del Club estaban uniformadas con los colores de la Solheim Cup (azul\u00f3n y blanco) para recibir y acompa\u00f1ar la copa hasta su pedestal.<\/p>\n<p>Seguidamente, el Presidente del Real Club de Golf El Prat, Pancho Schr\u00f6der, ha transmitido el orgullo que siente el Club de ser embajador del torneo y recibir la copa en Barcelona para poder fomentar el torneo femenino. Lo mismo el vicepresidente de la Federaci\u00f3n Catalana de Golf, Alejandro Andreu, qui\u00e9n tendr\u00e1 la copa en la sede de la federaci\u00f3n la semana que viene para que los federados puedan visitarla.<\/p>\n<p>Nuria Araquistain, embajadora de la Solheim Cup del Real Club de Golf El Prat, anima a todos los aficionados a apoyar esta competici\u00f3n y al golf femenino, y para ello, ha organizado un itinerario m\u00e1s que extenso por la ciudad de Barcelona.<\/p>\n<p>Para finalizar el encuentro, varios deportistas de diferentes modalidades han acudido al encuentro donde las profesionales Paula Mart\u00ed, qui\u00e9n ha sido jugadora de la Solheim Cup, Camilla Hedberg y Mireia Prat han dado un cl\u00ednic de golf. Los deportistas han disfrutado de la jornada y han visto la belleza y dificultad de este deporte: Ander Mirambell (skeleton), Ainhoa L\u00f3pez (B\u00e1squet) Irina Rodriguez (nataci\u00f3n sincronizada), David Alegre, Pol Amat\u00a0y Pau Quemada (hockey hierba), y Joan Verd\u00fa y Joan Capdevila (F\u00fatbol).<\/p>\n<p>&nbsp;<\/p>\n<h3>\u00a1Hasta pronto!<\/h3>\n<p>La copa sigui\u00f3 el camino por Barcelona hasta el d\u00eda 14, que se fue a su siguiente destino donde la labor de dar a conocer el evento de golf femenino m\u00e1s importante del mundo seguir\u00e1. A nivel local y personal, tambi\u00e9n se puede apoyar la Solheim Cup 2023 subiendo fotos en las redes sociales y usando los hastags: #vamosgirls #solheimcup2023 #golfelprat #bestgolfcourseinbarcelona . Y es que la fiesta, no ha hecho m\u00e1s que empezar.[\/vc_column_text][\/vc_column][\/vc_row]<\/p>\n<\/div>","protected":false},"excerpt":{"rendered":"<p>[vc_row][vc_column][vc_custom_heading source=&#8221;post_title&#8221; font_container=&#8221;tag:h1|text_align:left&#8221; el_class=&#8221;post-title-news&#8221;][vc_separator align=&#8221;align_left&#8221; border_width=&#8221;2&#8243; el_width=&#8221;10&#8243; el_class=&#8221;post-title-news-line&#8221;][\/vc_column][\/vc_row][vc_row][vc_column][vc_column_text]La copa original de la Solheim Cup 2023 ya ha iniciado su viaje por Espa\u00f1a y el 9 de mayo lleg\u00f3 al Real Club de Golf El Prat. El evento fue un \u00e9xito con el principal objetivo de dar a conocer el golf y el torneo entre los [&hellip;]<\/p>\n","protected":false},"author":3,"featured_media":179077,"comment_status":"closed","ping_status":"closed","sticky":false,"template":"","format":"standard","meta":{"_acf_changed":false,"footnotes":""},"categories":[258],"tags":[],"class_list":["post-179076","post","type-post","status-publish","format-standard","has-post-thumbnail","hentry","category-noticies"],"acf":[],"yoast_head":"<!-- This site is optimized with the Yoast SEO plugin v27.4 - https:\/\/yoast.com\/product\/yoast-seo-wordpress\/ -->\n<title>LA COPA DE SOLHEIM CUP VISIT\u00d3 EL CLUB - Real Club de Golf El Prat - Barcelona<\/title>\n<meta name=\"description\" content=\"La copa original de la Solheim Cup 2023 ya ha iniciado su viaje por Espa\u00f1a y el 9 de mayo lleg\u00f3 al Real Club de Golf El Prat.\" \/>\n<meta name=\"robots\" content=\"index, follow, max-snippet:-1, max-image-preview:large, max-video-preview:-1\" \/>\n<link rel=\"canonical\" href=\"https:\/\/www.realclubdegolfelprat.com\/ca\/noticies\/la-copa-de-solheim-cup-visito-el-club\/\" \/>\n<meta property=\"og:locale\" content=\"ca_ES\" \/>\n<meta property=\"og:type\" content=\"article\" \/>\n<meta property=\"og:title\" content=\"LA COPA DE SOLHEIM CUP VISIT\u00d3 EL CLUB - Real Club de Golf El Prat - Barcelona\" \/>\n<meta property=\"og:description\" content=\"La copa original de la Solheim Cup 2023 ya ha iniciado su viaje por Espa\u00f1a y el 9 de mayo lleg\u00f3 al Real Club de Golf El Prat.\" \/>\n<meta property=\"og:url\" content=\"https:\/\/www.realclubdegolfelprat.com\/ca\/noticies\/la-copa-de-solheim-cup-visito-el-club\/\" \/>\n<meta property=\"og:site_name\" content=\"Real Club de Golf El Prat - Barcelona\" \/>\n<meta property=\"article:publisher\" content=\"https:\/\/www.facebook.com\/golfelprat\" \/>\n<meta property=\"article:published_time\" content=\"2022-05-27T12:38:37+00:00\" \/>\n<meta property=\"article:modified_time\" content=\"2025-03-11T23:16:24+00:00\" \/>\n<meta property=\"og:image\" content=\"https:\/\/www.realclubdegolfelprat.com\/wp-content\/uploads\/2022\/05\/solheim-cup.jpeg\" \/>\n\t<meta property=\"og:image:width\" content=\"1310\" \/>\n\t<meta property=\"og:image:height\" content=\"873\" \/>\n\t<meta property=\"og:image:type\" content=\"image\/jpeg\" \/>\n<meta name=\"author\" content=\"Raquel Castillero Maturana\" \/>\n<meta name=\"twitter:card\" content=\"summary_large_image\" \/>\n<meta name=\"twitter:creator\" content=\"@golfelprat\" \/>\n<meta name=\"twitter:site\" content=\"@golfelprat\" \/>\n<meta name=\"twitter:label1\" content=\"Escrit per\" \/>\n\t<meta name=\"twitter:data1\" content=\"Raquel Castillero Maturana\" \/>\n\t<meta name=\"twitter:label2\" content=\"Temps estimat de lectura\" \/>\n\t<meta name=\"twitter:data2\" content=\"2 minuts\" \/>\n<script type=\"application\/ld+json\" class=\"yoast-schema-graph\">{\"@context\":\"https:\\\/\\\/schema.org\",\"@graph\":[{\"@type\":\"Article\",\"@id\":\"https:\\\/\\\/www.realclubdegolfelprat.com\\\/ca\\\/noticies\\\/la-copa-de-solheim-cup-visito-el-club\\\/#article\",\"isPartOf\":{\"@id\":\"https:\\\/\\\/www.realclubdegolfelprat.com\\\/ca\\\/noticies\\\/la-copa-de-solheim-cup-visito-el-club\\\/\"},\"author\":{\"name\":\"Raquel Castillero Maturana\",\"@id\":\"https:\\\/\\\/www.realclubdegolfelprat.com\\\/ca\\\/#\\\/schema\\\/person\\\/b415ffa96e273d60f598cdf97ca795a8\"},\"headline\":\"LA COPA DE SOLHEIM CUP VISIT\u00d3 EL CLUB\",\"datePublished\":\"2022-05-27T12:38:37+00:00\",\"dateModified\":\"2025-03-11T23:16:24+00:00\",\"mainEntityOfPage\":{\"@id\":\"https:\\\/\\\/www.realclubdegolfelprat.com\\\/ca\\\/noticies\\\/la-copa-de-solheim-cup-visito-el-club\\\/\"},\"wordCount\":459,\"publisher\":{\"@id\":\"https:\\\/\\\/www.realclubdegolfelprat.com\\\/ca\\\/#organization\"},\"image\":{\"@id\":\"https:\\\/\\\/www.realclubdegolfelprat.com\\\/ca\\\/noticies\\\/la-copa-de-solheim-cup-visito-el-club\\\/#primaryimage\"},\"thumbnailUrl\":\"https:\\\/\\\/www.realclubdegolfelprat.com\\\/wp-content\\\/uploads\\\/2022\\\/05\\\/solheim-cup.jpeg\",\"articleSection\":[\"Not\u00edcies\"],\"inLanguage\":\"ca\"},{\"@type\":\"WebPage\",\"@id\":\"https:\\\/\\\/www.realclubdegolfelprat.com\\\/ca\\\/noticies\\\/la-copa-de-solheim-cup-visito-el-club\\\/\",\"url\":\"https:\\\/\\\/www.realclubdegolfelprat.com\\\/ca\\\/noticies\\\/la-copa-de-solheim-cup-visito-el-club\\\/\",\"name\":\"LA COPA DE SOLHEIM CUP VISIT\u00d3 EL CLUB - Real Club de Golf El Prat - Barcelona\",\"isPartOf\":{\"@id\":\"https:\\\/\\\/www.realclubdegolfelprat.com\\\/ca\\\/#website\"},\"primaryImageOfPage\":{\"@id\":\"https:\\\/\\\/www.realclubdegolfelprat.com\\\/ca\\\/noticies\\\/la-copa-de-solheim-cup-visito-el-club\\\/#primaryimage\"},\"image\":{\"@id\":\"https:\\\/\\\/www.realclubdegolfelprat.com\\\/ca\\\/noticies\\\/la-copa-de-solheim-cup-visito-el-club\\\/#primaryimage\"},\"thumbnailUrl\":\"https:\\\/\\\/www.realclubdegolfelprat.com\\\/wp-content\\\/uploads\\\/2022\\\/05\\\/solheim-cup.jpeg\",\"datePublished\":\"2022-05-27T12:38:37+00:00\",\"dateModified\":\"2025-03-11T23:16:24+00:00\",\"description\":\"La copa original de la Solheim Cup 2023 ya ha iniciado su viaje por Espa\u00f1a y el 9 de mayo lleg\u00f3 al Real Club de Golf El Prat.\",\"breadcrumb\":{\"@id\":\"https:\\\/\\\/www.realclubdegolfelprat.com\\\/ca\\\/noticies\\\/la-copa-de-solheim-cup-visito-el-club\\\/#breadcrumb\"},\"inLanguage\":\"ca\",\"potentialAction\":[{\"@type\":\"ReadAction\",\"target\":[\"https:\\\/\\\/www.realclubdegolfelprat.com\\\/ca\\\/noticies\\\/la-copa-de-solheim-cup-visito-el-club\\\/\"]}]},{\"@type\":\"ImageObject\",\"inLanguage\":\"ca\",\"@id\":\"https:\\\/\\\/www.realclubdegolfelprat.com\\\/ca\\\/noticies\\\/la-copa-de-solheim-cup-visito-el-club\\\/#primaryimage\",\"url\":\"https:\\\/\\\/www.realclubdegolfelprat.com\\\/wp-content\\\/uploads\\\/2022\\\/05\\\/solheim-cup.jpeg\",\"contentUrl\":\"https:\\\/\\\/www.realclubdegolfelprat.com\\\/wp-content\\\/uploads\\\/2022\\\/05\\\/solheim-cup.jpeg\",\"width\":1310,\"height\":873},{\"@type\":\"BreadcrumbList\",\"@id\":\"https:\\\/\\\/www.realclubdegolfelprat.com\\\/ca\\\/noticies\\\/la-copa-de-solheim-cup-visito-el-club\\\/#breadcrumb\",\"itemListElement\":[{\"@type\":\"ListItem\",\"position\":1,\"name\":\"Portada\",\"item\":\"https:\\\/\\\/www.realclubdegolfelprat.com\\\/ca\\\/\"},{\"@type\":\"ListItem\",\"position\":2,\"name\":\"LA COPA DE SOLHEIM CUP VISIT\u00d3 EL CLUB\"}]},{\"@type\":\"WebSite\",\"@id\":\"https:\\\/\\\/www.realclubdegolfelprat.com\\\/ca\\\/#website\",\"url\":\"https:\\\/\\\/www.realclubdegolfelprat.com\\\/ca\\\/\",\"name\":\"Real Club de Golf El Prat - Barcelona\",\"description\":\"Tu club de golf en Barcelona\",\"publisher\":{\"@id\":\"https:\\\/\\\/www.realclubdegolfelprat.com\\\/ca\\\/#organization\"},\"potentialAction\":[{\"@type\":\"SearchAction\",\"target\":{\"@type\":\"EntryPoint\",\"urlTemplate\":\"https:\\\/\\\/www.realclubdegolfelprat.com\\\/ca\\\/?s={search_term_string}\"},\"query-input\":{\"@type\":\"PropertyValueSpecification\",\"valueRequired\":true,\"valueName\":\"search_term_string\"}}],\"inLanguage\":\"ca\"},{\"@type\":\"Organization\",\"@id\":\"https:\\\/\\\/www.realclubdegolfelprat.com\\\/ca\\\/#organization\",\"name\":\"Real Club de Golf El Prat - Barcelona\",\"url\":\"https:\\\/\\\/www.realclubdegolfelprat.com\\\/ca\\\/\",\"logo\":{\"@type\":\"ImageObject\",\"inLanguage\":\"ca\",\"@id\":\"https:\\\/\\\/www.realclubdegolfelprat.com\\\/ca\\\/#\\\/schema\\\/logo\\\/image\\\/\",\"url\":\"https:\\\/\\\/www.realclubdegolfelprat.com\\\/wp-content\\\/uploads\\\/2023\\\/03\\\/logo-rcgep-color-120-95.png\",\"contentUrl\":\"https:\\\/\\\/www.realclubdegolfelprat.com\\\/wp-content\\\/uploads\\\/2023\\\/03\\\/logo-rcgep-color-120-95.png\",\"width\":120,\"height\":95,\"caption\":\"Real Club de Golf El Prat - Barcelona\"},\"image\":{\"@id\":\"https:\\\/\\\/www.realclubdegolfelprat.com\\\/ca\\\/#\\\/schema\\\/logo\\\/image\\\/\"},\"sameAs\":[\"https:\\\/\\\/www.facebook.com\\\/golfelprat\",\"https:\\\/\\\/x.com\\\/golfelprat\",\"https:\\\/\\\/www.linkedin.com\\\/company\\\/rcgep\",\"https:\\\/\\\/www.youtube.com\\\/user\\\/realclubdegolfelprat\",\"https:\\\/\\\/www.instagram.com\\\/golfelprat\\\/\"]},{\"@type\":\"Person\",\"@id\":\"https:\\\/\\\/www.realclubdegolfelprat.com\\\/ca\\\/#\\\/schema\\\/person\\\/b415ffa96e273d60f598cdf97ca795a8\",\"name\":\"Raquel Castillero Maturana\",\"image\":{\"@type\":\"ImageObject\",\"inLanguage\":\"ca\",\"@id\":\"https:\\\/\\\/secure.gravatar.com\\\/avatar\\\/91350e08b4fc5a2ee91f45c6465d2fc3ac13334bcb7d7242c5c020039a476b4c?s=96&d=mm&r=g\",\"url\":\"https:\\\/\\\/secure.gravatar.com\\\/avatar\\\/91350e08b4fc5a2ee91f45c6465d2fc3ac13334bcb7d7242c5c020039a476b4c?s=96&d=mm&r=g\",\"contentUrl\":\"https:\\\/\\\/secure.gravatar.com\\\/avatar\\\/91350e08b4fc5a2ee91f45c6465d2fc3ac13334bcb7d7242c5c020039a476b4c?s=96&d=mm&r=g\",\"caption\":\"Raquel Castillero Maturana\"}}]}<\/script>\n<!-- \/ Yoast SEO plugin. -->","yoast_head_json":{"title":"LA COPA DE SOLHEIM CUP VISIT\u00d3 EL CLUB - Real Club de Golf El Prat - Barcelona","description":"La copa original de la Solheim Cup 2023 ya ha iniciado su viaje por Espa\u00f1a y el 9 de mayo lleg\u00f3 al Real Club de Golf El Prat.","robots":{"index":"index","follow":"follow","max-snippet":"max-snippet:-1","max-image-preview":"max-image-preview:large","max-video-preview":"max-video-preview:-1"},"canonical":"https:\/\/www.realclubdegolfelprat.com\/ca\/noticies\/la-copa-de-solheim-cup-visito-el-club\/","og_locale":"ca_ES","og_type":"article","og_title":"LA COPA DE SOLHEIM CUP VISIT\u00d3 EL CLUB - Real Club de Golf El Prat - Barcelona","og_description":"La copa original de la Solheim Cup 2023 ya ha iniciado su viaje por Espa\u00f1a y el 9 de mayo lleg\u00f3 al Real Club de Golf El Prat.","og_url":"https:\/\/www.realclubdegolfelprat.com\/ca\/noticies\/la-copa-de-solheim-cup-visito-el-club\/","og_site_name":"Real Club de Golf El Prat - Barcelona","article_publisher":"https:\/\/www.facebook.com\/golfelprat","article_published_time":"2022-05-27T12:38:37+00:00","article_modified_time":"2025-03-11T23:16:24+00:00","og_image":[{"width":1310,"height":873,"url":"https:\/\/www.realclubdegolfelprat.com\/wp-content\/uploads\/2022\/05\/solheim-cup.jpeg","type":"image\/jpeg"}],"author":"Raquel Castillero Maturana","twitter_card":"summary_large_image","twitter_creator":"@golfelprat","twitter_site":"@golfelprat","twitter_misc":{"Escrit per":"Raquel Castillero Maturana","Temps estimat de lectura":"2 minuts"},"schema":{"@context":"https:\/\/schema.org","@graph":[{"@type":"Article","@id":"https:\/\/www.realclubdegolfelprat.com\/ca\/noticies\/la-copa-de-solheim-cup-visito-el-club\/#article","isPartOf":{"@id":"https:\/\/www.realclubdegolfelprat.com\/ca\/noticies\/la-copa-de-solheim-cup-visito-el-club\/"},"author":{"name":"Raquel Castillero Maturana","@id":"https:\/\/www.realclubdegolfelprat.com\/ca\/#\/schema\/person\/b415ffa96e273d60f598cdf97ca795a8"},"headline":"LA COPA DE SOLHEIM CUP VISIT\u00d3 EL CLUB","datePublished":"2022-05-27T12:38:37+00:00","dateModified":"2025-03-11T23:16:24+00:00","mainEntityOfPage":{"@id":"https:\/\/www.realclubdegolfelprat.com\/ca\/noticies\/la-copa-de-solheim-cup-visito-el-club\/"},"wordCount":459,"publisher":{"@id":"https:\/\/www.realclubdegolfelprat.com\/ca\/#organization"},"image":{"@id":"https:\/\/www.realclubdegolfelprat.com\/ca\/noticies\/la-copa-de-solheim-cup-visito-el-club\/#primaryimage"},"thumbnailUrl":"https:\/\/www.realclubdegolfelprat.com\/wp-content\/uploads\/2022\/05\/solheim-cup.jpeg","articleSection":["Not\u00edcies"],"inLanguage":"ca"},{"@type":"WebPage","@id":"https:\/\/www.realclubdegolfelprat.com\/ca\/noticies\/la-copa-de-solheim-cup-visito-el-club\/","url":"https:\/\/www.realclubdegolfelprat.com\/ca\/noticies\/la-copa-de-solheim-cup-visito-el-club\/","name":"LA COPA DE SOLHEIM CUP VISIT\u00d3 EL CLUB - Real Club de Golf El Prat - Barcelona","isPartOf":{"@id":"https:\/\/www.realclubdegolfelprat.com\/ca\/#website"},"primaryImageOfPage":{"@id":"https:\/\/www.realclubdegolfelprat.com\/ca\/noticies\/la-copa-de-solheim-cup-visito-el-club\/#primaryimage"},"image":{"@id":"https:\/\/www.realclubdegolfelprat.com\/ca\/noticies\/la-copa-de-solheim-cup-visito-el-club\/#primaryimage"},"thumbnailUrl":"https:\/\/www.realclubdegolfelprat.com\/wp-content\/uploads\/2022\/05\/solheim-cup.jpeg","datePublished":"2022-05-27T12:38:37+00:00","dateModified":"2025-03-11T23:16:24+00:00","description":"La copa original de la Solheim Cup 2023 ya ha iniciado su viaje por Espa\u00f1a y el 9 de mayo lleg\u00f3 al Real Club de Golf El Prat.","breadcrumb":{"@id":"https:\/\/www.realclubdegolfelprat.com\/ca\/noticies\/la-copa-de-solheim-cup-visito-el-club\/#breadcrumb"},"inLanguage":"ca","potentialAction":[{"@type":"ReadAction","target":["https:\/\/www.realclubdegolfelprat.com\/ca\/noticies\/la-copa-de-solheim-cup-visito-el-club\/"]}]},{"@type":"ImageObject","inLanguage":"ca","@id":"https:\/\/www.realclubdegolfelprat.com\/ca\/noticies\/la-copa-de-solheim-cup-visito-el-club\/#primaryimage","url":"https:\/\/www.realclubdegolfelprat.com\/wp-content\/uploads\/2022\/05\/solheim-cup.jpeg","contentUrl":"https:\/\/www.realclubdegolfelprat.com\/wp-content\/uploads\/2022\/05\/solheim-cup.jpeg","width":1310,"height":873},{"@type":"BreadcrumbList","@id":"https:\/\/www.realclubdegolfelprat.com\/ca\/noticies\/la-copa-de-solheim-cup-visito-el-club\/#breadcrumb","itemListElement":[{"@type":"ListItem","position":1,"name":"Portada","item":"https:\/\/www.realclubdegolfelprat.com\/ca\/"},{"@type":"ListItem","position":2,"name":"LA COPA DE SOLHEIM CUP VISIT\u00d3 EL CLUB"}]},{"@type":"WebSite","@id":"https:\/\/www.realclubdegolfelprat.com\/ca\/#website","url":"https:\/\/www.realclubdegolfelprat.com\/ca\/","name":"Real Club de Golf El Prat - Barcelona","description":"Tu club de golf en Barcelona","publisher":{"@id":"https:\/\/www.realclubdegolfelprat.com\/ca\/#organization"},"potentialAction":[{"@type":"SearchAction","target":{"@type":"EntryPoint","urlTemplate":"https:\/\/www.realclubdegolfelprat.com\/ca\/?s={search_term_string}"},"query-input":{"@type":"PropertyValueSpecification","valueRequired":true,"valueName":"search_term_string"}}],"inLanguage":"ca"},{"@type":"Organization","@id":"https:\/\/www.realclubdegolfelprat.com\/ca\/#organization","name":"Real Club de Golf El Prat - Barcelona","url":"https:\/\/www.realclubdegolfelprat.com\/ca\/","logo":{"@type":"ImageObject","inLanguage":"ca","@id":"https:\/\/www.realclubdegolfelprat.com\/ca\/#\/schema\/logo\/image\/","url":"https:\/\/www.realclubdegolfelprat.com\/wp-content\/uploads\/2023\/03\/logo-rcgep-color-120-95.png","contentUrl":"https:\/\/www.realclubdegolfelprat.com\/wp-content\/uploads\/2023\/03\/logo-rcgep-color-120-95.png","width":120,"height":95,"caption":"Real Club de Golf El Prat - Barcelona"},"image":{"@id":"https:\/\/www.realclubdegolfelprat.com\/ca\/#\/schema\/logo\/image\/"},"sameAs":["https:\/\/www.facebook.com\/golfelprat","https:\/\/x.com\/golfelprat","https:\/\/www.linkedin.com\/company\/rcgep","https:\/\/www.youtube.com\/user\/realclubdegolfelprat","https:\/\/www.instagram.com\/golfelprat\/"]},{"@type":"Person","@id":"https:\/\/www.realclubdegolfelprat.com\/ca\/#\/schema\/person\/b415ffa96e273d60f598cdf97ca795a8","name":"Raquel Castillero Maturana","image":{"@type":"ImageObject","inLanguage":"ca","@id":"https:\/\/secure.gravatar.com\/avatar\/91350e08b4fc5a2ee91f45c6465d2fc3ac13334bcb7d7242c5c020039a476b4c?s=96&d=mm&r=g","url":"https:\/\/secure.gravatar.com\/avatar\/91350e08b4fc5a2ee91f45c6465d2fc3ac13334bcb7d7242c5c020039a476b4c?s=96&d=mm&r=g","contentUrl":"https:\/\/secure.gravatar.com\/avatar\/91350e08b4fc5a2ee91f45c6465d2fc3ac13334bcb7d7242c5c020039a476b4c?s=96&d=mm&r=g","caption":"Raquel Castillero Maturana"}}]}},"_links":{"self":[{"href":"https:\/\/www.realclubdegolfelprat.com\/ca\/wp-json\/wp\/v2\/posts\/179076","targetHints":{"allow":["GET"]}}],"collection":[{"href":"https:\/\/www.realclubdegolfelprat.com\/ca\/wp-json\/wp\/v2\/posts"}],"about":[{"href":"https:\/\/www.realclubdegolfelprat.com\/ca\/wp-json\/wp\/v2\/types\/post"}],"author":[{"embeddable":true,"href":"https:\/\/www.realclubdegolfelprat.com\/ca\/wp-json\/wp\/v2\/users\/3"}],"replies":[{"embeddable":true,"href":"https:\/\/www.realclubdegolfelprat.com\/ca\/wp-json\/wp\/v2\/comments?post=179076"}],"version-history":[{"count":1,"href":"https:\/\/www.realclubdegolfelprat.com\/ca\/wp-json\/wp\/v2\/posts\/179076\/revisions"}],"predecessor-version":[{"id":179078,"href":"https:\/\/www.realclubdegolfelprat.com\/ca\/wp-json\/wp\/v2\/posts\/179076\/revisions\/179078"}],"wp:featuredmedia":[{"embeddable":true,"href":"https:\/\/www.realclubdegolfelprat.com\/ca\/wp-json\/wp\/v2\/media\/179077"}],"wp:attachment":[{"href":"https:\/\/www.realclubdegolfelprat.com\/ca\/wp-json\/wp\/v2\/media?parent=179076"}],"wp:term":[{"taxonomy":"category","embeddable":true,"href":"https:\/\/www.realclubdegolfelprat.com\/ca\/wp-json\/wp\/v2\/categories?post=179076"},{"taxonomy":"post_tag","embeddable":true,"href":"https:\/\/www.realclubdegolfelprat.com\/ca\/wp-json\/wp\/v2\/tags?post=179076"}],"curies":[{"name":"wp","href":"https:\/\/api.w.org\/{rel}","templated":true}]}}