{"id":179108,"date":"2022-03-21T10:43:30","date_gmt":"2022-03-21T10:43:30","guid":{"rendered":"https:\/\/new.rcgep.com\/sin-categoria\/anna-canado\/"},"modified":"2025-03-11T23:17:35","modified_gmt":"2025-03-11T23:17:35","slug":"anna-canado","status":"publish","type":"post","link":"https:\/\/www.realclubdegolfelprat.com\/ca\/noticies\/anna-canado\/","title":{"rendered":"\u00a1Anna Ca\u00f1ad\u00f3, Campeona de Espa\u00f1a Sub18!"},"content":{"rendered":"<div class=\"wpb-content-wrapper\"><p>[vc_row][vc_column][vc_custom_heading source=&#8221;post_title&#8221; font_container=&#8221;tag:h1|text_align:left&#8221; el_class=&#8221;post-title-news&#8221;][vc_separator align=&#8221;align_left&#8221; border_width=&#8221;2&#8243; el_width=&#8221;10&#8243; el_class=&#8221;post-title-news-line&#8221;][\/vc_column][\/vc_row][vc_row][vc_column][vc_column_text]<\/p>\n<h6>Fotos: Adolfo Juan<\/h6>\n<p>Nuestra socia, Anna Ca\u00f1ad\u00f3, se ha proclamado Campeona de Espa\u00f1a Sub18 Femenino 2022 en el Club de Campo Villa de Madrid que se jug\u00f3 del 17 al 20 de marzo de 2022.<\/p>\n<p>Sin duda ha sido un <a href=\"http:\/\/www.rfegolf.es\/CompetenciaPaginas\/NewsDetails.aspx?NewsId=12355&amp;CompId=14502\">torneo<\/a> emocionante. La anterior campeona, la madrile\u00f1a Andrea Revuelta, jug\u00f3 espectacularmente bien lista para revalidad el t\u00edtulo, pero la \u00faltima jornada le jug\u00f3 una mala pasada. Despu\u00e9s de hacer un triple bogey en el hoyo 12, el liderato se le escapaba ante la presi\u00f3n de Anna.<\/p>\n<p>Anna, por su parte, jug\u00f3 magn\u00edficamente todos los d\u00edas con vueltas muy regulares, y fue en la \u00faltima ronda que firm\u00f3 una tarjeta de 71 golpes, uno por debajo del par. El birdie en el hoyo 17 le dio los \u00e1nimos que necesitaba para luchar por el liderato. Al finalizar los 72 hoyos, las dos jugadoras acabaron empatadas con 286 golpes, dos por debajo del par.<\/p>\n<p>El play off se resolvi\u00f3 r\u00e1pidamente en un solo hoyo ya que Anna hizo par en el hoyo 18 frente al bogey de Andrea haci\u00e9ndose as\u00ed con la copa. Un primer t\u00edtulo de Espa\u00f1a que s\u00f3lo reafirma la gran temporada que empieza y el gran juego de Anna. Es un orgullo para el <a href=\"https:\/\/www.realclubdegolfelprat.com\/ca\/\">Real Club de Golf El Prat<\/a> que Anna nos haya escogido para entrenar y desarrollar su carrera de golf. Tambi\u00e9n felicitamos a otras de nuestras socias que se clasificaron para jugar el Campeonato de Espa\u00f1a Sub18 femenino, una haza\u00f1a en s\u00ed.<\/p>\n<p>\u00a1Enhorabuena Anna, sigue as\u00ed!<\/p>\n<figure id=\"attachment_83907\" aria-describedby=\"caption-attachment-83907\" style=\"width: 300px\" class=\"wp-caption aligncenter\"><img loading=\"lazy\" decoding=\"async\" class=\"wp-image-83907 size-medium\" src=\"https:\/\/www.realclubdegolfelprat.com\/wp-content\/uploads\/2022\/03\/reducida-300x200.jpg\" alt=\"Campeonato de Espa\u00f1a Sub18 femenino socias RCGP\" width=\"300\" height=\"200\" \/><figcaption id=\"caption-attachment-83907\" class=\"wp-caption-text\">Nuestras chicas atentas al reparto de premios<\/figcaption><\/figure>\n<p>[\/vc_column_text][\/vc_column][\/vc_row]<\/p>\n<\/div>","protected":false},"excerpt":{"rendered":"<p>[vc_row][vc_column][vc_custom_heading source=&#8221;post_title&#8221; font_container=&#8221;tag:h1|text_align:left&#8221; el_class=&#8221;post-title-news&#8221;][vc_separator align=&#8221;align_left&#8221; border_width=&#8221;2&#8243; el_width=&#8221;10&#8243; el_class=&#8221;post-title-news-line&#8221;][\/vc_column][\/vc_row][vc_row][vc_column][vc_column_text] Fotos: Adolfo Juan Nuestra socia, Anna Ca\u00f1ad\u00f3, se ha proclamado Campeona de Espa\u00f1a Sub18 Femenino 2022 en el Club de Campo Villa de Madrid que se jug\u00f3 del 17 al 20 de marzo de 2022. Sin duda ha sido un torneo emocionante. La anterior campeona, la madrile\u00f1a [&hellip;]<\/p>\n","protected":false},"author":3,"featured_media":179109,"comment_status":"closed","ping_status":"closed","sticky":false,"template":"","format":"standard","meta":{"_acf_changed":false,"footnotes":""},"categories":[258],"tags":[],"class_list":["post-179108","post","type-post","status-publish","format-standard","has-post-thumbnail","hentry","category-noticies"],"acf":[],"yoast_head":"<!-- This site is optimized with the Yoast SEO plugin v27.4 - https:\/\/yoast.com\/product\/yoast-seo-wordpress\/ -->\n<title>\u00a1Anna Ca\u00f1ad\u00f3, Campeona de Espa\u00f1a Sub18! - Real Club de Golf El Prat - Barcelona<\/title>\n<meta name=\"description\" content=\"Nuestra socia, Anna Ca\u00f1ado, se ha proclamado Campeona de Espa\u00f1a Sub18 Femenino 2022 en el Club de Campo Villa de Madrid.\" \/>\n<meta name=\"robots\" content=\"index, follow, max-snippet:-1, max-image-preview:large, max-video-preview:-1\" \/>\n<link rel=\"canonical\" href=\"https:\/\/www.realclubdegolfelprat.com\/ca\/noticies\/anna-canado\/\" \/>\n<meta property=\"og:locale\" content=\"ca_ES\" \/>\n<meta property=\"og:type\" content=\"article\" \/>\n<meta property=\"og:title\" content=\"\u00a1Anna Ca\u00f1ad\u00f3, Campeona de Espa\u00f1a Sub18! - Real Club de Golf El Prat - Barcelona\" \/>\n<meta property=\"og:description\" content=\"Nuestra socia, Anna Ca\u00f1ado, se ha proclamado Campeona de Espa\u00f1a Sub18 Femenino 2022 en el Club de Campo Villa de Madrid.\" \/>\n<meta property=\"og:url\" content=\"https:\/\/www.realclubdegolfelprat.com\/ca\/noticies\/anna-canado\/\" \/>\n<meta property=\"og:site_name\" content=\"Real Club de Golf El Prat - Barcelona\" \/>\n<meta property=\"article:publisher\" content=\"https:\/\/www.facebook.com\/golfelprat\" \/>\n<meta property=\"article:published_time\" content=\"2022-03-21T10:43:30+00:00\" \/>\n<meta property=\"article:modified_time\" content=\"2025-03-11T23:17:35+00:00\" \/>\n<meta property=\"og:image\" content=\"https:\/\/www.realclubdegolfelprat.com\/wp-content\/uploads\/2022\/03\/ana-canado.jpg\" \/>\n\t<meta property=\"og:image:width\" content=\"1310\" \/>\n\t<meta property=\"og:image:height\" content=\"873\" \/>\n\t<meta property=\"og:image:type\" content=\"image\/jpeg\" \/>\n<meta name=\"author\" content=\"Raquel Castillero Maturana\" \/>\n<meta name=\"twitter:card\" content=\"summary_large_image\" \/>\n<meta name=\"twitter:creator\" content=\"@golfelprat\" \/>\n<meta name=\"twitter:site\" content=\"@golfelprat\" \/>\n<meta name=\"twitter:label1\" content=\"Escrit per\" \/>\n\t<meta name=\"twitter:data1\" content=\"Raquel Castillero Maturana\" \/>\n\t<meta name=\"twitter:label2\" content=\"Temps estimat de lectura\" \/>\n\t<meta name=\"twitter:data2\" content=\"2 minuts\" \/>\n<script type=\"application\/ld+json\" class=\"yoast-schema-graph\">{\"@context\":\"https:\\\/\\\/schema.org\",\"@graph\":[{\"@type\":\"Article\",\"@id\":\"https:\\\/\\\/www.realclubdegolfelprat.com\\\/ca\\\/noticies\\\/anna-canado\\\/#article\",\"isPartOf\":{\"@id\":\"https:\\\/\\\/www.realclubdegolfelprat.com\\\/ca\\\/noticies\\\/anna-canado\\\/\"},\"author\":{\"name\":\"Raquel Castillero Maturana\",\"@id\":\"https:\\\/\\\/www.realclubdegolfelprat.com\\\/ca\\\/#\\\/schema\\\/person\\\/b415ffa96e273d60f598cdf97ca795a8\"},\"headline\":\"\u00a1Anna Ca\u00f1ad\u00f3, Campeona de Espa\u00f1a Sub18!\",\"datePublished\":\"2022-03-21T10:43:30+00:00\",\"dateModified\":\"2025-03-11T23:17:35+00:00\",\"mainEntityOfPage\":{\"@id\":\"https:\\\/\\\/www.realclubdegolfelprat.com\\\/ca\\\/noticies\\\/anna-canado\\\/\"},\"wordCount\":328,\"publisher\":{\"@id\":\"https:\\\/\\\/www.realclubdegolfelprat.com\\\/ca\\\/#organization\"},\"image\":{\"@id\":\"https:\\\/\\\/www.realclubdegolfelprat.com\\\/ca\\\/noticies\\\/anna-canado\\\/#primaryimage\"},\"thumbnailUrl\":\"https:\\\/\\\/www.realclubdegolfelprat.com\\\/wp-content\\\/uploads\\\/2022\\\/03\\\/ana-canado.jpg\",\"articleSection\":[\"Not\u00edcies\"],\"inLanguage\":\"ca\"},{\"@type\":\"WebPage\",\"@id\":\"https:\\\/\\\/www.realclubdegolfelprat.com\\\/ca\\\/noticies\\\/anna-canado\\\/\",\"url\":\"https:\\\/\\\/www.realclubdegolfelprat.com\\\/ca\\\/noticies\\\/anna-canado\\\/\",\"name\":\"\u00a1Anna Ca\u00f1ad\u00f3, Campeona de Espa\u00f1a Sub18! - Real Club de Golf El Prat - Barcelona\",\"isPartOf\":{\"@id\":\"https:\\\/\\\/www.realclubdegolfelprat.com\\\/ca\\\/#website\"},\"primaryImageOfPage\":{\"@id\":\"https:\\\/\\\/www.realclubdegolfelprat.com\\\/ca\\\/noticies\\\/anna-canado\\\/#primaryimage\"},\"image\":{\"@id\":\"https:\\\/\\\/www.realclubdegolfelprat.com\\\/ca\\\/noticies\\\/anna-canado\\\/#primaryimage\"},\"thumbnailUrl\":\"https:\\\/\\\/www.realclubdegolfelprat.com\\\/wp-content\\\/uploads\\\/2022\\\/03\\\/ana-canado.jpg\",\"datePublished\":\"2022-03-21T10:43:30+00:00\",\"dateModified\":\"2025-03-11T23:17:35+00:00\",\"description\":\"Nuestra socia, Anna Ca\u00f1ado, se ha proclamado Campeona de Espa\u00f1a Sub18 Femenino 2022 en el Club de Campo Villa de Madrid.\",\"breadcrumb\":{\"@id\":\"https:\\\/\\\/www.realclubdegolfelprat.com\\\/ca\\\/noticies\\\/anna-canado\\\/#breadcrumb\"},\"inLanguage\":\"ca\",\"potentialAction\":[{\"@type\":\"ReadAction\",\"target\":[\"https:\\\/\\\/www.realclubdegolfelprat.com\\\/ca\\\/noticies\\\/anna-canado\\\/\"]}]},{\"@type\":\"ImageObject\",\"inLanguage\":\"ca\",\"@id\":\"https:\\\/\\\/www.realclubdegolfelprat.com\\\/ca\\\/noticies\\\/anna-canado\\\/#primaryimage\",\"url\":\"https:\\\/\\\/www.realclubdegolfelprat.com\\\/wp-content\\\/uploads\\\/2022\\\/03\\\/ana-canado.jpg\",\"contentUrl\":\"https:\\\/\\\/www.realclubdegolfelprat.com\\\/wp-content\\\/uploads\\\/2022\\\/03\\\/ana-canado.jpg\",\"width\":1310,\"height\":873},{\"@type\":\"BreadcrumbList\",\"@id\":\"https:\\\/\\\/www.realclubdegolfelprat.com\\\/ca\\\/noticies\\\/anna-canado\\\/#breadcrumb\",\"itemListElement\":[{\"@type\":\"ListItem\",\"position\":1,\"name\":\"Portada\",\"item\":\"https:\\\/\\\/www.realclubdegolfelprat.com\\\/ca\\\/\"},{\"@type\":\"ListItem\",\"position\":2,\"name\":\"\u00a1Anna Ca\u00f1ad\u00f3, Campeona de Espa\u00f1a Sub18!\"}]},{\"@type\":\"WebSite\",\"@id\":\"https:\\\/\\\/www.realclubdegolfelprat.com\\\/ca\\\/#website\",\"url\":\"https:\\\/\\\/www.realclubdegolfelprat.com\\\/ca\\\/\",\"name\":\"Real Club de Golf El Prat - Barcelona\",\"description\":\"Tu club de golf en Barcelona\",\"publisher\":{\"@id\":\"https:\\\/\\\/www.realclubdegolfelprat.com\\\/ca\\\/#organization\"},\"potentialAction\":[{\"@type\":\"SearchAction\",\"target\":{\"@type\":\"EntryPoint\",\"urlTemplate\":\"https:\\\/\\\/www.realclubdegolfelprat.com\\\/ca\\\/?s={search_term_string}\"},\"query-input\":{\"@type\":\"PropertyValueSpecification\",\"valueRequired\":true,\"valueName\":\"search_term_string\"}}],\"inLanguage\":\"ca\"},{\"@type\":\"Organization\",\"@id\":\"https:\\\/\\\/www.realclubdegolfelprat.com\\\/ca\\\/#organization\",\"name\":\"Real Club de Golf El Prat - Barcelona\",\"url\":\"https:\\\/\\\/www.realclubdegolfelprat.com\\\/ca\\\/\",\"logo\":{\"@type\":\"ImageObject\",\"inLanguage\":\"ca\",\"@id\":\"https:\\\/\\\/www.realclubdegolfelprat.com\\\/ca\\\/#\\\/schema\\\/logo\\\/image\\\/\",\"url\":\"https:\\\/\\\/www.realclubdegolfelprat.com\\\/wp-content\\\/uploads\\\/2023\\\/03\\\/logo-rcgep-color-120-95.png\",\"contentUrl\":\"https:\\\/\\\/www.realclubdegolfelprat.com\\\/wp-content\\\/uploads\\\/2023\\\/03\\\/logo-rcgep-color-120-95.png\",\"width\":120,\"height\":95,\"caption\":\"Real Club de Golf El Prat - Barcelona\"},\"image\":{\"@id\":\"https:\\\/\\\/www.realclubdegolfelprat.com\\\/ca\\\/#\\\/schema\\\/logo\\\/image\\\/\"},\"sameAs\":[\"https:\\\/\\\/www.facebook.com\\\/golfelprat\",\"https:\\\/\\\/x.com\\\/golfelprat\",\"https:\\\/\\\/www.linkedin.com\\\/company\\\/rcgep\",\"https:\\\/\\\/www.youtube.com\\\/user\\\/realclubdegolfelprat\",\"https:\\\/\\\/www.instagram.com\\\/golfelprat\\\/\"]},{\"@type\":\"Person\",\"@id\":\"https:\\\/\\\/www.realclubdegolfelprat.com\\\/ca\\\/#\\\/schema\\\/person\\\/b415ffa96e273d60f598cdf97ca795a8\",\"name\":\"Raquel Castillero Maturana\",\"image\":{\"@type\":\"ImageObject\",\"inLanguage\":\"ca\",\"@id\":\"https:\\\/\\\/secure.gravatar.com\\\/avatar\\\/91350e08b4fc5a2ee91f45c6465d2fc3ac13334bcb7d7242c5c020039a476b4c?s=96&d=mm&r=g\",\"url\":\"https:\\\/\\\/secure.gravatar.com\\\/avatar\\\/91350e08b4fc5a2ee91f45c6465d2fc3ac13334bcb7d7242c5c020039a476b4c?s=96&d=mm&r=g\",\"contentUrl\":\"https:\\\/\\\/secure.gravatar.com\\\/avatar\\\/91350e08b4fc5a2ee91f45c6465d2fc3ac13334bcb7d7242c5c020039a476b4c?s=96&d=mm&r=g\",\"caption\":\"Raquel Castillero Maturana\"}}]}<\/script>\n<!-- \/ Yoast SEO plugin. -->","yoast_head_json":{"title":"\u00a1Anna Ca\u00f1ad\u00f3, Campeona de Espa\u00f1a Sub18! - Real Club de Golf El Prat - Barcelona","description":"Nuestra socia, Anna Ca\u00f1ado, se ha proclamado Campeona de Espa\u00f1a Sub18 Femenino 2022 en el Club de Campo Villa de Madrid.","robots":{"index":"index","follow":"follow","max-snippet":"max-snippet:-1","max-image-preview":"max-image-preview:large","max-video-preview":"max-video-preview:-1"},"canonical":"https:\/\/www.realclubdegolfelprat.com\/ca\/noticies\/anna-canado\/","og_locale":"ca_ES","og_type":"article","og_title":"\u00a1Anna Ca\u00f1ad\u00f3, Campeona de Espa\u00f1a Sub18! - Real Club de Golf El Prat - Barcelona","og_description":"Nuestra socia, Anna Ca\u00f1ado, se ha proclamado Campeona de Espa\u00f1a Sub18 Femenino 2022 en el Club de Campo Villa de Madrid.","og_url":"https:\/\/www.realclubdegolfelprat.com\/ca\/noticies\/anna-canado\/","og_site_name":"Real Club de Golf El Prat - Barcelona","article_publisher":"https:\/\/www.facebook.com\/golfelprat","article_published_time":"2022-03-21T10:43:30+00:00","article_modified_time":"2025-03-11T23:17:35+00:00","og_image":[{"width":1310,"height":873,"url":"https:\/\/www.realclubdegolfelprat.com\/wp-content\/uploads\/2022\/03\/ana-canado.jpg","type":"image\/jpeg"}],"author":"Raquel Castillero Maturana","twitter_card":"summary_large_image","twitter_creator":"@golfelprat","twitter_site":"@golfelprat","twitter_misc":{"Escrit per":"Raquel Castillero Maturana","Temps estimat de lectura":"2 minuts"},"schema":{"@context":"https:\/\/schema.org","@graph":[{"@type":"Article","@id":"https:\/\/www.realclubdegolfelprat.com\/ca\/noticies\/anna-canado\/#article","isPartOf":{"@id":"https:\/\/www.realclubdegolfelprat.com\/ca\/noticies\/anna-canado\/"},"author":{"name":"Raquel Castillero Maturana","@id":"https:\/\/www.realclubdegolfelprat.com\/ca\/#\/schema\/person\/b415ffa96e273d60f598cdf97ca795a8"},"headline":"\u00a1Anna Ca\u00f1ad\u00f3, Campeona de Espa\u00f1a Sub18!","datePublished":"2022-03-21T10:43:30+00:00","dateModified":"2025-03-11T23:17:35+00:00","mainEntityOfPage":{"@id":"https:\/\/www.realclubdegolfelprat.com\/ca\/noticies\/anna-canado\/"},"wordCount":328,"publisher":{"@id":"https:\/\/www.realclubdegolfelprat.com\/ca\/#organization"},"image":{"@id":"https:\/\/www.realclubdegolfelprat.com\/ca\/noticies\/anna-canado\/#primaryimage"},"thumbnailUrl":"https:\/\/www.realclubdegolfelprat.com\/wp-content\/uploads\/2022\/03\/ana-canado.jpg","articleSection":["Not\u00edcies"],"inLanguage":"ca"},{"@type":"WebPage","@id":"https:\/\/www.realclubdegolfelprat.com\/ca\/noticies\/anna-canado\/","url":"https:\/\/www.realclubdegolfelprat.com\/ca\/noticies\/anna-canado\/","name":"\u00a1Anna Ca\u00f1ad\u00f3, Campeona de Espa\u00f1a Sub18! - Real Club de Golf El Prat - Barcelona","isPartOf":{"@id":"https:\/\/www.realclubdegolfelprat.com\/ca\/#website"},"primaryImageOfPage":{"@id":"https:\/\/www.realclubdegolfelprat.com\/ca\/noticies\/anna-canado\/#primaryimage"},"image":{"@id":"https:\/\/www.realclubdegolfelprat.com\/ca\/noticies\/anna-canado\/#primaryimage"},"thumbnailUrl":"https:\/\/www.realclubdegolfelprat.com\/wp-content\/uploads\/2022\/03\/ana-canado.jpg","datePublished":"2022-03-21T10:43:30+00:00","dateModified":"2025-03-11T23:17:35+00:00","description":"Nuestra socia, Anna Ca\u00f1ado, se ha proclamado Campeona de Espa\u00f1a Sub18 Femenino 2022 en el Club de Campo Villa de Madrid.","breadcrumb":{"@id":"https:\/\/www.realclubdegolfelprat.com\/ca\/noticies\/anna-canado\/#breadcrumb"},"inLanguage":"ca","potentialAction":[{"@type":"ReadAction","target":["https:\/\/www.realclubdegolfelprat.com\/ca\/noticies\/anna-canado\/"]}]},{"@type":"ImageObject","inLanguage":"ca","@id":"https:\/\/www.realclubdegolfelprat.com\/ca\/noticies\/anna-canado\/#primaryimage","url":"https:\/\/www.realclubdegolfelprat.com\/wp-content\/uploads\/2022\/03\/ana-canado.jpg","contentUrl":"https:\/\/www.realclubdegolfelprat.com\/wp-content\/uploads\/2022\/03\/ana-canado.jpg","width":1310,"height":873},{"@type":"BreadcrumbList","@id":"https:\/\/www.realclubdegolfelprat.com\/ca\/noticies\/anna-canado\/#breadcrumb","itemListElement":[{"@type":"ListItem","position":1,"name":"Portada","item":"https:\/\/www.realclubdegolfelprat.com\/ca\/"},{"@type":"ListItem","position":2,"name":"\u00a1Anna Ca\u00f1ad\u00f3, Campeona de Espa\u00f1a Sub18!"}]},{"@type":"WebSite","@id":"https:\/\/www.realclubdegolfelprat.com\/ca\/#website","url":"https:\/\/www.realclubdegolfelprat.com\/ca\/","name":"Real Club de Golf El Prat - Barcelona","description":"Tu club de golf en Barcelona","publisher":{"@id":"https:\/\/www.realclubdegolfelprat.com\/ca\/#organization"},"potentialAction":[{"@type":"SearchAction","target":{"@type":"EntryPoint","urlTemplate":"https:\/\/www.realclubdegolfelprat.com\/ca\/?s={search_term_string}"},"query-input":{"@type":"PropertyValueSpecification","valueRequired":true,"valueName":"search_term_string"}}],"inLanguage":"ca"},{"@type":"Organization","@id":"https:\/\/www.realclubdegolfelprat.com\/ca\/#organization","name":"Real Club de Golf El Prat - Barcelona","url":"https:\/\/www.realclubdegolfelprat.com\/ca\/","logo":{"@type":"ImageObject","inLanguage":"ca","@id":"https:\/\/www.realclubdegolfelprat.com\/ca\/#\/schema\/logo\/image\/","url":"https:\/\/www.realclubdegolfelprat.com\/wp-content\/uploads\/2023\/03\/logo-rcgep-color-120-95.png","contentUrl":"https:\/\/www.realclubdegolfelprat.com\/wp-content\/uploads\/2023\/03\/logo-rcgep-color-120-95.png","width":120,"height":95,"caption":"Real Club de Golf El Prat - Barcelona"},"image":{"@id":"https:\/\/www.realclubdegolfelprat.com\/ca\/#\/schema\/logo\/image\/"},"sameAs":["https:\/\/www.facebook.com\/golfelprat","https:\/\/x.com\/golfelprat","https:\/\/www.linkedin.com\/company\/rcgep","https:\/\/www.youtube.com\/user\/realclubdegolfelprat","https:\/\/www.instagram.com\/golfelprat\/"]},{"@type":"Person","@id":"https:\/\/www.realclubdegolfelprat.com\/ca\/#\/schema\/person\/b415ffa96e273d60f598cdf97ca795a8","name":"Raquel Castillero Maturana","image":{"@type":"ImageObject","inLanguage":"ca","@id":"https:\/\/secure.gravatar.com\/avatar\/91350e08b4fc5a2ee91f45c6465d2fc3ac13334bcb7d7242c5c020039a476b4c?s=96&d=mm&r=g","url":"https:\/\/secure.gravatar.com\/avatar\/91350e08b4fc5a2ee91f45c6465d2fc3ac13334bcb7d7242c5c020039a476b4c?s=96&d=mm&r=g","contentUrl":"https:\/\/secure.gravatar.com\/avatar\/91350e08b4fc5a2ee91f45c6465d2fc3ac13334bcb7d7242c5c020039a476b4c?s=96&d=mm&r=g","caption":"Raquel Castillero Maturana"}}]}},"_links":{"self":[{"href":"https:\/\/www.realclubdegolfelprat.com\/ca\/wp-json\/wp\/v2\/posts\/179108","targetHints":{"allow":["GET"]}}],"collection":[{"href":"https:\/\/www.realclubdegolfelprat.com\/ca\/wp-json\/wp\/v2\/posts"}],"about":[{"href":"https:\/\/www.realclubdegolfelprat.com\/ca\/wp-json\/wp\/v2\/types\/post"}],"author":[{"embeddable":true,"href":"https:\/\/www.realclubdegolfelprat.com\/ca\/wp-json\/wp\/v2\/users\/3"}],"replies":[{"embeddable":true,"href":"https:\/\/www.realclubdegolfelprat.com\/ca\/wp-json\/wp\/v2\/comments?post=179108"}],"version-history":[{"count":1,"href":"https:\/\/www.realclubdegolfelprat.com\/ca\/wp-json\/wp\/v2\/posts\/179108\/revisions"}],"predecessor-version":[{"id":179110,"href":"https:\/\/www.realclubdegolfelprat.com\/ca\/wp-json\/wp\/v2\/posts\/179108\/revisions\/179110"}],"wp:featuredmedia":[{"embeddable":true,"href":"https:\/\/www.realclubdegolfelprat.com\/ca\/wp-json\/wp\/v2\/media\/179109"}],"wp:attachment":[{"href":"https:\/\/www.realclubdegolfelprat.com\/ca\/wp-json\/wp\/v2\/media?parent=179108"}],"wp:term":[{"taxonomy":"category","embeddable":true,"href":"https:\/\/www.realclubdegolfelprat.com\/ca\/wp-json\/wp\/v2\/categories?post=179108"},{"taxonomy":"post_tag","embeddable":true,"href":"https:\/\/www.realclubdegolfelprat.com\/ca\/wp-json\/wp\/v2\/tags?post=179108"}],"curies":[{"name":"wp","href":"https:\/\/api.w.org\/{rel}","templated":true}]}}