{"id":179277,"date":"2020-09-15T08:51:11","date_gmt":"2020-09-15T08:51:11","guid":{"rendered":"https:\/\/new.rcgep.com\/sin-categoria\/lucas-vacarisas-en-el-open-de-la-mirabelle-dor\/"},"modified":"2025-03-11T23:23:40","modified_gmt":"2025-03-11T23:23:40","slug":"lucas-vacarisas-en-el-open-de-la-mirabelle-dor","status":"publish","type":"post","link":"https:\/\/www.realclubdegolfelprat.com\/ca\/noticies\/lucas-vacarisas-en-el-open-de-la-mirabelle-dor\/","title":{"rendered":"OPEN DE LA MIRABELLE D\u2019OR: LOS RESULTADOS DE NUESTROS SOCIOS"},"content":{"rendered":"<p>Nuestro socio <strong>Lucas Vacarisas<\/strong> particip\u00f3 en el <strong>Open de la Mirabelle d\u2019Or<\/strong>, torneo del <strong>Alps Tour<\/strong> que se disput\u00f3 en el Golf de la Grange aux Ormes (Francia) del 11 al 13 de septiembre. El jugador del Prat lider\u00f3 durante todas las dos primeras jornadas, acabando en 2\u00aa posici\u00f3n, por detr\u00e1s del madrile\u00f1o Alejandro del Rey.<\/p>\n<p>En la jornada inicial, Lucas Vacarisas firm\u00f3 una vuelta de 61 golpes (-10) aventajando en 2 golpes a del Rey y en 3 golpes al austriaco Lukas Nemecz y a nuestro tambi\u00e9n socio Mat\u00edas Calder\u00f3n.<\/p>\n<p>&#8220;Empec\u00e9 a jugar muy bien al golf desde el primer hoyo. El campo es muy dif\u00edcil ya que hay que dar un buen golpe de salida y tirar buenos putts, ya que los greens son dif\u00edciles. Por suerte, todos mis palos trabajaron bien hoy&#8221; dec\u00eda el golfista.<\/p>\n<p>El s\u00e1bado, nuestro socio termin\u00f3 con 67 golpes, manteniendo la primera posici\u00f3n, pero compartida con el que parec\u00eda ser su \u00fanico rival en el torneo, Alejandro del Rey. Ambos saldr\u00edan con -14 y 5 golpes de renta sobre Michele Cea.<\/p>\n<p>En la jornada final, con los nervios a flor de piel, tuvo lugar una bonita lucha en la que los dos buscaban su primera victoria como profesional. Vacarisas tom\u00f3 la delantera r\u00e1pidamente con 4 golpes de ventaja en el hoyo 8. Pero la segunda parte del recorrido se le hizo muy dura y un doble bogey en el 15 le acab\u00f3 relegando a la segunda posici\u00f3n. El madrile\u00f1o acab\u00f3 con un par en el 18 que le dio el triunfo con un acumulado de -15. Nuestro socio, quien acab\u00f3 con -14, se qued\u00f3 a un golpe de provocar un play-off y alargar este emocionante torneo.<\/p>\n<p>Puedes mirar la<strong> clasificaci\u00f3n final<\/strong> del torneo <a href=\"https:\/\/alpstourgolf.com\/report\/?tourn=FRA3&amp;report=https:\/\/info.alpstourgolf.com\/tic\/tmentry.cgi?tourn=FRA3~season=~alphaorder~\">AQU\u00cd \u00a0<\/a><\/p>\n<p>Otros socios que participaron en el Open de la Mirabelle d\u2019Or fueron:<\/p>\n<ul>\n<li style=\"text-align: left;\"><strong>Mat\u00edas Calder\u00f3n<\/strong> finaliz\u00f3 tercero con -11<\/li>\n<li><strong>Joel Moscatel<\/strong>, aun como amateur acab\u00f3 en el puesto 25 con -6<\/li>\n<li><strong>Jordi Pan\u00e9s<\/strong> y <strong>Juan Luis S\u00e1nchez<\/strong> no pasaron el corte<\/li>\n<\/ul>\n<p>Para el pr\u00f3ximo torneo, los jugadores del Alps Tour regresan a Italia para el Open de los Alpes de Toscana del 17 al 20 de septiembre en el Club de Golf Toscana en Grosseto.<\/p>\n<p><strong><u>LUCAS VACARISAS<\/u><\/strong><\/p>\n<p>Socio del Real Club de Golf El Prat desde hace 4 a\u00f1os. En 2016 empez\u00f3 a jugar de manera profesional en el Alps Tour con 17 a\u00f1os.<\/p>\n","protected":false},"excerpt":{"rendered":"<p>Nuestro socio Lucas Vacarisas particip\u00f3 en el Open de la Mirabelle d\u2019Or, torneo del Alps Tour que se disput\u00f3 en el Golf de la Grange aux Ormes (Francia) del 11 al 13 de septiembre. El jugador del Prat lider\u00f3 durante todas las dos primeras jornadas, acabando en 2\u00aa posici\u00f3n, por detr\u00e1s del madrile\u00f1o Alejandro del [&hellip;]<\/p>\n","protected":false},"author":3,"featured_media":0,"comment_status":"closed","ping_status":"closed","sticky":false,"template":"","format":"standard","meta":{"_acf_changed":false,"footnotes":""},"categories":[258],"tags":[],"class_list":["post-179277","post","type-post","status-publish","format-standard","hentry","category-noticies"],"acf":[],"yoast_head":"<!-- This site is optimized with the Yoast SEO plugin v27.4 - https:\/\/yoast.com\/product\/yoast-seo-wordpress\/ -->\n<title>OPEN DE LA MIRABELLE D\u2019OR: LOS RESULTADOS DE NUESTROS SOCIOS - Real Club de Golf El Prat - Barcelona<\/title>\n<meta name=\"description\" content=\"Nuestro socio Lucas Vacarisas particip\u00f3 en el Open de la Mirabelle d\u2019Or, torneo del Alps Tour disputado en Francia, quedando en 2a posci\u00f3n.\" \/>\n<meta name=\"robots\" content=\"index, follow, max-snippet:-1, max-image-preview:large, max-video-preview:-1\" \/>\n<link rel=\"canonical\" href=\"https:\/\/www.realclubdegolfelprat.com\/ca\/noticies\/lucas-vacarisas-en-el-open-de-la-mirabelle-dor\/\" \/>\n<meta property=\"og:locale\" content=\"ca_ES\" \/>\n<meta property=\"og:type\" content=\"article\" \/>\n<meta property=\"og:title\" content=\"OPEN DE LA MIRABELLE D\u2019OR: LOS RESULTADOS DE NUESTROS SOCIOS - Real Club de Golf El Prat - Barcelona\" \/>\n<meta property=\"og:description\" content=\"Nuestro socio Lucas Vacarisas particip\u00f3 en el Open de la Mirabelle d\u2019Or, torneo del Alps Tour disputado en Francia, quedando en 2a posci\u00f3n.\" \/>\n<meta property=\"og:url\" content=\"https:\/\/www.realclubdegolfelprat.com\/ca\/noticies\/lucas-vacarisas-en-el-open-de-la-mirabelle-dor\/\" \/>\n<meta property=\"og:site_name\" content=\"Real Club de Golf El Prat - Barcelona\" \/>\n<meta property=\"article:publisher\" content=\"https:\/\/www.facebook.com\/golfelprat\" \/>\n<meta property=\"article:published_time\" content=\"2020-09-15T08:51:11+00:00\" \/>\n<meta property=\"article:modified_time\" content=\"2025-03-11T23:23:40+00:00\" \/>\n<meta name=\"author\" content=\"Raquel Castillero Maturana\" \/>\n<meta name=\"twitter:card\" content=\"summary_large_image\" \/>\n<meta name=\"twitter:creator\" content=\"@golfelprat\" \/>\n<meta name=\"twitter:site\" content=\"@golfelprat\" \/>\n<meta name=\"twitter:label1\" content=\"Escrit per\" \/>\n\t<meta name=\"twitter:data1\" content=\"Raquel Castillero Maturana\" \/>\n\t<meta name=\"twitter:label2\" content=\"Temps estimat de lectura\" \/>\n\t<meta name=\"twitter:data2\" content=\"2 minuts\" \/>\n<script type=\"application\/ld+json\" class=\"yoast-schema-graph\">{\"@context\":\"https:\\\/\\\/schema.org\",\"@graph\":[{\"@type\":\"Article\",\"@id\":\"https:\\\/\\\/www.realclubdegolfelprat.com\\\/ca\\\/noticies\\\/lucas-vacarisas-en-el-open-de-la-mirabelle-dor\\\/#article\",\"isPartOf\":{\"@id\":\"https:\\\/\\\/www.realclubdegolfelprat.com\\\/ca\\\/noticies\\\/lucas-vacarisas-en-el-open-de-la-mirabelle-dor\\\/\"},\"author\":{\"name\":\"Raquel Castillero Maturana\",\"@id\":\"https:\\\/\\\/www.realclubdegolfelprat.com\\\/ca\\\/#\\\/schema\\\/person\\\/b415ffa96e273d60f598cdf97ca795a8\"},\"headline\":\"OPEN DE LA MIRABELLE D\u2019OR: LOS RESULTADOS DE NUESTROS SOCIOS\",\"datePublished\":\"2020-09-15T08:51:11+00:00\",\"dateModified\":\"2025-03-11T23:23:40+00:00\",\"mainEntityOfPage\":{\"@id\":\"https:\\\/\\\/www.realclubdegolfelprat.com\\\/ca\\\/noticies\\\/lucas-vacarisas-en-el-open-de-la-mirabelle-dor\\\/\"},\"wordCount\":413,\"publisher\":{\"@id\":\"https:\\\/\\\/www.realclubdegolfelprat.com\\\/ca\\\/#organization\"},\"articleSection\":[\"Not\u00edcies\"],\"inLanguage\":\"ca\"},{\"@type\":\"WebPage\",\"@id\":\"https:\\\/\\\/www.realclubdegolfelprat.com\\\/ca\\\/noticies\\\/lucas-vacarisas-en-el-open-de-la-mirabelle-dor\\\/\",\"url\":\"https:\\\/\\\/www.realclubdegolfelprat.com\\\/ca\\\/noticies\\\/lucas-vacarisas-en-el-open-de-la-mirabelle-dor\\\/\",\"name\":\"OPEN DE LA MIRABELLE D\u2019OR: LOS RESULTADOS DE NUESTROS SOCIOS - Real Club de Golf El Prat - Barcelona\",\"isPartOf\":{\"@id\":\"https:\\\/\\\/www.realclubdegolfelprat.com\\\/ca\\\/#website\"},\"datePublished\":\"2020-09-15T08:51:11+00:00\",\"dateModified\":\"2025-03-11T23:23:40+00:00\",\"description\":\"Nuestro socio Lucas Vacarisas particip\u00f3 en el Open de la Mirabelle d\u2019Or, torneo del Alps Tour disputado en Francia, quedando en 2a posci\u00f3n.\",\"breadcrumb\":{\"@id\":\"https:\\\/\\\/www.realclubdegolfelprat.com\\\/ca\\\/noticies\\\/lucas-vacarisas-en-el-open-de-la-mirabelle-dor\\\/#breadcrumb\"},\"inLanguage\":\"ca\",\"potentialAction\":[{\"@type\":\"ReadAction\",\"target\":[\"https:\\\/\\\/www.realclubdegolfelprat.com\\\/ca\\\/noticies\\\/lucas-vacarisas-en-el-open-de-la-mirabelle-dor\\\/\"]}]},{\"@type\":\"BreadcrumbList\",\"@id\":\"https:\\\/\\\/www.realclubdegolfelprat.com\\\/ca\\\/noticies\\\/lucas-vacarisas-en-el-open-de-la-mirabelle-dor\\\/#breadcrumb\",\"itemListElement\":[{\"@type\":\"ListItem\",\"position\":1,\"name\":\"Portada\",\"item\":\"https:\\\/\\\/www.realclubdegolfelprat.com\\\/ca\\\/\"},{\"@type\":\"ListItem\",\"position\":2,\"name\":\"OPEN DE LA MIRABELLE D\u2019OR: LOS RESULTADOS DE NUESTROS SOCIOS\"}]},{\"@type\":\"WebSite\",\"@id\":\"https:\\\/\\\/www.realclubdegolfelprat.com\\\/ca\\\/#website\",\"url\":\"https:\\\/\\\/www.realclubdegolfelprat.com\\\/ca\\\/\",\"name\":\"Real Club de Golf El Prat - Barcelona\",\"description\":\"Tu club de golf en Barcelona\",\"publisher\":{\"@id\":\"https:\\\/\\\/www.realclubdegolfelprat.com\\\/ca\\\/#organization\"},\"potentialAction\":[{\"@type\":\"SearchAction\",\"target\":{\"@type\":\"EntryPoint\",\"urlTemplate\":\"https:\\\/\\\/www.realclubdegolfelprat.com\\\/ca\\\/?s={search_term_string}\"},\"query-input\":{\"@type\":\"PropertyValueSpecification\",\"valueRequired\":true,\"valueName\":\"search_term_string\"}}],\"inLanguage\":\"ca\"},{\"@type\":\"Organization\",\"@id\":\"https:\\\/\\\/www.realclubdegolfelprat.com\\\/ca\\\/#organization\",\"name\":\"Real Club de Golf El Prat - Barcelona\",\"url\":\"https:\\\/\\\/www.realclubdegolfelprat.com\\\/ca\\\/\",\"logo\":{\"@type\":\"ImageObject\",\"inLanguage\":\"ca\",\"@id\":\"https:\\\/\\\/www.realclubdegolfelprat.com\\\/ca\\\/#\\\/schema\\\/logo\\\/image\\\/\",\"url\":\"https:\\\/\\\/www.realclubdegolfelprat.com\\\/wp-content\\\/uploads\\\/2023\\\/03\\\/logo-rcgep-color-120-95.png\",\"contentUrl\":\"https:\\\/\\\/www.realclubdegolfelprat.com\\\/wp-content\\\/uploads\\\/2023\\\/03\\\/logo-rcgep-color-120-95.png\",\"width\":120,\"height\":95,\"caption\":\"Real Club de Golf El Prat - Barcelona\"},\"image\":{\"@id\":\"https:\\\/\\\/www.realclubdegolfelprat.com\\\/ca\\\/#\\\/schema\\\/logo\\\/image\\\/\"},\"sameAs\":[\"https:\\\/\\\/www.facebook.com\\\/golfelprat\",\"https:\\\/\\\/x.com\\\/golfelprat\",\"https:\\\/\\\/www.linkedin.com\\\/company\\\/rcgep\",\"https:\\\/\\\/www.youtube.com\\\/user\\\/realclubdegolfelprat\",\"https:\\\/\\\/www.instagram.com\\\/golfelprat\\\/\"]},{\"@type\":\"Person\",\"@id\":\"https:\\\/\\\/www.realclubdegolfelprat.com\\\/ca\\\/#\\\/schema\\\/person\\\/b415ffa96e273d60f598cdf97ca795a8\",\"name\":\"Raquel Castillero Maturana\",\"image\":{\"@type\":\"ImageObject\",\"inLanguage\":\"ca\",\"@id\":\"https:\\\/\\\/secure.gravatar.com\\\/avatar\\\/91350e08b4fc5a2ee91f45c6465d2fc3ac13334bcb7d7242c5c020039a476b4c?s=96&d=mm&r=g\",\"url\":\"https:\\\/\\\/secure.gravatar.com\\\/avatar\\\/91350e08b4fc5a2ee91f45c6465d2fc3ac13334bcb7d7242c5c020039a476b4c?s=96&d=mm&r=g\",\"contentUrl\":\"https:\\\/\\\/secure.gravatar.com\\\/avatar\\\/91350e08b4fc5a2ee91f45c6465d2fc3ac13334bcb7d7242c5c020039a476b4c?s=96&d=mm&r=g\",\"caption\":\"Raquel Castillero Maturana\"}}]}<\/script>\n<!-- \/ Yoast SEO plugin. -->","yoast_head_json":{"title":"OPEN DE LA MIRABELLE D\u2019OR: LOS RESULTADOS DE NUESTROS SOCIOS - Real Club de Golf El Prat - Barcelona","description":"Nuestro socio Lucas Vacarisas particip\u00f3 en el Open de la Mirabelle d\u2019Or, torneo del Alps Tour disputado en Francia, quedando en 2a posci\u00f3n.","robots":{"index":"index","follow":"follow","max-snippet":"max-snippet:-1","max-image-preview":"max-image-preview:large","max-video-preview":"max-video-preview:-1"},"canonical":"https:\/\/www.realclubdegolfelprat.com\/ca\/noticies\/lucas-vacarisas-en-el-open-de-la-mirabelle-dor\/","og_locale":"ca_ES","og_type":"article","og_title":"OPEN DE LA MIRABELLE D\u2019OR: LOS RESULTADOS DE NUESTROS SOCIOS - Real Club de Golf El Prat - Barcelona","og_description":"Nuestro socio Lucas Vacarisas particip\u00f3 en el Open de la Mirabelle d\u2019Or, torneo del Alps Tour disputado en Francia, quedando en 2a posci\u00f3n.","og_url":"https:\/\/www.realclubdegolfelprat.com\/ca\/noticies\/lucas-vacarisas-en-el-open-de-la-mirabelle-dor\/","og_site_name":"Real Club de Golf El Prat - Barcelona","article_publisher":"https:\/\/www.facebook.com\/golfelprat","article_published_time":"2020-09-15T08:51:11+00:00","article_modified_time":"2025-03-11T23:23:40+00:00","author":"Raquel Castillero Maturana","twitter_card":"summary_large_image","twitter_creator":"@golfelprat","twitter_site":"@golfelprat","twitter_misc":{"Escrit per":"Raquel Castillero Maturana","Temps estimat de lectura":"2 minuts"},"schema":{"@context":"https:\/\/schema.org","@graph":[{"@type":"Article","@id":"https:\/\/www.realclubdegolfelprat.com\/ca\/noticies\/lucas-vacarisas-en-el-open-de-la-mirabelle-dor\/#article","isPartOf":{"@id":"https:\/\/www.realclubdegolfelprat.com\/ca\/noticies\/lucas-vacarisas-en-el-open-de-la-mirabelle-dor\/"},"author":{"name":"Raquel Castillero Maturana","@id":"https:\/\/www.realclubdegolfelprat.com\/ca\/#\/schema\/person\/b415ffa96e273d60f598cdf97ca795a8"},"headline":"OPEN DE LA MIRABELLE D\u2019OR: LOS RESULTADOS DE NUESTROS SOCIOS","datePublished":"2020-09-15T08:51:11+00:00","dateModified":"2025-03-11T23:23:40+00:00","mainEntityOfPage":{"@id":"https:\/\/www.realclubdegolfelprat.com\/ca\/noticies\/lucas-vacarisas-en-el-open-de-la-mirabelle-dor\/"},"wordCount":413,"publisher":{"@id":"https:\/\/www.realclubdegolfelprat.com\/ca\/#organization"},"articleSection":["Not\u00edcies"],"inLanguage":"ca"},{"@type":"WebPage","@id":"https:\/\/www.realclubdegolfelprat.com\/ca\/noticies\/lucas-vacarisas-en-el-open-de-la-mirabelle-dor\/","url":"https:\/\/www.realclubdegolfelprat.com\/ca\/noticies\/lucas-vacarisas-en-el-open-de-la-mirabelle-dor\/","name":"OPEN DE LA MIRABELLE D\u2019OR: LOS RESULTADOS DE NUESTROS SOCIOS - Real Club de Golf El Prat - Barcelona","isPartOf":{"@id":"https:\/\/www.realclubdegolfelprat.com\/ca\/#website"},"datePublished":"2020-09-15T08:51:11+00:00","dateModified":"2025-03-11T23:23:40+00:00","description":"Nuestro socio Lucas Vacarisas particip\u00f3 en el Open de la Mirabelle d\u2019Or, torneo del Alps Tour disputado en Francia, quedando en 2a posci\u00f3n.","breadcrumb":{"@id":"https:\/\/www.realclubdegolfelprat.com\/ca\/noticies\/lucas-vacarisas-en-el-open-de-la-mirabelle-dor\/#breadcrumb"},"inLanguage":"ca","potentialAction":[{"@type":"ReadAction","target":["https:\/\/www.realclubdegolfelprat.com\/ca\/noticies\/lucas-vacarisas-en-el-open-de-la-mirabelle-dor\/"]}]},{"@type":"BreadcrumbList","@id":"https:\/\/www.realclubdegolfelprat.com\/ca\/noticies\/lucas-vacarisas-en-el-open-de-la-mirabelle-dor\/#breadcrumb","itemListElement":[{"@type":"ListItem","position":1,"name":"Portada","item":"https:\/\/www.realclubdegolfelprat.com\/ca\/"},{"@type":"ListItem","position":2,"name":"OPEN DE LA MIRABELLE D\u2019OR: LOS RESULTADOS DE NUESTROS SOCIOS"}]},{"@type":"WebSite","@id":"https:\/\/www.realclubdegolfelprat.com\/ca\/#website","url":"https:\/\/www.realclubdegolfelprat.com\/ca\/","name":"Real Club de Golf El Prat - Barcelona","description":"Tu club de golf en Barcelona","publisher":{"@id":"https:\/\/www.realclubdegolfelprat.com\/ca\/#organization"},"potentialAction":[{"@type":"SearchAction","target":{"@type":"EntryPoint","urlTemplate":"https:\/\/www.realclubdegolfelprat.com\/ca\/?s={search_term_string}"},"query-input":{"@type":"PropertyValueSpecification","valueRequired":true,"valueName":"search_term_string"}}],"inLanguage":"ca"},{"@type":"Organization","@id":"https:\/\/www.realclubdegolfelprat.com\/ca\/#organization","name":"Real Club de Golf El Prat - Barcelona","url":"https:\/\/www.realclubdegolfelprat.com\/ca\/","logo":{"@type":"ImageObject","inLanguage":"ca","@id":"https:\/\/www.realclubdegolfelprat.com\/ca\/#\/schema\/logo\/image\/","url":"https:\/\/www.realclubdegolfelprat.com\/wp-content\/uploads\/2023\/03\/logo-rcgep-color-120-95.png","contentUrl":"https:\/\/www.realclubdegolfelprat.com\/wp-content\/uploads\/2023\/03\/logo-rcgep-color-120-95.png","width":120,"height":95,"caption":"Real Club de Golf El Prat - Barcelona"},"image":{"@id":"https:\/\/www.realclubdegolfelprat.com\/ca\/#\/schema\/logo\/image\/"},"sameAs":["https:\/\/www.facebook.com\/golfelprat","https:\/\/x.com\/golfelprat","https:\/\/www.linkedin.com\/company\/rcgep","https:\/\/www.youtube.com\/user\/realclubdegolfelprat","https:\/\/www.instagram.com\/golfelprat\/"]},{"@type":"Person","@id":"https:\/\/www.realclubdegolfelprat.com\/ca\/#\/schema\/person\/b415ffa96e273d60f598cdf97ca795a8","name":"Raquel Castillero Maturana","image":{"@type":"ImageObject","inLanguage":"ca","@id":"https:\/\/secure.gravatar.com\/avatar\/91350e08b4fc5a2ee91f45c6465d2fc3ac13334bcb7d7242c5c020039a476b4c?s=96&d=mm&r=g","url":"https:\/\/secure.gravatar.com\/avatar\/91350e08b4fc5a2ee91f45c6465d2fc3ac13334bcb7d7242c5c020039a476b4c?s=96&d=mm&r=g","contentUrl":"https:\/\/secure.gravatar.com\/avatar\/91350e08b4fc5a2ee91f45c6465d2fc3ac13334bcb7d7242c5c020039a476b4c?s=96&d=mm&r=g","caption":"Raquel Castillero Maturana"}}]}},"_links":{"self":[{"href":"https:\/\/www.realclubdegolfelprat.com\/ca\/wp-json\/wp\/v2\/posts\/179277","targetHints":{"allow":["GET"]}}],"collection":[{"href":"https:\/\/www.realclubdegolfelprat.com\/ca\/wp-json\/wp\/v2\/posts"}],"about":[{"href":"https:\/\/www.realclubdegolfelprat.com\/ca\/wp-json\/wp\/v2\/types\/post"}],"author":[{"embeddable":true,"href":"https:\/\/www.realclubdegolfelprat.com\/ca\/wp-json\/wp\/v2\/users\/3"}],"replies":[{"embeddable":true,"href":"https:\/\/www.realclubdegolfelprat.com\/ca\/wp-json\/wp\/v2\/comments?post=179277"}],"version-history":[{"count":1,"href":"https:\/\/www.realclubdegolfelprat.com\/ca\/wp-json\/wp\/v2\/posts\/179277\/revisions"}],"predecessor-version":[{"id":179291,"href":"https:\/\/www.realclubdegolfelprat.com\/ca\/wp-json\/wp\/v2\/posts\/179277\/revisions\/179291"}],"wp:attachment":[{"href":"https:\/\/www.realclubdegolfelprat.com\/ca\/wp-json\/wp\/v2\/media?parent=179277"}],"wp:term":[{"taxonomy":"category","embeddable":true,"href":"https:\/\/www.realclubdegolfelprat.com\/ca\/wp-json\/wp\/v2\/categories?post=179277"},{"taxonomy":"post_tag","embeddable":true,"href":"https:\/\/www.realclubdegolfelprat.com\/ca\/wp-json\/wp\/v2\/tags?post=179277"}],"curies":[{"name":"wp","href":"https:\/\/api.w.org\/{rel}","templated":true}]}}