{"id":179302,"date":"2020-07-02T08:25:16","date_gmt":"2020-07-02T08:25:16","guid":{"rendered":"https:\/\/new.rcgep.com\/sin-categoria\/los-torneos-sociales-ya-estan-de-vuelta\/"},"modified":"2025-03-11T23:24:24","modified_gmt":"2025-03-11T23:24:24","slug":"los-torneos-sociales-ya-estan-de-vuelta","status":"publish","type":"post","link":"https:\/\/www.realclubdegolfelprat.com\/ca\/noticies\/los-torneos-sociales-ya-estan-de-vuelta\/","title":{"rendered":"\u00a1Los torneos sociales ya est\u00e1n de vuelta!"},"content":{"rendered":"<p><span data-contrast=\"auto\">Tras m\u00e1s de tres meses sin torneos sociales, <\/span><span data-contrast=\"auto\">durante la \u00faltima quincena<\/span><span data-contrast=\"auto\">\u00a0<\/span><span data-contrast=\"auto\">de junio\u00a0<\/span><span data-contrast=\"auto\">volvi\u00f3 la competici\u00f3n al <\/span><span data-contrast=\"auto\">RCGP<\/span><span data-contrast=\"auto\">.<\/span><span data-ccp-props=\"{}\">\u00a0<\/span><\/p>\n<figure id=\"attachment_20595\" aria-describedby=\"caption-attachment-20595\" style=\"width: 258px\" class=\"wp-caption alignleft\"><img loading=\"lazy\" decoding=\"async\" class=\"wp-image-20595 size-medium\" src=\"https:\/\/www.realclubdegolfelprat.com\/wp-content\/uploads\/2020\/07\/Nina-Rissi-258x300.jpg\" alt=\"\" width=\"258\" height=\"300\" \/><figcaption id=\"caption-attachment-20595\" class=\"wp-caption-text\">Nina Rissi, en el centro, ganadora del Campeonato del Club Femenino<\/figcaption><\/figure>\n<p><span data-contrast=\"auto\">Despu\u00e9s del par\u00f3n por Covid-19<\/span><span data-contrast=\"auto\">,\u00a0<\/span><span data-contrast=\"auto\">los<\/span><span data-contrast=\"auto\">\u00a0<\/span><span data-contrast=\"auto\">Campeonato<\/span><span data-contrast=\"auto\">s<\/span><span data-contrast=\"auto\">\u00a0del Club\u00a0<\/span><span data-contrast=\"auto\">inauguraron<\/span><span data-contrast=\"auto\">\u00a0la nueva temporada<\/span><span data-contrast=\"auto\">.<\/span><span data-contrast=\"auto\">\u00a0<\/span><span data-contrast=\"auto\">En categor\u00eda femenina<\/span><span data-contrast=\"auto\">\u00a0lo hi<\/span><span data-contrast=\"auto\">z<\/span><span data-contrast=\"auto\">o<\/span><span data-contrast=\"auto\">\u00a0<\/span><span data-contrast=\"auto\">con\u00a0<\/span><span data-contrast=\"auto\">un\u00a0<\/span><span data-contrast=\"auto\">gran<\/span><span data-contrast=\"auto\">\u00a0<\/span><i><span data-contrast=\"auto\">field<\/span><\/i><span data-contrast=\"auto\">, ya\u00a0<\/span><span data-contrast=\"auto\">que participaron<\/span><span data-contrast=\"auto\">\u00a0nueve de las diez\u00a0h\u00e1ndicaps m\u00e1s bajas\u00a0del Club.\u00a0<\/span><span data-contrast=\"auto\">El s\u00e1bado, l<\/span><span data-contrast=\"auto\">as dieciocho jugadoras salieron por\u00a0<\/span><span data-contrast=\"auto\">el\u00a0<\/span><span data-contrast=\"auto\">recorrido Rosa en\u00a0<\/span><span data-contrast=\"auto\">seis partidos apasionantes que finalizaron con Blanca Yag\u00fce como\u00a0<\/span><span data-contrast=\"none\">l\u00edder<\/span><span data-contrast=\"auto\">\u00a0provisional, con 72 golpes. El domingo,\u00a0<\/span><span data-contrast=\"auto\">en<\/span><span data-contrast=\"auto\">\u00a0la segunda y \u00faltima vuelta, Nina\u00a0<\/span><span data-contrast=\"auto\">Rissi<\/span><span data-contrast=\"auto\">, consigui\u00f3 dar la vuelta al to<\/span><span data-contrast=\"auto\">rneo<\/span><span data-contrast=\"auto\">\u00a0y tras lograr\u00a0<\/span><span data-contrast=\"none\">e<\/span><span data-contrast=\"none\">l<\/span><span data-contrast=\"none\">\u00a0par<\/span><span data-contrast=\"none\">\u00a0<\/span><span data-contrast=\"none\">de<\/span><span data-contrast=\"none\">l<\/span><span data-contrast=\"none\">\u00a0<\/span><span data-contrast=\"auto\">campo se proclam\u00f3 ganadora de la edici\u00f3n 2020 del Campeo<\/span><span data-contrast=\"auto\">nato de<\/span><span data-contrast=\"auto\">l Club<\/span><span data-contrast=\"auto\">,<\/span><span data-contrast=\"auto\">\u00a0<\/span><span data-contrast=\"auto\">con<\/span><span data-contrast=\"auto\">\u00a0un total de 146 golpes en<\/span><span data-contrast=\"auto\">\u00a0vueltas de 74 y\u00a0<\/span><span data-contrast=\"auto\">72<\/span><span data-contrast=\"auto\">.<\/span><span data-ccp-props=\"{}\">\u00a0<\/span><\/p>\n<p><span data-contrast=\"auto\">En categor\u00eda masculina fue un gran \u00e9xito, ya que participaron m\u00e1s de 50 jugadores durante el fin de semana del 20 y 21 de junio<\/span><span data-contrast=\"auto\">\u00a0en formato Match Play<\/span><span data-contrast=\"auto\">.<\/span><span data-contrast=\"auto\">\u00a0El martes 1 de julio se disput\u00f3 la final<\/span><span data-contrast=\"auto\">\u00a0proclam\u00e1ndose\u00a0<\/span><span data-contrast=\"auto\">Victor<\/span><span data-contrast=\"auto\">\u00a0Garc\u00eda<\/span><span data-contrast=\"auto\">\u00a0<\/span><span data-contrast=\"auto\">Broto<\/span><span data-contrast=\"auto\">\u00a0<\/span><span data-contrast=\"auto\">ganador del Campeonato del Club\u00a0<\/span><span data-contrast=\"none\">M<\/span><span data-contrast=\"auto\">asculino 2020 tras superar a Joel Moscatel en el tercer hoyo de desempate. Garc\u00eda<\/span><span data-contrast=\"auto\">\u00a0<\/span><span data-contrast=\"auto\">Broto lleg\u00f3 a la final gracias a sus victorias ante Ram\u00f3n Ravent\u00f3s en la semifinal y Julio Ruiz de Alda en cuartos de final. Por su parte, Moscatel super\u00f3 a Gonzalo Macaya en semifinales y a Alejandro Larraz\u00e1bal en cuartos de final.<\/span><span data-ccp-props=\"{}\">\u00a0<\/span><\/p>\n<h2>Torneos sociales: Padres e Hijos &#8211; Fin de Escuela<\/h2>\n<p><span data-contrast=\"auto\">Y finalmente, el domingo 28 de junio fue el turno del tan esperado torneo Padres e Hijos \u2013 Fin de Escuela. A principios de junio volvieron las clases con todas las medidas de seguridad y ahora tocaba decir adi\u00f3s a un a\u00f1o escolar diferente.<\/span><span data-contrast=\"auto\">\u00a0<\/span><span data-contrast=\"auto\">Tras el torneo, las familias del Club pudieron disfrutar de una comida en el reci\u00e9n inaugurado Chiringuito Familiar.<\/span><span data-contrast=\"auto\">\u00a0<\/span><span data-ccp-props=\"{}\">\u00a0<\/span><\/p>\n<p><span data-contrast=\"auto\">Los ganadores del torneo Padres e Hijos &#8211; Fin de Escuela fueron:<\/span><span data-ccp-props=\"{}\">\u00a0<\/span><\/p>\n<ul>\n<li data-leveltext=\"\uf0b7\" data-font=\"Symbol\" data-listid=\"2\" aria-setsize=\"-1\" data-aria-posinset=\"1\" data-aria-level=\"1\"><span data-contrast=\"auto\">Carlos\u00a0<\/span><span data-contrast=\"auto\">Foulqui\u00e9<\/span><span data-contrast=\"auto\">\u00a0y Carlos\u00a0<\/span><span data-contrast=\"auto\">Foulqui\u00e9<\/span><span data-contrast=\"auto\">,<\/span><span data-contrast=\"auto\">\u00a0en\u00a0<\/span><span data-contrast=\"auto\">Miniaugusta<\/span><span data-ccp-props=\"{&quot;134233279&quot;:true}\">\u00a0<\/span><\/li>\n<li data-leveltext=\"\uf0b7\" data-font=\"Symbol\" data-listid=\"2\" aria-setsize=\"-1\" data-aria-posinset=\"2\" data-aria-level=\"1\"><span data-contrast=\"auto\">M\u00f3nica Garc\u00eda y Elena Ferrer<\/span><span data-contrast=\"auto\">,<\/span><span data-contrast=\"auto\">\u00a0en 4 hoyos<\/span><span data-ccp-props=\"{&quot;134233279&quot;:true}\">\u00a0<\/span><\/li>\n<li data-leveltext=\"\uf0b7\" data-font=\"Symbol\" data-listid=\"2\" aria-setsize=\"-1\" data-aria-posinset=\"3\" data-aria-level=\"1\"><span data-contrast=\"auto\">Valeria\u00a0<\/span><span data-contrast=\"auto\">Brufau<\/span><span data-contrast=\"auto\">\u00a0y Ant\u00f3n\u00a0<\/span><span data-contrast=\"auto\">Brufau<\/span><span data-contrast=\"auto\">,<\/span><span data-contrast=\"auto\">\u00a0en\u00a0<\/span><span data-contrast=\"auto\">B<\/span><span data-contrast=\"auto\">enjamines<\/span><span data-ccp-props=\"{&quot;134233279&quot;:true}\">\u00a0<\/span><\/li>\n<li data-leveltext=\"\uf0b7\" data-font=\"Symbol\" data-listid=\"2\" aria-setsize=\"-1\" data-aria-posinset=\"4\" data-aria-level=\"1\"><span data-contrast=\"auto\">Pablo Garc\u00eda y Pablo Garc\u00eda<\/span><span data-contrast=\"auto\">,<\/span><span data-contrast=\"auto\">\u00a0en\u00a0<\/span><span data-contrast=\"auto\">A<\/span><span data-contrast=\"auto\">levines<\/span><span data-ccp-props=\"{&quot;134233279&quot;:true}\">\u00a0<\/span><\/li>\n<li data-leveltext=\"\uf0b7\" data-font=\"Symbol\" data-listid=\"2\" aria-setsize=\"-1\" data-aria-posinset=\"5\" data-aria-level=\"1\"><span data-contrast=\"auto\">\u00c1lvaro\u00a0<\/span><span data-contrast=\"auto\">Escriva<\/span><span data-contrast=\"auto\">\u00a0de Balaguer y \u00c1lvaro\u00a0<\/span><span data-contrast=\"auto\">Escriva<\/span><span data-contrast=\"auto\">\u00a0de Balaguer<\/span><span data-contrast=\"auto\">,<\/span><span data-contrast=\"auto\">\u00a0en\u00a0<\/span><span data-contrast=\"auto\">I<\/span><span data-contrast=\"auto\">nfantiles<\/span><span data-ccp-props=\"{&quot;134233279&quot;:true}\">\u00a0<\/span><\/li>\n<\/ul>\n<h4>Noticias relacionadas<\/h4>\n<ul>\n<li><a href=\"https:\/\/www.realclubdegolfelprat.com\/ca\/noticies\/el-golf-femenino-vuelve-en-noviembre-a-el-prat\/\">El golf femenino vuelve en noviembre a El Prat<\/a><\/li>\n<\/ul>\n","protected":false},"excerpt":{"rendered":"<p>Tras m\u00e1s de tres meses sin torneos sociales, durante la \u00faltima quincena\u00a0de junio\u00a0volvi\u00f3 la competici\u00f3n al RCGP.\u00a0 Despu\u00e9s del par\u00f3n por Covid-19,\u00a0los\u00a0Campeonatos\u00a0del Club\u00a0inauguraron\u00a0la nueva temporada.\u00a0En categor\u00eda femenina\u00a0lo hizo\u00a0con\u00a0un\u00a0gran\u00a0field, ya\u00a0que participaron\u00a0nueve de las diez\u00a0h\u00e1ndicaps m\u00e1s bajas\u00a0del Club.\u00a0El s\u00e1bado, las dieciocho jugadoras salieron por\u00a0el\u00a0recorrido Rosa en\u00a0seis partidos apasionantes que finalizaron con Blanca Yag\u00fce como\u00a0l\u00edder\u00a0provisional, con 72 golpes. [&hellip;]<\/p>\n","protected":false},"author":3,"featured_media":0,"comment_status":"closed","ping_status":"closed","sticky":false,"template":"","format":"standard","meta":{"_acf_changed":false,"footnotes":""},"categories":[258],"tags":[],"class_list":["post-179302","post","type-post","status-publish","format-standard","hentry","category-noticies"],"acf":[],"yoast_head":"<!-- This site is optimized with the Yoast SEO plugin v27.4 - https:\/\/yoast.com\/product\/yoast-seo-wordpress\/ -->\n<title>\u00a1Los torneos sociales ya est\u00e1n de vuelta! - Real Club de Golf El Prat - Barcelona<\/title>\n<meta name=\"description\" content=\"Tras m\u00e1s de tres meses sin torneos sociales, durante la \u00faltima quincena\u00a0de junio\u00a0volvi\u00f3 la competici\u00f3n al Real Club de Golf El Prat.\" \/>\n<meta name=\"robots\" content=\"index, follow, max-snippet:-1, max-image-preview:large, max-video-preview:-1\" \/>\n<link rel=\"canonical\" href=\"https:\/\/www.realclubdegolfelprat.com\/ca\/noticies\/los-torneos-sociales-ya-estan-de-vuelta\/\" \/>\n<meta property=\"og:locale\" content=\"ca_ES\" \/>\n<meta property=\"og:type\" content=\"article\" \/>\n<meta property=\"og:title\" content=\"\u00a1Los torneos sociales ya est\u00e1n de vuelta! - Real Club de Golf El Prat - Barcelona\" \/>\n<meta property=\"og:description\" content=\"Tras m\u00e1s de tres meses sin torneos sociales, durante la \u00faltima quincena\u00a0de junio\u00a0volvi\u00f3 la competici\u00f3n al Real Club de Golf El Prat.\" \/>\n<meta property=\"og:url\" content=\"https:\/\/www.realclubdegolfelprat.com\/ca\/noticies\/los-torneos-sociales-ya-estan-de-vuelta\/\" \/>\n<meta property=\"og:site_name\" content=\"Real Club de Golf El Prat - Barcelona\" \/>\n<meta property=\"article:publisher\" content=\"https:\/\/www.facebook.com\/golfelprat\" \/>\n<meta property=\"article:published_time\" content=\"2020-07-02T08:25:16+00:00\" \/>\n<meta property=\"article:modified_time\" content=\"2025-03-11T23:24:24+00:00\" \/>\n<meta name=\"author\" content=\"Raquel Castillero Maturana\" \/>\n<meta name=\"twitter:card\" content=\"summary_large_image\" \/>\n<meta name=\"twitter:creator\" content=\"@golfelprat\" \/>\n<meta name=\"twitter:site\" content=\"@golfelprat\" \/>\n<meta name=\"twitter:label1\" content=\"Escrit per\" \/>\n\t<meta name=\"twitter:data1\" content=\"Raquel Castillero Maturana\" \/>\n\t<meta name=\"twitter:label2\" content=\"Temps estimat de lectura\" \/>\n\t<meta name=\"twitter:data2\" content=\"2 minuts\" \/>\n<script type=\"application\/ld+json\" class=\"yoast-schema-graph\">{\"@context\":\"https:\\\/\\\/schema.org\",\"@graph\":[{\"@type\":\"Article\",\"@id\":\"https:\\\/\\\/www.realclubdegolfelprat.com\\\/ca\\\/noticies\\\/los-torneos-sociales-ya-estan-de-vuelta\\\/#article\",\"isPartOf\":{\"@id\":\"https:\\\/\\\/www.realclubdegolfelprat.com\\\/ca\\\/noticies\\\/los-torneos-sociales-ya-estan-de-vuelta\\\/\"},\"author\":{\"name\":\"Raquel Castillero Maturana\",\"@id\":\"https:\\\/\\\/www.realclubdegolfelprat.com\\\/ca\\\/#\\\/schema\\\/person\\\/b415ffa96e273d60f598cdf97ca795a8\"},\"headline\":\"\u00a1Los torneos sociales ya est\u00e1n de vuelta!\",\"datePublished\":\"2020-07-02T08:25:16+00:00\",\"dateModified\":\"2025-03-11T23:24:24+00:00\",\"mainEntityOfPage\":{\"@id\":\"https:\\\/\\\/www.realclubdegolfelprat.com\\\/ca\\\/noticies\\\/los-torneos-sociales-ya-estan-de-vuelta\\\/\"},\"wordCount\":414,\"publisher\":{\"@id\":\"https:\\\/\\\/www.realclubdegolfelprat.com\\\/ca\\\/#organization\"},\"image\":{\"@id\":\"https:\\\/\\\/www.realclubdegolfelprat.com\\\/ca\\\/noticies\\\/los-torneos-sociales-ya-estan-de-vuelta\\\/#primaryimage\"},\"thumbnailUrl\":\"https:\\\/\\\/www.realclubdegolfelprat.com\\\/wp-content\\\/uploads\\\/2020\\\/07\\\/Nina-Rissi-258x300.jpg\",\"articleSection\":[\"Not\u00edcies\"],\"inLanguage\":\"ca\"},{\"@type\":\"WebPage\",\"@id\":\"https:\\\/\\\/www.realclubdegolfelprat.com\\\/ca\\\/noticies\\\/los-torneos-sociales-ya-estan-de-vuelta\\\/\",\"url\":\"https:\\\/\\\/www.realclubdegolfelprat.com\\\/ca\\\/noticies\\\/los-torneos-sociales-ya-estan-de-vuelta\\\/\",\"name\":\"\u00a1Los torneos sociales ya est\u00e1n de vuelta! - Real Club de Golf El Prat - Barcelona\",\"isPartOf\":{\"@id\":\"https:\\\/\\\/www.realclubdegolfelprat.com\\\/ca\\\/#website\"},\"primaryImageOfPage\":{\"@id\":\"https:\\\/\\\/www.realclubdegolfelprat.com\\\/ca\\\/noticies\\\/los-torneos-sociales-ya-estan-de-vuelta\\\/#primaryimage\"},\"image\":{\"@id\":\"https:\\\/\\\/www.realclubdegolfelprat.com\\\/ca\\\/noticies\\\/los-torneos-sociales-ya-estan-de-vuelta\\\/#primaryimage\"},\"thumbnailUrl\":\"https:\\\/\\\/www.realclubdegolfelprat.com\\\/wp-content\\\/uploads\\\/2020\\\/07\\\/Nina-Rissi-258x300.jpg\",\"datePublished\":\"2020-07-02T08:25:16+00:00\",\"dateModified\":\"2025-03-11T23:24:24+00:00\",\"description\":\"Tras m\u00e1s de tres meses sin torneos sociales, durante la \u00faltima quincena\u00a0de junio\u00a0volvi\u00f3 la competici\u00f3n al Real Club de Golf El Prat.\",\"breadcrumb\":{\"@id\":\"https:\\\/\\\/www.realclubdegolfelprat.com\\\/ca\\\/noticies\\\/los-torneos-sociales-ya-estan-de-vuelta\\\/#breadcrumb\"},\"inLanguage\":\"ca\",\"potentialAction\":[{\"@type\":\"ReadAction\",\"target\":[\"https:\\\/\\\/www.realclubdegolfelprat.com\\\/ca\\\/noticies\\\/los-torneos-sociales-ya-estan-de-vuelta\\\/\"]}]},{\"@type\":\"ImageObject\",\"inLanguage\":\"ca\",\"@id\":\"https:\\\/\\\/www.realclubdegolfelprat.com\\\/ca\\\/noticies\\\/los-torneos-sociales-ya-estan-de-vuelta\\\/#primaryimage\",\"url\":\"https:\\\/\\\/www.realclubdegolfelprat.com\\\/wp-content\\\/uploads\\\/2020\\\/07\\\/Nina-Rissi-258x300.jpg\",\"contentUrl\":\"https:\\\/\\\/www.realclubdegolfelprat.com\\\/wp-content\\\/uploads\\\/2020\\\/07\\\/Nina-Rissi-258x300.jpg\"},{\"@type\":\"BreadcrumbList\",\"@id\":\"https:\\\/\\\/www.realclubdegolfelprat.com\\\/ca\\\/noticies\\\/los-torneos-sociales-ya-estan-de-vuelta\\\/#breadcrumb\",\"itemListElement\":[{\"@type\":\"ListItem\",\"position\":1,\"name\":\"Portada\",\"item\":\"https:\\\/\\\/www.realclubdegolfelprat.com\\\/ca\\\/\"},{\"@type\":\"ListItem\",\"position\":2,\"name\":\"\u00a1Los torneos sociales ya est\u00e1n de vuelta!\"}]},{\"@type\":\"WebSite\",\"@id\":\"https:\\\/\\\/www.realclubdegolfelprat.com\\\/ca\\\/#website\",\"url\":\"https:\\\/\\\/www.realclubdegolfelprat.com\\\/ca\\\/\",\"name\":\"Real Club de Golf El Prat - Barcelona\",\"description\":\"Tu club de golf en Barcelona\",\"publisher\":{\"@id\":\"https:\\\/\\\/www.realclubdegolfelprat.com\\\/ca\\\/#organization\"},\"potentialAction\":[{\"@type\":\"SearchAction\",\"target\":{\"@type\":\"EntryPoint\",\"urlTemplate\":\"https:\\\/\\\/www.realclubdegolfelprat.com\\\/ca\\\/?s={search_term_string}\"},\"query-input\":{\"@type\":\"PropertyValueSpecification\",\"valueRequired\":true,\"valueName\":\"search_term_string\"}}],\"inLanguage\":\"ca\"},{\"@type\":\"Organization\",\"@id\":\"https:\\\/\\\/www.realclubdegolfelprat.com\\\/ca\\\/#organization\",\"name\":\"Real Club de Golf El Prat - Barcelona\",\"url\":\"https:\\\/\\\/www.realclubdegolfelprat.com\\\/ca\\\/\",\"logo\":{\"@type\":\"ImageObject\",\"inLanguage\":\"ca\",\"@id\":\"https:\\\/\\\/www.realclubdegolfelprat.com\\\/ca\\\/#\\\/schema\\\/logo\\\/image\\\/\",\"url\":\"https:\\\/\\\/www.realclubdegolfelprat.com\\\/wp-content\\\/uploads\\\/2023\\\/03\\\/logo-rcgep-color-120-95.png\",\"contentUrl\":\"https:\\\/\\\/www.realclubdegolfelprat.com\\\/wp-content\\\/uploads\\\/2023\\\/03\\\/logo-rcgep-color-120-95.png\",\"width\":120,\"height\":95,\"caption\":\"Real Club de Golf El Prat - Barcelona\"},\"image\":{\"@id\":\"https:\\\/\\\/www.realclubdegolfelprat.com\\\/ca\\\/#\\\/schema\\\/logo\\\/image\\\/\"},\"sameAs\":[\"https:\\\/\\\/www.facebook.com\\\/golfelprat\",\"https:\\\/\\\/x.com\\\/golfelprat\",\"https:\\\/\\\/www.linkedin.com\\\/company\\\/rcgep\",\"https:\\\/\\\/www.youtube.com\\\/user\\\/realclubdegolfelprat\",\"https:\\\/\\\/www.instagram.com\\\/golfelprat\\\/\"]},{\"@type\":\"Person\",\"@id\":\"https:\\\/\\\/www.realclubdegolfelprat.com\\\/ca\\\/#\\\/schema\\\/person\\\/b415ffa96e273d60f598cdf97ca795a8\",\"name\":\"Raquel Castillero Maturana\",\"image\":{\"@type\":\"ImageObject\",\"inLanguage\":\"ca\",\"@id\":\"https:\\\/\\\/secure.gravatar.com\\\/avatar\\\/91350e08b4fc5a2ee91f45c6465d2fc3ac13334bcb7d7242c5c020039a476b4c?s=96&d=mm&r=g\",\"url\":\"https:\\\/\\\/secure.gravatar.com\\\/avatar\\\/91350e08b4fc5a2ee91f45c6465d2fc3ac13334bcb7d7242c5c020039a476b4c?s=96&d=mm&r=g\",\"contentUrl\":\"https:\\\/\\\/secure.gravatar.com\\\/avatar\\\/91350e08b4fc5a2ee91f45c6465d2fc3ac13334bcb7d7242c5c020039a476b4c?s=96&d=mm&r=g\",\"caption\":\"Raquel Castillero Maturana\"}}]}<\/script>\n<!-- \/ Yoast SEO plugin. -->","yoast_head_json":{"title":"\u00a1Los torneos sociales ya est\u00e1n de vuelta! - Real Club de Golf El Prat - Barcelona","description":"Tras m\u00e1s de tres meses sin torneos sociales, durante la \u00faltima quincena\u00a0de junio\u00a0volvi\u00f3 la competici\u00f3n al Real Club de Golf El Prat.","robots":{"index":"index","follow":"follow","max-snippet":"max-snippet:-1","max-image-preview":"max-image-preview:large","max-video-preview":"max-video-preview:-1"},"canonical":"https:\/\/www.realclubdegolfelprat.com\/ca\/noticies\/los-torneos-sociales-ya-estan-de-vuelta\/","og_locale":"ca_ES","og_type":"article","og_title":"\u00a1Los torneos sociales ya est\u00e1n de vuelta! - Real Club de Golf El Prat - Barcelona","og_description":"Tras m\u00e1s de tres meses sin torneos sociales, durante la \u00faltima quincena\u00a0de junio\u00a0volvi\u00f3 la competici\u00f3n al Real Club de Golf El Prat.","og_url":"https:\/\/www.realclubdegolfelprat.com\/ca\/noticies\/los-torneos-sociales-ya-estan-de-vuelta\/","og_site_name":"Real Club de Golf El Prat - Barcelona","article_publisher":"https:\/\/www.facebook.com\/golfelprat","article_published_time":"2020-07-02T08:25:16+00:00","article_modified_time":"2025-03-11T23:24:24+00:00","author":"Raquel Castillero Maturana","twitter_card":"summary_large_image","twitter_creator":"@golfelprat","twitter_site":"@golfelprat","twitter_misc":{"Escrit per":"Raquel Castillero Maturana","Temps estimat de lectura":"2 minuts"},"schema":{"@context":"https:\/\/schema.org","@graph":[{"@type":"Article","@id":"https:\/\/www.realclubdegolfelprat.com\/ca\/noticies\/los-torneos-sociales-ya-estan-de-vuelta\/#article","isPartOf":{"@id":"https:\/\/www.realclubdegolfelprat.com\/ca\/noticies\/los-torneos-sociales-ya-estan-de-vuelta\/"},"author":{"name":"Raquel Castillero Maturana","@id":"https:\/\/www.realclubdegolfelprat.com\/ca\/#\/schema\/person\/b415ffa96e273d60f598cdf97ca795a8"},"headline":"\u00a1Los torneos sociales ya est\u00e1n de vuelta!","datePublished":"2020-07-02T08:25:16+00:00","dateModified":"2025-03-11T23:24:24+00:00","mainEntityOfPage":{"@id":"https:\/\/www.realclubdegolfelprat.com\/ca\/noticies\/los-torneos-sociales-ya-estan-de-vuelta\/"},"wordCount":414,"publisher":{"@id":"https:\/\/www.realclubdegolfelprat.com\/ca\/#organization"},"image":{"@id":"https:\/\/www.realclubdegolfelprat.com\/ca\/noticies\/los-torneos-sociales-ya-estan-de-vuelta\/#primaryimage"},"thumbnailUrl":"https:\/\/www.realclubdegolfelprat.com\/wp-content\/uploads\/2020\/07\/Nina-Rissi-258x300.jpg","articleSection":["Not\u00edcies"],"inLanguage":"ca"},{"@type":"WebPage","@id":"https:\/\/www.realclubdegolfelprat.com\/ca\/noticies\/los-torneos-sociales-ya-estan-de-vuelta\/","url":"https:\/\/www.realclubdegolfelprat.com\/ca\/noticies\/los-torneos-sociales-ya-estan-de-vuelta\/","name":"\u00a1Los torneos sociales ya est\u00e1n de vuelta! - Real Club de Golf El Prat - Barcelona","isPartOf":{"@id":"https:\/\/www.realclubdegolfelprat.com\/ca\/#website"},"primaryImageOfPage":{"@id":"https:\/\/www.realclubdegolfelprat.com\/ca\/noticies\/los-torneos-sociales-ya-estan-de-vuelta\/#primaryimage"},"image":{"@id":"https:\/\/www.realclubdegolfelprat.com\/ca\/noticies\/los-torneos-sociales-ya-estan-de-vuelta\/#primaryimage"},"thumbnailUrl":"https:\/\/www.realclubdegolfelprat.com\/wp-content\/uploads\/2020\/07\/Nina-Rissi-258x300.jpg","datePublished":"2020-07-02T08:25:16+00:00","dateModified":"2025-03-11T23:24:24+00:00","description":"Tras m\u00e1s de tres meses sin torneos sociales, durante la \u00faltima quincena\u00a0de junio\u00a0volvi\u00f3 la competici\u00f3n al Real Club de Golf El Prat.","breadcrumb":{"@id":"https:\/\/www.realclubdegolfelprat.com\/ca\/noticies\/los-torneos-sociales-ya-estan-de-vuelta\/#breadcrumb"},"inLanguage":"ca","potentialAction":[{"@type":"ReadAction","target":["https:\/\/www.realclubdegolfelprat.com\/ca\/noticies\/los-torneos-sociales-ya-estan-de-vuelta\/"]}]},{"@type":"ImageObject","inLanguage":"ca","@id":"https:\/\/www.realclubdegolfelprat.com\/ca\/noticies\/los-torneos-sociales-ya-estan-de-vuelta\/#primaryimage","url":"https:\/\/www.realclubdegolfelprat.com\/wp-content\/uploads\/2020\/07\/Nina-Rissi-258x300.jpg","contentUrl":"https:\/\/www.realclubdegolfelprat.com\/wp-content\/uploads\/2020\/07\/Nina-Rissi-258x300.jpg"},{"@type":"BreadcrumbList","@id":"https:\/\/www.realclubdegolfelprat.com\/ca\/noticies\/los-torneos-sociales-ya-estan-de-vuelta\/#breadcrumb","itemListElement":[{"@type":"ListItem","position":1,"name":"Portada","item":"https:\/\/www.realclubdegolfelprat.com\/ca\/"},{"@type":"ListItem","position":2,"name":"\u00a1Los torneos sociales ya est\u00e1n de vuelta!"}]},{"@type":"WebSite","@id":"https:\/\/www.realclubdegolfelprat.com\/ca\/#website","url":"https:\/\/www.realclubdegolfelprat.com\/ca\/","name":"Real Club de Golf El Prat - Barcelona","description":"Tu club de golf en Barcelona","publisher":{"@id":"https:\/\/www.realclubdegolfelprat.com\/ca\/#organization"},"potentialAction":[{"@type":"SearchAction","target":{"@type":"EntryPoint","urlTemplate":"https:\/\/www.realclubdegolfelprat.com\/ca\/?s={search_term_string}"},"query-input":{"@type":"PropertyValueSpecification","valueRequired":true,"valueName":"search_term_string"}}],"inLanguage":"ca"},{"@type":"Organization","@id":"https:\/\/www.realclubdegolfelprat.com\/ca\/#organization","name":"Real Club de Golf El Prat - Barcelona","url":"https:\/\/www.realclubdegolfelprat.com\/ca\/","logo":{"@type":"ImageObject","inLanguage":"ca","@id":"https:\/\/www.realclubdegolfelprat.com\/ca\/#\/schema\/logo\/image\/","url":"https:\/\/www.realclubdegolfelprat.com\/wp-content\/uploads\/2023\/03\/logo-rcgep-color-120-95.png","contentUrl":"https:\/\/www.realclubdegolfelprat.com\/wp-content\/uploads\/2023\/03\/logo-rcgep-color-120-95.png","width":120,"height":95,"caption":"Real Club de Golf El Prat - Barcelona"},"image":{"@id":"https:\/\/www.realclubdegolfelprat.com\/ca\/#\/schema\/logo\/image\/"},"sameAs":["https:\/\/www.facebook.com\/golfelprat","https:\/\/x.com\/golfelprat","https:\/\/www.linkedin.com\/company\/rcgep","https:\/\/www.youtube.com\/user\/realclubdegolfelprat","https:\/\/www.instagram.com\/golfelprat\/"]},{"@type":"Person","@id":"https:\/\/www.realclubdegolfelprat.com\/ca\/#\/schema\/person\/b415ffa96e273d60f598cdf97ca795a8","name":"Raquel Castillero Maturana","image":{"@type":"ImageObject","inLanguage":"ca","@id":"https:\/\/secure.gravatar.com\/avatar\/91350e08b4fc5a2ee91f45c6465d2fc3ac13334bcb7d7242c5c020039a476b4c?s=96&d=mm&r=g","url":"https:\/\/secure.gravatar.com\/avatar\/91350e08b4fc5a2ee91f45c6465d2fc3ac13334bcb7d7242c5c020039a476b4c?s=96&d=mm&r=g","contentUrl":"https:\/\/secure.gravatar.com\/avatar\/91350e08b4fc5a2ee91f45c6465d2fc3ac13334bcb7d7242c5c020039a476b4c?s=96&d=mm&r=g","caption":"Raquel Castillero Maturana"}}]}},"_links":{"self":[{"href":"https:\/\/www.realclubdegolfelprat.com\/ca\/wp-json\/wp\/v2\/posts\/179302","targetHints":{"allow":["GET"]}}],"collection":[{"href":"https:\/\/www.realclubdegolfelprat.com\/ca\/wp-json\/wp\/v2\/posts"}],"about":[{"href":"https:\/\/www.realclubdegolfelprat.com\/ca\/wp-json\/wp\/v2\/types\/post"}],"author":[{"embeddable":true,"href":"https:\/\/www.realclubdegolfelprat.com\/ca\/wp-json\/wp\/v2\/users\/3"}],"replies":[{"embeddable":true,"href":"https:\/\/www.realclubdegolfelprat.com\/ca\/wp-json\/wp\/v2\/comments?post=179302"}],"version-history":[{"count":1,"href":"https:\/\/www.realclubdegolfelprat.com\/ca\/wp-json\/wp\/v2\/posts\/179302\/revisions"}],"predecessor-version":[{"id":179323,"href":"https:\/\/www.realclubdegolfelprat.com\/ca\/wp-json\/wp\/v2\/posts\/179302\/revisions\/179323"}],"wp:attachment":[{"href":"https:\/\/www.realclubdegolfelprat.com\/ca\/wp-json\/wp\/v2\/media?parent=179302"}],"wp:term":[{"taxonomy":"category","embeddable":true,"href":"https:\/\/www.realclubdegolfelprat.com\/ca\/wp-json\/wp\/v2\/categories?post=179302"},{"taxonomy":"post_tag","embeddable":true,"href":"https:\/\/www.realclubdegolfelprat.com\/ca\/wp-json\/wp\/v2\/tags?post=179302"}],"curies":[{"name":"wp","href":"https:\/\/api.w.org\/{rel}","templated":true}]}}