{"id":179304,"date":"2020-06-05T17:39:16","date_gmt":"2020-06-05T17:39:16","guid":{"rendered":"https:\/\/new.rcgep.com\/sin-categoria\/isdin-nuevo-fotoprotector-oficial-del-real-club-de-golf-el-prat\/"},"modified":"2025-03-11T23:24:48","modified_gmt":"2025-03-11T23:24:48","slug":"isdin-nuevo-fotoprotector-oficial-del-real-club-de-golf-el-prat","status":"publish","type":"post","link":"https:\/\/www.realclubdegolfelprat.com\/ca\/noticies\/isdin-nuevo-fotoprotector-oficial-del-real-club-de-golf-el-prat\/","title":{"rendered":"ISDIN, nuevo fotoprotector oficial del Real Club de Golf El Prat"},"content":{"rendered":"<p><a href=\"https:\/\/www.isdin.com\/producto\" target=\"_blank\" rel=\"noopener noreferrer\">ISDIN<\/a> entra a formar parte de la familia del Real Club de Golf El Prat. La empresa espa\u00f1ola con m\u00e1s de 40 a\u00f1os de experiencia formulando productos \u00fanicos e innovadores para el cuidado dermatol\u00f3gico de la piel ser\u00e1 el fotoprotector oficial del Club para los pr\u00f3ximos 3 a\u00f1os.<\/p>\n<p>ISDIN acompa\u00f1ar\u00e1 a los socios del Club con el objetivo de concienciar sobre la importancia de una correcta protecci\u00f3n solar. La pr\u00e1ctica deportiva del golf expone a los jugadores durante largos per\u00edodos de tiempo a la luz del sol y es extremadamente importante que los golfistas est\u00e9n correctamente fotoprotegidos.<\/p>\n<p>ISDIN, adem\u00e1s de fotoproteger a los empleados del Club, tendr\u00e1 presencia en la escuela infantil y en diferentes torneos sociales. Adem\u00e1s, disfrutaremos de varias activaciones con embajadores de la marca, como Pablo Larraz\u00e1bal, socio del Real Club de Golf El Prat y Ona Carbonell, la nadadora espa\u00f1ola con m\u00e1s medallas mundiales.<\/p>\n","protected":false},"excerpt":{"rendered":"<p>ISDIN entra a formar parte de la familia del Real Club de Golf El Prat. La empresa espa\u00f1ola con m\u00e1s de 40 a\u00f1os de experiencia formulando productos \u00fanicos e innovadores para el cuidado dermatol\u00f3gico de la piel ser\u00e1 el fotoprotector oficial del Club para los pr\u00f3ximos 3 a\u00f1os. ISDIN acompa\u00f1ar\u00e1 a los socios del Club [&hellip;]<\/p>\n","protected":false},"author":3,"featured_media":0,"comment_status":"closed","ping_status":"closed","sticky":false,"template":"","format":"standard","meta":{"_acf_changed":false,"footnotes":""},"categories":[258],"tags":[],"class_list":["post-179304","post","type-post","status-publish","format-standard","hentry","category-noticies"],"acf":[],"yoast_head":"<!-- This site is optimized with the Yoast SEO plugin v27.4 - https:\/\/yoast.com\/product\/yoast-seo-wordpress\/ -->\n<title>ISDIN, nuevo fotoprotector oficial del Real Club de Golf El Prat - Real Club de Golf El Prat - Barcelona<\/title>\n<meta name=\"description\" content=\"ISDIN ser\u00e1 el fotoprotector oficial del Real Club de Golf El Prat para los pr\u00f3ximos 3 a\u00f1os.\" \/>\n<meta name=\"robots\" content=\"index, follow, max-snippet:-1, max-image-preview:large, max-video-preview:-1\" \/>\n<link rel=\"canonical\" href=\"https:\/\/www.realclubdegolfelprat.com\/ca\/noticies\/isdin-nuevo-fotoprotector-oficial-del-real-club-de-golf-el-prat\/\" \/>\n<meta property=\"og:locale\" content=\"ca_ES\" \/>\n<meta property=\"og:type\" content=\"article\" \/>\n<meta property=\"og:title\" content=\"ISDIN, nuevo fotoprotector oficial del Real Club de Golf El Prat - Real Club de Golf El Prat - Barcelona\" \/>\n<meta property=\"og:description\" content=\"ISDIN ser\u00e1 el fotoprotector oficial del Real Club de Golf El Prat para los pr\u00f3ximos 3 a\u00f1os.\" \/>\n<meta property=\"og:url\" content=\"https:\/\/www.realclubdegolfelprat.com\/ca\/noticies\/isdin-nuevo-fotoprotector-oficial-del-real-club-de-golf-el-prat\/\" \/>\n<meta property=\"og:site_name\" content=\"Real Club de Golf El Prat - Barcelona\" \/>\n<meta property=\"article:publisher\" content=\"https:\/\/www.facebook.com\/golfelprat\" \/>\n<meta property=\"article:published_time\" content=\"2020-06-05T17:39:16+00:00\" \/>\n<meta property=\"article:modified_time\" content=\"2025-03-11T23:24:48+00:00\" \/>\n<meta name=\"author\" content=\"Raquel Castillero Maturana\" \/>\n<meta name=\"twitter:card\" content=\"summary_large_image\" \/>\n<meta name=\"twitter:creator\" content=\"@golfelprat\" \/>\n<meta name=\"twitter:site\" content=\"@golfelprat\" \/>\n<meta name=\"twitter:label1\" content=\"Escrit per\" \/>\n\t<meta name=\"twitter:data1\" content=\"Raquel Castillero Maturana\" \/>\n\t<meta name=\"twitter:label2\" content=\"Temps estimat de lectura\" \/>\n\t<meta name=\"twitter:data2\" content=\"1 minut\" \/>\n<script type=\"application\/ld+json\" class=\"yoast-schema-graph\">{\"@context\":\"https:\\\/\\\/schema.org\",\"@graph\":[{\"@type\":\"Article\",\"@id\":\"https:\\\/\\\/www.realclubdegolfelprat.com\\\/ca\\\/noticies\\\/isdin-nuevo-fotoprotector-oficial-del-real-club-de-golf-el-prat\\\/#article\",\"isPartOf\":{\"@id\":\"https:\\\/\\\/www.realclubdegolfelprat.com\\\/ca\\\/noticies\\\/isdin-nuevo-fotoprotector-oficial-del-real-club-de-golf-el-prat\\\/\"},\"author\":{\"name\":\"Raquel Castillero Maturana\",\"@id\":\"https:\\\/\\\/www.realclubdegolfelprat.com\\\/ca\\\/#\\\/schema\\\/person\\\/b415ffa96e273d60f598cdf97ca795a8\"},\"headline\":\"ISDIN, nuevo fotoprotector oficial del Real Club de Golf El Prat\",\"datePublished\":\"2020-06-05T17:39:16+00:00\",\"dateModified\":\"2025-03-11T23:24:48+00:00\",\"mainEntityOfPage\":{\"@id\":\"https:\\\/\\\/www.realclubdegolfelprat.com\\\/ca\\\/noticies\\\/isdin-nuevo-fotoprotector-oficial-del-real-club-de-golf-el-prat\\\/\"},\"wordCount\":173,\"publisher\":{\"@id\":\"https:\\\/\\\/www.realclubdegolfelprat.com\\\/ca\\\/#organization\"},\"articleSection\":[\"Not\u00edcies\"],\"inLanguage\":\"ca\"},{\"@type\":\"WebPage\",\"@id\":\"https:\\\/\\\/www.realclubdegolfelprat.com\\\/ca\\\/noticies\\\/isdin-nuevo-fotoprotector-oficial-del-real-club-de-golf-el-prat\\\/\",\"url\":\"https:\\\/\\\/www.realclubdegolfelprat.com\\\/ca\\\/noticies\\\/isdin-nuevo-fotoprotector-oficial-del-real-club-de-golf-el-prat\\\/\",\"name\":\"ISDIN, nuevo fotoprotector oficial del Real Club de Golf El Prat - Real Club de Golf El Prat - Barcelona\",\"isPartOf\":{\"@id\":\"https:\\\/\\\/www.realclubdegolfelprat.com\\\/ca\\\/#website\"},\"datePublished\":\"2020-06-05T17:39:16+00:00\",\"dateModified\":\"2025-03-11T23:24:48+00:00\",\"description\":\"ISDIN ser\u00e1 el fotoprotector oficial del Real Club de Golf El Prat para los pr\u00f3ximos 3 a\u00f1os.\",\"breadcrumb\":{\"@id\":\"https:\\\/\\\/www.realclubdegolfelprat.com\\\/ca\\\/noticies\\\/isdin-nuevo-fotoprotector-oficial-del-real-club-de-golf-el-prat\\\/#breadcrumb\"},\"inLanguage\":\"ca\",\"potentialAction\":[{\"@type\":\"ReadAction\",\"target\":[\"https:\\\/\\\/www.realclubdegolfelprat.com\\\/ca\\\/noticies\\\/isdin-nuevo-fotoprotector-oficial-del-real-club-de-golf-el-prat\\\/\"]}]},{\"@type\":\"BreadcrumbList\",\"@id\":\"https:\\\/\\\/www.realclubdegolfelprat.com\\\/ca\\\/noticies\\\/isdin-nuevo-fotoprotector-oficial-del-real-club-de-golf-el-prat\\\/#breadcrumb\",\"itemListElement\":[{\"@type\":\"ListItem\",\"position\":1,\"name\":\"Portada\",\"item\":\"https:\\\/\\\/www.realclubdegolfelprat.com\\\/ca\\\/\"},{\"@type\":\"ListItem\",\"position\":2,\"name\":\"ISDIN, nuevo fotoprotector oficial del Real Club de Golf El Prat\"}]},{\"@type\":\"WebSite\",\"@id\":\"https:\\\/\\\/www.realclubdegolfelprat.com\\\/ca\\\/#website\",\"url\":\"https:\\\/\\\/www.realclubdegolfelprat.com\\\/ca\\\/\",\"name\":\"Real Club de Golf El Prat - Barcelona\",\"description\":\"Tu club de golf en Barcelona\",\"publisher\":{\"@id\":\"https:\\\/\\\/www.realclubdegolfelprat.com\\\/ca\\\/#organization\"},\"potentialAction\":[{\"@type\":\"SearchAction\",\"target\":{\"@type\":\"EntryPoint\",\"urlTemplate\":\"https:\\\/\\\/www.realclubdegolfelprat.com\\\/ca\\\/?s={search_term_string}\"},\"query-input\":{\"@type\":\"PropertyValueSpecification\",\"valueRequired\":true,\"valueName\":\"search_term_string\"}}],\"inLanguage\":\"ca\"},{\"@type\":\"Organization\",\"@id\":\"https:\\\/\\\/www.realclubdegolfelprat.com\\\/ca\\\/#organization\",\"name\":\"Real Club de Golf El Prat - Barcelona\",\"url\":\"https:\\\/\\\/www.realclubdegolfelprat.com\\\/ca\\\/\",\"logo\":{\"@type\":\"ImageObject\",\"inLanguage\":\"ca\",\"@id\":\"https:\\\/\\\/www.realclubdegolfelprat.com\\\/ca\\\/#\\\/schema\\\/logo\\\/image\\\/\",\"url\":\"https:\\\/\\\/www.realclubdegolfelprat.com\\\/wp-content\\\/uploads\\\/2023\\\/03\\\/logo-rcgep-color-120-95.png\",\"contentUrl\":\"https:\\\/\\\/www.realclubdegolfelprat.com\\\/wp-content\\\/uploads\\\/2023\\\/03\\\/logo-rcgep-color-120-95.png\",\"width\":120,\"height\":95,\"caption\":\"Real Club de Golf El Prat - Barcelona\"},\"image\":{\"@id\":\"https:\\\/\\\/www.realclubdegolfelprat.com\\\/ca\\\/#\\\/schema\\\/logo\\\/image\\\/\"},\"sameAs\":[\"https:\\\/\\\/www.facebook.com\\\/golfelprat\",\"https:\\\/\\\/x.com\\\/golfelprat\",\"https:\\\/\\\/www.linkedin.com\\\/company\\\/rcgep\",\"https:\\\/\\\/www.youtube.com\\\/user\\\/realclubdegolfelprat\",\"https:\\\/\\\/www.instagram.com\\\/golfelprat\\\/\"]},{\"@type\":\"Person\",\"@id\":\"https:\\\/\\\/www.realclubdegolfelprat.com\\\/ca\\\/#\\\/schema\\\/person\\\/b415ffa96e273d60f598cdf97ca795a8\",\"name\":\"Raquel Castillero Maturana\",\"image\":{\"@type\":\"ImageObject\",\"inLanguage\":\"ca\",\"@id\":\"https:\\\/\\\/secure.gravatar.com\\\/avatar\\\/91350e08b4fc5a2ee91f45c6465d2fc3ac13334bcb7d7242c5c020039a476b4c?s=96&d=mm&r=g\",\"url\":\"https:\\\/\\\/secure.gravatar.com\\\/avatar\\\/91350e08b4fc5a2ee91f45c6465d2fc3ac13334bcb7d7242c5c020039a476b4c?s=96&d=mm&r=g\",\"contentUrl\":\"https:\\\/\\\/secure.gravatar.com\\\/avatar\\\/91350e08b4fc5a2ee91f45c6465d2fc3ac13334bcb7d7242c5c020039a476b4c?s=96&d=mm&r=g\",\"caption\":\"Raquel Castillero Maturana\"}}]}<\/script>\n<!-- \/ Yoast SEO plugin. -->","yoast_head_json":{"title":"ISDIN, nuevo fotoprotector oficial del Real Club de Golf El Prat - Real Club de Golf El Prat - Barcelona","description":"ISDIN ser\u00e1 el fotoprotector oficial del Real Club de Golf El Prat para los pr\u00f3ximos 3 a\u00f1os.","robots":{"index":"index","follow":"follow","max-snippet":"max-snippet:-1","max-image-preview":"max-image-preview:large","max-video-preview":"max-video-preview:-1"},"canonical":"https:\/\/www.realclubdegolfelprat.com\/ca\/noticies\/isdin-nuevo-fotoprotector-oficial-del-real-club-de-golf-el-prat\/","og_locale":"ca_ES","og_type":"article","og_title":"ISDIN, nuevo fotoprotector oficial del Real Club de Golf El Prat - Real Club de Golf El Prat - Barcelona","og_description":"ISDIN ser\u00e1 el fotoprotector oficial del Real Club de Golf El Prat para los pr\u00f3ximos 3 a\u00f1os.","og_url":"https:\/\/www.realclubdegolfelprat.com\/ca\/noticies\/isdin-nuevo-fotoprotector-oficial-del-real-club-de-golf-el-prat\/","og_site_name":"Real Club de Golf El Prat - Barcelona","article_publisher":"https:\/\/www.facebook.com\/golfelprat","article_published_time":"2020-06-05T17:39:16+00:00","article_modified_time":"2025-03-11T23:24:48+00:00","author":"Raquel Castillero Maturana","twitter_card":"summary_large_image","twitter_creator":"@golfelprat","twitter_site":"@golfelprat","twitter_misc":{"Escrit per":"Raquel Castillero Maturana","Temps estimat de lectura":"1 minut"},"schema":{"@context":"https:\/\/schema.org","@graph":[{"@type":"Article","@id":"https:\/\/www.realclubdegolfelprat.com\/ca\/noticies\/isdin-nuevo-fotoprotector-oficial-del-real-club-de-golf-el-prat\/#article","isPartOf":{"@id":"https:\/\/www.realclubdegolfelprat.com\/ca\/noticies\/isdin-nuevo-fotoprotector-oficial-del-real-club-de-golf-el-prat\/"},"author":{"name":"Raquel Castillero Maturana","@id":"https:\/\/www.realclubdegolfelprat.com\/ca\/#\/schema\/person\/b415ffa96e273d60f598cdf97ca795a8"},"headline":"ISDIN, nuevo fotoprotector oficial del Real Club de Golf El Prat","datePublished":"2020-06-05T17:39:16+00:00","dateModified":"2025-03-11T23:24:48+00:00","mainEntityOfPage":{"@id":"https:\/\/www.realclubdegolfelprat.com\/ca\/noticies\/isdin-nuevo-fotoprotector-oficial-del-real-club-de-golf-el-prat\/"},"wordCount":173,"publisher":{"@id":"https:\/\/www.realclubdegolfelprat.com\/ca\/#organization"},"articleSection":["Not\u00edcies"],"inLanguage":"ca"},{"@type":"WebPage","@id":"https:\/\/www.realclubdegolfelprat.com\/ca\/noticies\/isdin-nuevo-fotoprotector-oficial-del-real-club-de-golf-el-prat\/","url":"https:\/\/www.realclubdegolfelprat.com\/ca\/noticies\/isdin-nuevo-fotoprotector-oficial-del-real-club-de-golf-el-prat\/","name":"ISDIN, nuevo fotoprotector oficial del Real Club de Golf El Prat - Real Club de Golf El Prat - Barcelona","isPartOf":{"@id":"https:\/\/www.realclubdegolfelprat.com\/ca\/#website"},"datePublished":"2020-06-05T17:39:16+00:00","dateModified":"2025-03-11T23:24:48+00:00","description":"ISDIN ser\u00e1 el fotoprotector oficial del Real Club de Golf El Prat para los pr\u00f3ximos 3 a\u00f1os.","breadcrumb":{"@id":"https:\/\/www.realclubdegolfelprat.com\/ca\/noticies\/isdin-nuevo-fotoprotector-oficial-del-real-club-de-golf-el-prat\/#breadcrumb"},"inLanguage":"ca","potentialAction":[{"@type":"ReadAction","target":["https:\/\/www.realclubdegolfelprat.com\/ca\/noticies\/isdin-nuevo-fotoprotector-oficial-del-real-club-de-golf-el-prat\/"]}]},{"@type":"BreadcrumbList","@id":"https:\/\/www.realclubdegolfelprat.com\/ca\/noticies\/isdin-nuevo-fotoprotector-oficial-del-real-club-de-golf-el-prat\/#breadcrumb","itemListElement":[{"@type":"ListItem","position":1,"name":"Portada","item":"https:\/\/www.realclubdegolfelprat.com\/ca\/"},{"@type":"ListItem","position":2,"name":"ISDIN, nuevo fotoprotector oficial del Real Club de Golf El Prat"}]},{"@type":"WebSite","@id":"https:\/\/www.realclubdegolfelprat.com\/ca\/#website","url":"https:\/\/www.realclubdegolfelprat.com\/ca\/","name":"Real Club de Golf El Prat - Barcelona","description":"Tu club de golf en Barcelona","publisher":{"@id":"https:\/\/www.realclubdegolfelprat.com\/ca\/#organization"},"potentialAction":[{"@type":"SearchAction","target":{"@type":"EntryPoint","urlTemplate":"https:\/\/www.realclubdegolfelprat.com\/ca\/?s={search_term_string}"},"query-input":{"@type":"PropertyValueSpecification","valueRequired":true,"valueName":"search_term_string"}}],"inLanguage":"ca"},{"@type":"Organization","@id":"https:\/\/www.realclubdegolfelprat.com\/ca\/#organization","name":"Real Club de Golf El Prat - Barcelona","url":"https:\/\/www.realclubdegolfelprat.com\/ca\/","logo":{"@type":"ImageObject","inLanguage":"ca","@id":"https:\/\/www.realclubdegolfelprat.com\/ca\/#\/schema\/logo\/image\/","url":"https:\/\/www.realclubdegolfelprat.com\/wp-content\/uploads\/2023\/03\/logo-rcgep-color-120-95.png","contentUrl":"https:\/\/www.realclubdegolfelprat.com\/wp-content\/uploads\/2023\/03\/logo-rcgep-color-120-95.png","width":120,"height":95,"caption":"Real Club de Golf El Prat - Barcelona"},"image":{"@id":"https:\/\/www.realclubdegolfelprat.com\/ca\/#\/schema\/logo\/image\/"},"sameAs":["https:\/\/www.facebook.com\/golfelprat","https:\/\/x.com\/golfelprat","https:\/\/www.linkedin.com\/company\/rcgep","https:\/\/www.youtube.com\/user\/realclubdegolfelprat","https:\/\/www.instagram.com\/golfelprat\/"]},{"@type":"Person","@id":"https:\/\/www.realclubdegolfelprat.com\/ca\/#\/schema\/person\/b415ffa96e273d60f598cdf97ca795a8","name":"Raquel Castillero Maturana","image":{"@type":"ImageObject","inLanguage":"ca","@id":"https:\/\/secure.gravatar.com\/avatar\/91350e08b4fc5a2ee91f45c6465d2fc3ac13334bcb7d7242c5c020039a476b4c?s=96&d=mm&r=g","url":"https:\/\/secure.gravatar.com\/avatar\/91350e08b4fc5a2ee91f45c6465d2fc3ac13334bcb7d7242c5c020039a476b4c?s=96&d=mm&r=g","contentUrl":"https:\/\/secure.gravatar.com\/avatar\/91350e08b4fc5a2ee91f45c6465d2fc3ac13334bcb7d7242c5c020039a476b4c?s=96&d=mm&r=g","caption":"Raquel Castillero Maturana"}}]}},"_links":{"self":[{"href":"https:\/\/www.realclubdegolfelprat.com\/ca\/wp-json\/wp\/v2\/posts\/179304","targetHints":{"allow":["GET"]}}],"collection":[{"href":"https:\/\/www.realclubdegolfelprat.com\/ca\/wp-json\/wp\/v2\/posts"}],"about":[{"href":"https:\/\/www.realclubdegolfelprat.com\/ca\/wp-json\/wp\/v2\/types\/post"}],"author":[{"embeddable":true,"href":"https:\/\/www.realclubdegolfelprat.com\/ca\/wp-json\/wp\/v2\/users\/3"}],"replies":[{"embeddable":true,"href":"https:\/\/www.realclubdegolfelprat.com\/ca\/wp-json\/wp\/v2\/comments?post=179304"}],"version-history":[{"count":1,"href":"https:\/\/www.realclubdegolfelprat.com\/ca\/wp-json\/wp\/v2\/posts\/179304\/revisions"}],"predecessor-version":[{"id":179327,"href":"https:\/\/www.realclubdegolfelprat.com\/ca\/wp-json\/wp\/v2\/posts\/179304\/revisions\/179327"}],"wp:attachment":[{"href":"https:\/\/www.realclubdegolfelprat.com\/ca\/wp-json\/wp\/v2\/media?parent=179304"}],"wp:term":[{"taxonomy":"category","embeddable":true,"href":"https:\/\/www.realclubdegolfelprat.com\/ca\/wp-json\/wp\/v2\/categories?post=179304"},{"taxonomy":"post_tag","embeddable":true,"href":"https:\/\/www.realclubdegolfelprat.com\/ca\/wp-json\/wp\/v2\/tags?post=179304"}],"curies":[{"name":"wp","href":"https:\/\/api.w.org\/{rel}","templated":true}]}}