{"id":179317,"date":"2019-12-19T16:25:17","date_gmt":"2019-12-19T16:25:17","guid":{"rendered":"https:\/\/new.rcgep.com\/sin-categoria\/pablo-larrazabal-andrea-de-sentmenat-y-maria-pineiro-premiados-en-la-gala-del-golf-2019\/"},"modified":"2025-03-11T23:31:04","modified_gmt":"2025-03-11T23:31:04","slug":"pablo-larrazabal-andrea-de-sentmenat-y-maria-pineiro-premiados-en-la-gala-del-golf-2019","status":"publish","type":"post","link":"https:\/\/www.realclubdegolfelprat.com\/ca\/noticies\/pablo-larrazabal-andrea-de-sentmenat-y-maria-pineiro-premiados-en-la-gala-del-golf-2019\/","title":{"rendered":"Pablo Larraz\u00e1bal, Andrea de Sentmenat y Mar\u00eda Pi\u00f1eiro premiados en la Gala del Golf 2019"},"content":{"rendered":"<p>La 5\u00aa Gala del Golf ha homenajeado a los grandes triunfadores de la temporada, y entre ellos se encuentran tres de nuestros socios.<\/p>\n<p>Pablo Larraz\u00e1bal recogi\u00f3 su reconocimiento por su reciente victoria en el primer campeonato de la temporada del circuito Europeo, el Alfred Dunhill Championship. Con \u00e9ste ya son 5 los torneos que Larraz\u00e1bal ha conquistado en la m\u00e1xima categor\u00eda del golf europeo.<\/p>\n<p>Por su parte, Andrea de Sentmenat y Mar\u00eda Pi\u00f1eiro recogieron su premio en la Gala del Golf por su victoria en el Campeonato de Europa Universitario por equipos femenino. Las socias del Real Club de Golf El Prat se llevaron la sexta edici\u00f3n de este Campeonato que reuni\u00f3 a participantes de diez universidades procedentes de seis pa\u00edses.<\/p>\n<p><a href=\"https:\/\/www.rfegolf.es\/ArtculosDocumento\/COMIT%C3%89%20RFEG\/RFEG%202019\/gala%20golf%20espanol%20premiados%202019.pdf\" target=\"_blank\" rel=\"noopener noreferrer\">Ver el listado completo de premiados.<\/a><\/p>\n<p>NOTICIAS RELACIONADAS<\/p>\n<ul>\n<li><a href=\"https:\/\/www.realclubdegolfelprat.com\/ca\/noticies\/pablo-larrazabal-se-lleva-el-triunfo-en-el-alfred-dunhill-championship\/\">Pablo Larraz\u00e1bal se lleva el triunfo en el Alfred Dunhill Championship<\/a><\/li>\n<\/ul>\n","protected":false},"excerpt":{"rendered":"<p>La 5\u00aa Gala del Golf ha homenajeado a los grandes triunfadores de la temporada, y entre ellos se encuentran tres de nuestros socios. Pablo Larraz\u00e1bal recogi\u00f3 su reconocimiento por su reciente victoria en el primer campeonato de la temporada del circuito Europeo, el Alfred Dunhill Championship. Con \u00e9ste ya son 5 los torneos que Larraz\u00e1bal [&hellip;]<\/p>\n","protected":false},"author":3,"featured_media":0,"comment_status":"closed","ping_status":"closed","sticky":false,"template":"","format":"standard","meta":{"_acf_changed":false,"footnotes":""},"categories":[258],"tags":[],"class_list":["post-179317","post","type-post","status-publish","format-standard","hentry","category-noticies"],"acf":[],"yoast_head":"<!-- This site is optimized with the Yoast SEO plugin v27.4 - https:\/\/yoast.com\/product\/yoast-seo-wordpress\/ -->\n<title>Pablo Larraz\u00e1bal, Andrea de Sentmenat y Mar\u00eda Pi\u00f1eiro premiados en la Gala del Golf 2019 - Real Club de Golf El Prat - Barcelona<\/title>\n<meta name=\"description\" content=\"La 5\u00aa Gala del Golf ha homenajeado a los grandes triunfadores de la temporada, y entre ellos se encuentran tres de nuestros socios.\" \/>\n<meta name=\"robots\" content=\"index, follow, max-snippet:-1, max-image-preview:large, max-video-preview:-1\" \/>\n<link rel=\"canonical\" href=\"https:\/\/www.realclubdegolfelprat.com\/ca\/noticies\/pablo-larrazabal-andrea-de-sentmenat-y-maria-pineiro-premiados-en-la-gala-del-golf-2019\/\" \/>\n<meta property=\"og:locale\" content=\"ca_ES\" \/>\n<meta property=\"og:type\" content=\"article\" \/>\n<meta property=\"og:title\" content=\"Pablo Larraz\u00e1bal, Andrea de Sentmenat y Mar\u00eda Pi\u00f1eiro premiados en la Gala del Golf 2019 - Real Club de Golf El Prat - Barcelona\" \/>\n<meta property=\"og:description\" content=\"La 5\u00aa Gala del Golf ha homenajeado a los grandes triunfadores de la temporada, y entre ellos se encuentran tres de nuestros socios.\" \/>\n<meta property=\"og:url\" content=\"https:\/\/www.realclubdegolfelprat.com\/ca\/noticies\/pablo-larrazabal-andrea-de-sentmenat-y-maria-pineiro-premiados-en-la-gala-del-golf-2019\/\" \/>\n<meta property=\"og:site_name\" content=\"Real Club de Golf El Prat - Barcelona\" \/>\n<meta property=\"article:publisher\" content=\"https:\/\/www.facebook.com\/golfelprat\" \/>\n<meta property=\"article:published_time\" content=\"2019-12-19T16:25:17+00:00\" \/>\n<meta property=\"article:modified_time\" content=\"2025-03-11T23:31:04+00:00\" \/>\n<meta name=\"author\" content=\"Raquel Castillero Maturana\" \/>\n<meta name=\"twitter:card\" content=\"summary_large_image\" \/>\n<meta name=\"twitter:creator\" content=\"@golfelprat\" \/>\n<meta name=\"twitter:site\" content=\"@golfelprat\" \/>\n<meta name=\"twitter:label1\" content=\"Escrit per\" \/>\n\t<meta name=\"twitter:data1\" content=\"Raquel Castillero Maturana\" \/>\n\t<meta name=\"twitter:label2\" content=\"Temps estimat de lectura\" \/>\n\t<meta name=\"twitter:data2\" content=\"1 minut\" \/>\n<script type=\"application\/ld+json\" class=\"yoast-schema-graph\">{\"@context\":\"https:\\\/\\\/schema.org\",\"@graph\":[{\"@type\":\"Article\",\"@id\":\"https:\\\/\\\/www.realclubdegolfelprat.com\\\/ca\\\/noticies\\\/pablo-larrazabal-andrea-de-sentmenat-y-maria-pineiro-premiados-en-la-gala-del-golf-2019\\\/#article\",\"isPartOf\":{\"@id\":\"https:\\\/\\\/www.realclubdegolfelprat.com\\\/ca\\\/noticies\\\/pablo-larrazabal-andrea-de-sentmenat-y-maria-pineiro-premiados-en-la-gala-del-golf-2019\\\/\"},\"author\":{\"name\":\"Raquel Castillero Maturana\",\"@id\":\"https:\\\/\\\/www.realclubdegolfelprat.com\\\/ca\\\/#\\\/schema\\\/person\\\/b415ffa96e273d60f598cdf97ca795a8\"},\"headline\":\"Pablo Larraz\u00e1bal, Andrea de Sentmenat y Mar\u00eda Pi\u00f1eiro premiados en la Gala del Golf 2019\",\"datePublished\":\"2019-12-19T16:25:17+00:00\",\"dateModified\":\"2025-03-11T23:31:04+00:00\",\"mainEntityOfPage\":{\"@id\":\"https:\\\/\\\/www.realclubdegolfelprat.com\\\/ca\\\/noticies\\\/pablo-larrazabal-andrea-de-sentmenat-y-maria-pineiro-premiados-en-la-gala-del-golf-2019\\\/\"},\"wordCount\":164,\"publisher\":{\"@id\":\"https:\\\/\\\/www.realclubdegolfelprat.com\\\/ca\\\/#organization\"},\"articleSection\":[\"Not\u00edcies\"],\"inLanguage\":\"ca\"},{\"@type\":\"WebPage\",\"@id\":\"https:\\\/\\\/www.realclubdegolfelprat.com\\\/ca\\\/noticies\\\/pablo-larrazabal-andrea-de-sentmenat-y-maria-pineiro-premiados-en-la-gala-del-golf-2019\\\/\",\"url\":\"https:\\\/\\\/www.realclubdegolfelprat.com\\\/ca\\\/noticies\\\/pablo-larrazabal-andrea-de-sentmenat-y-maria-pineiro-premiados-en-la-gala-del-golf-2019\\\/\",\"name\":\"Pablo Larraz\u00e1bal, Andrea de Sentmenat y Mar\u00eda Pi\u00f1eiro premiados en la Gala del Golf 2019 - Real Club de Golf El Prat - Barcelona\",\"isPartOf\":{\"@id\":\"https:\\\/\\\/www.realclubdegolfelprat.com\\\/ca\\\/#website\"},\"datePublished\":\"2019-12-19T16:25:17+00:00\",\"dateModified\":\"2025-03-11T23:31:04+00:00\",\"description\":\"La 5\u00aa Gala del Golf ha homenajeado a los grandes triunfadores de la temporada, y entre ellos se encuentran tres de nuestros socios.\",\"breadcrumb\":{\"@id\":\"https:\\\/\\\/www.realclubdegolfelprat.com\\\/ca\\\/noticies\\\/pablo-larrazabal-andrea-de-sentmenat-y-maria-pineiro-premiados-en-la-gala-del-golf-2019\\\/#breadcrumb\"},\"inLanguage\":\"ca\",\"potentialAction\":[{\"@type\":\"ReadAction\",\"target\":[\"https:\\\/\\\/www.realclubdegolfelprat.com\\\/ca\\\/noticies\\\/pablo-larrazabal-andrea-de-sentmenat-y-maria-pineiro-premiados-en-la-gala-del-golf-2019\\\/\"]}]},{\"@type\":\"BreadcrumbList\",\"@id\":\"https:\\\/\\\/www.realclubdegolfelprat.com\\\/ca\\\/noticies\\\/pablo-larrazabal-andrea-de-sentmenat-y-maria-pineiro-premiados-en-la-gala-del-golf-2019\\\/#breadcrumb\",\"itemListElement\":[{\"@type\":\"ListItem\",\"position\":1,\"name\":\"Portada\",\"item\":\"https:\\\/\\\/www.realclubdegolfelprat.com\\\/ca\\\/\"},{\"@type\":\"ListItem\",\"position\":2,\"name\":\"Pablo Larraz\u00e1bal, Andrea de Sentmenat y Mar\u00eda Pi\u00f1eiro premiados en la Gala del Golf 2019\"}]},{\"@type\":\"WebSite\",\"@id\":\"https:\\\/\\\/www.realclubdegolfelprat.com\\\/ca\\\/#website\",\"url\":\"https:\\\/\\\/www.realclubdegolfelprat.com\\\/ca\\\/\",\"name\":\"Real Club de Golf El Prat - Barcelona\",\"description\":\"Tu club de golf en Barcelona\",\"publisher\":{\"@id\":\"https:\\\/\\\/www.realclubdegolfelprat.com\\\/ca\\\/#organization\"},\"potentialAction\":[{\"@type\":\"SearchAction\",\"target\":{\"@type\":\"EntryPoint\",\"urlTemplate\":\"https:\\\/\\\/www.realclubdegolfelprat.com\\\/ca\\\/?s={search_term_string}\"},\"query-input\":{\"@type\":\"PropertyValueSpecification\",\"valueRequired\":true,\"valueName\":\"search_term_string\"}}],\"inLanguage\":\"ca\"},{\"@type\":\"Organization\",\"@id\":\"https:\\\/\\\/www.realclubdegolfelprat.com\\\/ca\\\/#organization\",\"name\":\"Real Club de Golf El Prat - Barcelona\",\"url\":\"https:\\\/\\\/www.realclubdegolfelprat.com\\\/ca\\\/\",\"logo\":{\"@type\":\"ImageObject\",\"inLanguage\":\"ca\",\"@id\":\"https:\\\/\\\/www.realclubdegolfelprat.com\\\/ca\\\/#\\\/schema\\\/logo\\\/image\\\/\",\"url\":\"https:\\\/\\\/www.realclubdegolfelprat.com\\\/wp-content\\\/uploads\\\/2023\\\/03\\\/logo-rcgep-color-120-95.png\",\"contentUrl\":\"https:\\\/\\\/www.realclubdegolfelprat.com\\\/wp-content\\\/uploads\\\/2023\\\/03\\\/logo-rcgep-color-120-95.png\",\"width\":120,\"height\":95,\"caption\":\"Real Club de Golf El Prat - Barcelona\"},\"image\":{\"@id\":\"https:\\\/\\\/www.realclubdegolfelprat.com\\\/ca\\\/#\\\/schema\\\/logo\\\/image\\\/\"},\"sameAs\":[\"https:\\\/\\\/www.facebook.com\\\/golfelprat\",\"https:\\\/\\\/x.com\\\/golfelprat\",\"https:\\\/\\\/www.linkedin.com\\\/company\\\/rcgep\",\"https:\\\/\\\/www.youtube.com\\\/user\\\/realclubdegolfelprat\",\"https:\\\/\\\/www.instagram.com\\\/golfelprat\\\/\"]},{\"@type\":\"Person\",\"@id\":\"https:\\\/\\\/www.realclubdegolfelprat.com\\\/ca\\\/#\\\/schema\\\/person\\\/b415ffa96e273d60f598cdf97ca795a8\",\"name\":\"Raquel Castillero Maturana\",\"image\":{\"@type\":\"ImageObject\",\"inLanguage\":\"ca\",\"@id\":\"https:\\\/\\\/secure.gravatar.com\\\/avatar\\\/91350e08b4fc5a2ee91f45c6465d2fc3ac13334bcb7d7242c5c020039a476b4c?s=96&d=mm&r=g\",\"url\":\"https:\\\/\\\/secure.gravatar.com\\\/avatar\\\/91350e08b4fc5a2ee91f45c6465d2fc3ac13334bcb7d7242c5c020039a476b4c?s=96&d=mm&r=g\",\"contentUrl\":\"https:\\\/\\\/secure.gravatar.com\\\/avatar\\\/91350e08b4fc5a2ee91f45c6465d2fc3ac13334bcb7d7242c5c020039a476b4c?s=96&d=mm&r=g\",\"caption\":\"Raquel Castillero Maturana\"}}]}<\/script>\n<!-- \/ Yoast SEO plugin. -->","yoast_head_json":{"title":"Pablo Larraz\u00e1bal, Andrea de Sentmenat y Mar\u00eda Pi\u00f1eiro premiados en la Gala del Golf 2019 - Real Club de Golf El Prat - Barcelona","description":"La 5\u00aa Gala del Golf ha homenajeado a los grandes triunfadores de la temporada, y entre ellos se encuentran tres de nuestros socios.","robots":{"index":"index","follow":"follow","max-snippet":"max-snippet:-1","max-image-preview":"max-image-preview:large","max-video-preview":"max-video-preview:-1"},"canonical":"https:\/\/www.realclubdegolfelprat.com\/ca\/noticies\/pablo-larrazabal-andrea-de-sentmenat-y-maria-pineiro-premiados-en-la-gala-del-golf-2019\/","og_locale":"ca_ES","og_type":"article","og_title":"Pablo Larraz\u00e1bal, Andrea de Sentmenat y Mar\u00eda Pi\u00f1eiro premiados en la Gala del Golf 2019 - Real Club de Golf El Prat - Barcelona","og_description":"La 5\u00aa Gala del Golf ha homenajeado a los grandes triunfadores de la temporada, y entre ellos se encuentran tres de nuestros socios.","og_url":"https:\/\/www.realclubdegolfelprat.com\/ca\/noticies\/pablo-larrazabal-andrea-de-sentmenat-y-maria-pineiro-premiados-en-la-gala-del-golf-2019\/","og_site_name":"Real Club de Golf El Prat - Barcelona","article_publisher":"https:\/\/www.facebook.com\/golfelprat","article_published_time":"2019-12-19T16:25:17+00:00","article_modified_time":"2025-03-11T23:31:04+00:00","author":"Raquel Castillero Maturana","twitter_card":"summary_large_image","twitter_creator":"@golfelprat","twitter_site":"@golfelprat","twitter_misc":{"Escrit per":"Raquel Castillero Maturana","Temps estimat de lectura":"1 minut"},"schema":{"@context":"https:\/\/schema.org","@graph":[{"@type":"Article","@id":"https:\/\/www.realclubdegolfelprat.com\/ca\/noticies\/pablo-larrazabal-andrea-de-sentmenat-y-maria-pineiro-premiados-en-la-gala-del-golf-2019\/#article","isPartOf":{"@id":"https:\/\/www.realclubdegolfelprat.com\/ca\/noticies\/pablo-larrazabal-andrea-de-sentmenat-y-maria-pineiro-premiados-en-la-gala-del-golf-2019\/"},"author":{"name":"Raquel Castillero Maturana","@id":"https:\/\/www.realclubdegolfelprat.com\/ca\/#\/schema\/person\/b415ffa96e273d60f598cdf97ca795a8"},"headline":"Pablo Larraz\u00e1bal, Andrea de Sentmenat y Mar\u00eda Pi\u00f1eiro premiados en la Gala del Golf 2019","datePublished":"2019-12-19T16:25:17+00:00","dateModified":"2025-03-11T23:31:04+00:00","mainEntityOfPage":{"@id":"https:\/\/www.realclubdegolfelprat.com\/ca\/noticies\/pablo-larrazabal-andrea-de-sentmenat-y-maria-pineiro-premiados-en-la-gala-del-golf-2019\/"},"wordCount":164,"publisher":{"@id":"https:\/\/www.realclubdegolfelprat.com\/ca\/#organization"},"articleSection":["Not\u00edcies"],"inLanguage":"ca"},{"@type":"WebPage","@id":"https:\/\/www.realclubdegolfelprat.com\/ca\/noticies\/pablo-larrazabal-andrea-de-sentmenat-y-maria-pineiro-premiados-en-la-gala-del-golf-2019\/","url":"https:\/\/www.realclubdegolfelprat.com\/ca\/noticies\/pablo-larrazabal-andrea-de-sentmenat-y-maria-pineiro-premiados-en-la-gala-del-golf-2019\/","name":"Pablo Larraz\u00e1bal, Andrea de Sentmenat y Mar\u00eda Pi\u00f1eiro premiados en la Gala del Golf 2019 - Real Club de Golf El Prat - Barcelona","isPartOf":{"@id":"https:\/\/www.realclubdegolfelprat.com\/ca\/#website"},"datePublished":"2019-12-19T16:25:17+00:00","dateModified":"2025-03-11T23:31:04+00:00","description":"La 5\u00aa Gala del Golf ha homenajeado a los grandes triunfadores de la temporada, y entre ellos se encuentran tres de nuestros socios.","breadcrumb":{"@id":"https:\/\/www.realclubdegolfelprat.com\/ca\/noticies\/pablo-larrazabal-andrea-de-sentmenat-y-maria-pineiro-premiados-en-la-gala-del-golf-2019\/#breadcrumb"},"inLanguage":"ca","potentialAction":[{"@type":"ReadAction","target":["https:\/\/www.realclubdegolfelprat.com\/ca\/noticies\/pablo-larrazabal-andrea-de-sentmenat-y-maria-pineiro-premiados-en-la-gala-del-golf-2019\/"]}]},{"@type":"BreadcrumbList","@id":"https:\/\/www.realclubdegolfelprat.com\/ca\/noticies\/pablo-larrazabal-andrea-de-sentmenat-y-maria-pineiro-premiados-en-la-gala-del-golf-2019\/#breadcrumb","itemListElement":[{"@type":"ListItem","position":1,"name":"Portada","item":"https:\/\/www.realclubdegolfelprat.com\/ca\/"},{"@type":"ListItem","position":2,"name":"Pablo Larraz\u00e1bal, Andrea de Sentmenat y Mar\u00eda Pi\u00f1eiro premiados en la Gala del Golf 2019"}]},{"@type":"WebSite","@id":"https:\/\/www.realclubdegolfelprat.com\/ca\/#website","url":"https:\/\/www.realclubdegolfelprat.com\/ca\/","name":"Real Club de Golf El Prat - Barcelona","description":"Tu club de golf en Barcelona","publisher":{"@id":"https:\/\/www.realclubdegolfelprat.com\/ca\/#organization"},"potentialAction":[{"@type":"SearchAction","target":{"@type":"EntryPoint","urlTemplate":"https:\/\/www.realclubdegolfelprat.com\/ca\/?s={search_term_string}"},"query-input":{"@type":"PropertyValueSpecification","valueRequired":true,"valueName":"search_term_string"}}],"inLanguage":"ca"},{"@type":"Organization","@id":"https:\/\/www.realclubdegolfelprat.com\/ca\/#organization","name":"Real Club de Golf El Prat - Barcelona","url":"https:\/\/www.realclubdegolfelprat.com\/ca\/","logo":{"@type":"ImageObject","inLanguage":"ca","@id":"https:\/\/www.realclubdegolfelprat.com\/ca\/#\/schema\/logo\/image\/","url":"https:\/\/www.realclubdegolfelprat.com\/wp-content\/uploads\/2023\/03\/logo-rcgep-color-120-95.png","contentUrl":"https:\/\/www.realclubdegolfelprat.com\/wp-content\/uploads\/2023\/03\/logo-rcgep-color-120-95.png","width":120,"height":95,"caption":"Real Club de Golf El Prat - Barcelona"},"image":{"@id":"https:\/\/www.realclubdegolfelprat.com\/ca\/#\/schema\/logo\/image\/"},"sameAs":["https:\/\/www.facebook.com\/golfelprat","https:\/\/x.com\/golfelprat","https:\/\/www.linkedin.com\/company\/rcgep","https:\/\/www.youtube.com\/user\/realclubdegolfelprat","https:\/\/www.instagram.com\/golfelprat\/"]},{"@type":"Person","@id":"https:\/\/www.realclubdegolfelprat.com\/ca\/#\/schema\/person\/b415ffa96e273d60f598cdf97ca795a8","name":"Raquel Castillero Maturana","image":{"@type":"ImageObject","inLanguage":"ca","@id":"https:\/\/secure.gravatar.com\/avatar\/91350e08b4fc5a2ee91f45c6465d2fc3ac13334bcb7d7242c5c020039a476b4c?s=96&d=mm&r=g","url":"https:\/\/secure.gravatar.com\/avatar\/91350e08b4fc5a2ee91f45c6465d2fc3ac13334bcb7d7242c5c020039a476b4c?s=96&d=mm&r=g","contentUrl":"https:\/\/secure.gravatar.com\/avatar\/91350e08b4fc5a2ee91f45c6465d2fc3ac13334bcb7d7242c5c020039a476b4c?s=96&d=mm&r=g","caption":"Raquel Castillero Maturana"}}]}},"_links":{"self":[{"href":"https:\/\/www.realclubdegolfelprat.com\/ca\/wp-json\/wp\/v2\/posts\/179317","targetHints":{"allow":["GET"]}}],"collection":[{"href":"https:\/\/www.realclubdegolfelprat.com\/ca\/wp-json\/wp\/v2\/posts"}],"about":[{"href":"https:\/\/www.realclubdegolfelprat.com\/ca\/wp-json\/wp\/v2\/types\/post"}],"author":[{"embeddable":true,"href":"https:\/\/www.realclubdegolfelprat.com\/ca\/wp-json\/wp\/v2\/users\/3"}],"replies":[{"embeddable":true,"href":"https:\/\/www.realclubdegolfelprat.com\/ca\/wp-json\/wp\/v2\/comments?post=179317"}],"version-history":[{"count":1,"href":"https:\/\/www.realclubdegolfelprat.com\/ca\/wp-json\/wp\/v2\/posts\/179317\/revisions"}],"predecessor-version":[{"id":179353,"href":"https:\/\/www.realclubdegolfelprat.com\/ca\/wp-json\/wp\/v2\/posts\/179317\/revisions\/179353"}],"wp:attachment":[{"href":"https:\/\/www.realclubdegolfelprat.com\/ca\/wp-json\/wp\/v2\/media?parent=179317"}],"wp:term":[{"taxonomy":"category","embeddable":true,"href":"https:\/\/www.realclubdegolfelprat.com\/ca\/wp-json\/wp\/v2\/categories?post=179317"},{"taxonomy":"post_tag","embeddable":true,"href":"https:\/\/www.realclubdegolfelprat.com\/ca\/wp-json\/wp\/v2\/tags?post=179317"}],"curies":[{"name":"wp","href":"https:\/\/api.w.org\/{rel}","templated":true}]}}