{"id":179424,"date":"2018-11-05T09:31:32","date_gmt":"2018-11-05T09:31:32","guid":{"rendered":"https:\/\/new.rcgep.com\/sin-categoria\/adria-arnaus-gana-la-gran-final-del-challenge-tour-y-obtiene-la-tarjeta-del-european-tour-2019\/"},"modified":"2025-03-11T23:41:46","modified_gmt":"2025-03-11T23:41:46","slug":"adria-arnaus-gana-la-gran-final-del-challenge-tour-y-obtiene-la-tarjeta-del-european-tour-2019","status":"publish","type":"post","link":"https:\/\/www.realclubdegolfelprat.com\/ca\/noticies\/adria-arnaus-gana-la-gran-final-del-challenge-tour-y-obtiene-la-tarjeta-del-european-tour-2019\/","title":{"rendered":"Adri\u00e1 Arnaus gana la Gran Final del Challenge Tour y obtiene la tarjeta del European Tour 2019"},"content":{"rendered":"<p><strong>Arnaus consigue la victoria en Ras Al Khaimah Challenge, la gran final del Challenge Tour y entra por lo grande al European Tour.<\/strong><\/p>\n<p>Adri\u00e1 Arnaus ha conseguido un doble premio en el \u00faltimo torneo de la temporada del Challenge Tour: el triunfo en la Gran Final disputada en el campo de Ras Al Khaimah, en Emiratos \u00c1rabes Unidos, y la tarjeta del European Tour en 2019.<\/p>\n<p>El socio del Real Club de Golf El Prat ha redondeado una m\u00e1s que notable campa\u00f1a, en donde, al margen de esta victoria, fue segundo en el Cordon Golf Open y tercero en el Challenge de Rep\u00fablica Checa.<\/p>\n<p>Adri\u00e1 Arnaus ha reproducido, este a\u00f1o en el Challenge Tour, la sobresaliente trayectoria gestada en el Alps Tour en 2017, donde, a\u00fan amateur, gan\u00f3 la Gran Final de este Circuito al margen de sumar dos victorias que le permitieron distinguirse como n\u00famero 1 del Ranking.<\/p>\n<p>En esta ocasi\u00f3n, en Ras Al Khaimah, Adri\u00e1 Arnaus supo gestionar a las mil maravillas la renta de tres golpes obtenida sobre un cuarteto de jugadores a falta de 18 hoyos para la conclusi\u00f3n.<\/p>\n<p>Para llegar a ese punto, el golfista barcelon\u00e9s se aup\u00f3 desde el primer momento a la parte m\u00e1s alta de la clasificaci\u00f3n, coliderando la competici\u00f3n tanto en la primera como en la segunda jornada tras entregar sendas brillantes tarjetas de 66 y 69 golpes.<\/p>\n<p>La igualdad en lo alto de la tabla se rompi\u00f3 a favor del jugador espa\u00f1ol a la conclusi\u00f3n de la tercera ronda, 18 hoyos donde Adri\u00e1 Arnaus roz\u00f3 la perfecci\u00f3n, 5 bajo par producto de seis birdies y un solo bogey que constituy\u00f3 una propuesta inalcanzable para el resto de sus principales rivales, los franceses V\u00edctor P\u00e9rez y Romain Langasque, el estadounidense Sean Crocker y el holand\u00e9s Daan Huizing, todos ellos empatados con 11 bajo par, tres golpes m\u00e1s que Adri\u00e1 Arnaus.<\/p>\n<p>En la ronda final, la tensi\u00f3n a flor de piel caracteriz\u00f3 toda la \u00faltima vuelta de Adri\u00e1 Arnaus, acosado hasta extremos insospechados por el franc\u00e9s V\u00edctor P\u00e9rez, autor de una tarjeta final de 5 bajo par que exigi\u00f3 afinar al m\u00e1ximo al golfista barcelon\u00e9s.<\/p>\n<p>Para resistir a semejante ataque, Adri\u00e1 Arnaus fue salpicando su tarjeta con oportunos birdies -en los hoyos 3, 11, 13\u2026- que ejerc\u00edan de b\u00e1lsamo ante sus rivales m\u00e1s enconados, entre los que hay que destacar al citado Victor P\u00e9rez y al holand\u00e9s Daan Huizing, que presentaron su candidatura al triunfo hasta el final del torneo, momento vital en el que Adri\u00e1 Arnaus remat\u00f3 la situaci\u00f3n con un birdie en el \u00faltimo hoyo que le dio la victoria con un golpe de ventaja sobre al jugador galo.<\/p>\n<p>\u00a1Muchas felicidades!<\/p>\n","protected":false},"excerpt":{"rendered":"<p>Arnaus consigue la victoria en Ras Al Khaimah Challenge, la gran final del Challenge Tour y entra por lo grande al European Tour. Adri\u00e1 Arnaus ha conseguido un doble premio en el \u00faltimo torneo de la temporada del Challenge Tour: el triunfo en la Gran Final disputada en el campo de Ras Al Khaimah, en [&hellip;]<\/p>\n","protected":false},"author":3,"featured_media":0,"comment_status":"closed","ping_status":"closed","sticky":false,"template":"","format":"standard","meta":{"_acf_changed":false,"footnotes":""},"categories":[258],"tags":[],"class_list":["post-179424","post","type-post","status-publish","format-standard","hentry","category-noticies"],"acf":[],"yoast_head":"<!-- This site is optimized with the Yoast SEO plugin v27.4 - https:\/\/yoast.com\/product\/yoast-seo-wordpress\/ -->\n<title>Adri\u00e1 Arnaus gana la Gran Final del Challenge Tour y obtiene la tarjeta del European Tour 2019 - Real Club de Golf El Prat - Barcelona<\/title>\n<meta name=\"description\" content=\"Adri\u00e1 Arnaus consigue la victoria en Ras Al Khaimah Challenge, la gran final del Challenge Tour y entra por lo grande al European Tour.\" \/>\n<meta name=\"robots\" content=\"index, follow, max-snippet:-1, max-image-preview:large, max-video-preview:-1\" \/>\n<link rel=\"canonical\" href=\"https:\/\/www.realclubdegolfelprat.com\/ca\/noticies\/adria-arnaus-gana-la-gran-final-del-challenge-tour-y-obtiene-la-tarjeta-del-european-tour-2019\/\" \/>\n<meta property=\"og:locale\" content=\"ca_ES\" \/>\n<meta property=\"og:type\" content=\"article\" \/>\n<meta property=\"og:title\" content=\"Adri\u00e1 Arnaus gana la Gran Final del Challenge Tour y obtiene la tarjeta del European Tour 2019 - Real Club de Golf El Prat - Barcelona\" \/>\n<meta property=\"og:description\" content=\"Adri\u00e1 Arnaus consigue la victoria en Ras Al Khaimah Challenge, la gran final del Challenge Tour y entra por lo grande al European Tour.\" \/>\n<meta property=\"og:url\" content=\"https:\/\/www.realclubdegolfelprat.com\/ca\/noticies\/adria-arnaus-gana-la-gran-final-del-challenge-tour-y-obtiene-la-tarjeta-del-european-tour-2019\/\" \/>\n<meta property=\"og:site_name\" content=\"Real Club de Golf El Prat - Barcelona\" \/>\n<meta property=\"article:publisher\" content=\"https:\/\/www.facebook.com\/golfelprat\" \/>\n<meta property=\"article:published_time\" content=\"2018-11-05T09:31:32+00:00\" \/>\n<meta property=\"article:modified_time\" content=\"2025-03-11T23:41:46+00:00\" \/>\n<meta name=\"author\" content=\"Raquel Castillero Maturana\" \/>\n<meta name=\"twitter:card\" content=\"summary_large_image\" \/>\n<meta name=\"twitter:creator\" content=\"@golfelprat\" \/>\n<meta name=\"twitter:site\" content=\"@golfelprat\" \/>\n<meta name=\"twitter:label1\" content=\"Escrit per\" \/>\n\t<meta name=\"twitter:data1\" content=\"Raquel Castillero Maturana\" \/>\n\t<meta name=\"twitter:label2\" content=\"Temps estimat de lectura\" \/>\n\t<meta name=\"twitter:data2\" content=\"2 minuts\" \/>\n<script type=\"application\/ld+json\" class=\"yoast-schema-graph\">{\"@context\":\"https:\\\/\\\/schema.org\",\"@graph\":[{\"@type\":\"Article\",\"@id\":\"https:\\\/\\\/www.realclubdegolfelprat.com\\\/ca\\\/noticies\\\/adria-arnaus-gana-la-gran-final-del-challenge-tour-y-obtiene-la-tarjeta-del-european-tour-2019\\\/#article\",\"isPartOf\":{\"@id\":\"https:\\\/\\\/www.realclubdegolfelprat.com\\\/ca\\\/noticies\\\/adria-arnaus-gana-la-gran-final-del-challenge-tour-y-obtiene-la-tarjeta-del-european-tour-2019\\\/\"},\"author\":{\"name\":\"Raquel Castillero Maturana\",\"@id\":\"https:\\\/\\\/www.realclubdegolfelprat.com\\\/ca\\\/#\\\/schema\\\/person\\\/b415ffa96e273d60f598cdf97ca795a8\"},\"headline\":\"Adri\u00e1 Arnaus gana la Gran Final del Challenge Tour y obtiene la tarjeta del European Tour 2019\",\"datePublished\":\"2018-11-05T09:31:32+00:00\",\"dateModified\":\"2025-03-11T23:41:46+00:00\",\"mainEntityOfPage\":{\"@id\":\"https:\\\/\\\/www.realclubdegolfelprat.com\\\/ca\\\/noticies\\\/adria-arnaus-gana-la-gran-final-del-challenge-tour-y-obtiene-la-tarjeta-del-european-tour-2019\\\/\"},\"wordCount\":476,\"publisher\":{\"@id\":\"https:\\\/\\\/www.realclubdegolfelprat.com\\\/ca\\\/#organization\"},\"articleSection\":[\"Not\u00edcies\"],\"inLanguage\":\"ca\"},{\"@type\":\"WebPage\",\"@id\":\"https:\\\/\\\/www.realclubdegolfelprat.com\\\/ca\\\/noticies\\\/adria-arnaus-gana-la-gran-final-del-challenge-tour-y-obtiene-la-tarjeta-del-european-tour-2019\\\/\",\"url\":\"https:\\\/\\\/www.realclubdegolfelprat.com\\\/ca\\\/noticies\\\/adria-arnaus-gana-la-gran-final-del-challenge-tour-y-obtiene-la-tarjeta-del-european-tour-2019\\\/\",\"name\":\"Adri\u00e1 Arnaus gana la Gran Final del Challenge Tour y obtiene la tarjeta del European Tour 2019 - Real Club de Golf El Prat - Barcelona\",\"isPartOf\":{\"@id\":\"https:\\\/\\\/www.realclubdegolfelprat.com\\\/ca\\\/#website\"},\"datePublished\":\"2018-11-05T09:31:32+00:00\",\"dateModified\":\"2025-03-11T23:41:46+00:00\",\"description\":\"Adri\u00e1 Arnaus consigue la victoria en Ras Al Khaimah Challenge, la gran final del Challenge Tour y entra por lo grande al European Tour.\",\"breadcrumb\":{\"@id\":\"https:\\\/\\\/www.realclubdegolfelprat.com\\\/ca\\\/noticies\\\/adria-arnaus-gana-la-gran-final-del-challenge-tour-y-obtiene-la-tarjeta-del-european-tour-2019\\\/#breadcrumb\"},\"inLanguage\":\"ca\",\"potentialAction\":[{\"@type\":\"ReadAction\",\"target\":[\"https:\\\/\\\/www.realclubdegolfelprat.com\\\/ca\\\/noticies\\\/adria-arnaus-gana-la-gran-final-del-challenge-tour-y-obtiene-la-tarjeta-del-european-tour-2019\\\/\"]}]},{\"@type\":\"BreadcrumbList\",\"@id\":\"https:\\\/\\\/www.realclubdegolfelprat.com\\\/ca\\\/noticies\\\/adria-arnaus-gana-la-gran-final-del-challenge-tour-y-obtiene-la-tarjeta-del-european-tour-2019\\\/#breadcrumb\",\"itemListElement\":[{\"@type\":\"ListItem\",\"position\":1,\"name\":\"Portada\",\"item\":\"https:\\\/\\\/www.realclubdegolfelprat.com\\\/ca\\\/\"},{\"@type\":\"ListItem\",\"position\":2,\"name\":\"Adri\u00e1 Arnaus gana la Gran Final del Challenge Tour y obtiene la tarjeta del European Tour 2019\"}]},{\"@type\":\"WebSite\",\"@id\":\"https:\\\/\\\/www.realclubdegolfelprat.com\\\/ca\\\/#website\",\"url\":\"https:\\\/\\\/www.realclubdegolfelprat.com\\\/ca\\\/\",\"name\":\"Real Club de Golf El Prat - Barcelona\",\"description\":\"Tu club de golf en Barcelona\",\"publisher\":{\"@id\":\"https:\\\/\\\/www.realclubdegolfelprat.com\\\/ca\\\/#organization\"},\"potentialAction\":[{\"@type\":\"SearchAction\",\"target\":{\"@type\":\"EntryPoint\",\"urlTemplate\":\"https:\\\/\\\/www.realclubdegolfelprat.com\\\/ca\\\/?s={search_term_string}\"},\"query-input\":{\"@type\":\"PropertyValueSpecification\",\"valueRequired\":true,\"valueName\":\"search_term_string\"}}],\"inLanguage\":\"ca\"},{\"@type\":\"Organization\",\"@id\":\"https:\\\/\\\/www.realclubdegolfelprat.com\\\/ca\\\/#organization\",\"name\":\"Real Club de Golf El Prat - Barcelona\",\"url\":\"https:\\\/\\\/www.realclubdegolfelprat.com\\\/ca\\\/\",\"logo\":{\"@type\":\"ImageObject\",\"inLanguage\":\"ca\",\"@id\":\"https:\\\/\\\/www.realclubdegolfelprat.com\\\/ca\\\/#\\\/schema\\\/logo\\\/image\\\/\",\"url\":\"https:\\\/\\\/www.realclubdegolfelprat.com\\\/wp-content\\\/uploads\\\/2023\\\/03\\\/logo-rcgep-color-120-95.png\",\"contentUrl\":\"https:\\\/\\\/www.realclubdegolfelprat.com\\\/wp-content\\\/uploads\\\/2023\\\/03\\\/logo-rcgep-color-120-95.png\",\"width\":120,\"height\":95,\"caption\":\"Real Club de Golf El Prat - Barcelona\"},\"image\":{\"@id\":\"https:\\\/\\\/www.realclubdegolfelprat.com\\\/ca\\\/#\\\/schema\\\/logo\\\/image\\\/\"},\"sameAs\":[\"https:\\\/\\\/www.facebook.com\\\/golfelprat\",\"https:\\\/\\\/x.com\\\/golfelprat\",\"https:\\\/\\\/www.linkedin.com\\\/company\\\/rcgep\",\"https:\\\/\\\/www.youtube.com\\\/user\\\/realclubdegolfelprat\",\"https:\\\/\\\/www.instagram.com\\\/golfelprat\\\/\"]},{\"@type\":\"Person\",\"@id\":\"https:\\\/\\\/www.realclubdegolfelprat.com\\\/ca\\\/#\\\/schema\\\/person\\\/b415ffa96e273d60f598cdf97ca795a8\",\"name\":\"Raquel Castillero Maturana\",\"image\":{\"@type\":\"ImageObject\",\"inLanguage\":\"ca\",\"@id\":\"https:\\\/\\\/secure.gravatar.com\\\/avatar\\\/91350e08b4fc5a2ee91f45c6465d2fc3ac13334bcb7d7242c5c020039a476b4c?s=96&d=mm&r=g\",\"url\":\"https:\\\/\\\/secure.gravatar.com\\\/avatar\\\/91350e08b4fc5a2ee91f45c6465d2fc3ac13334bcb7d7242c5c020039a476b4c?s=96&d=mm&r=g\",\"contentUrl\":\"https:\\\/\\\/secure.gravatar.com\\\/avatar\\\/91350e08b4fc5a2ee91f45c6465d2fc3ac13334bcb7d7242c5c020039a476b4c?s=96&d=mm&r=g\",\"caption\":\"Raquel Castillero Maturana\"}}]}<\/script>\n<!-- \/ Yoast SEO plugin. -->","yoast_head_json":{"title":"Adri\u00e1 Arnaus gana la Gran Final del Challenge Tour y obtiene la tarjeta del European Tour 2019 - Real Club de Golf El Prat - Barcelona","description":"Adri\u00e1 Arnaus consigue la victoria en Ras Al Khaimah Challenge, la gran final del Challenge Tour y entra por lo grande al European Tour.","robots":{"index":"index","follow":"follow","max-snippet":"max-snippet:-1","max-image-preview":"max-image-preview:large","max-video-preview":"max-video-preview:-1"},"canonical":"https:\/\/www.realclubdegolfelprat.com\/ca\/noticies\/adria-arnaus-gana-la-gran-final-del-challenge-tour-y-obtiene-la-tarjeta-del-european-tour-2019\/","og_locale":"ca_ES","og_type":"article","og_title":"Adri\u00e1 Arnaus gana la Gran Final del Challenge Tour y obtiene la tarjeta del European Tour 2019 - Real Club de Golf El Prat - Barcelona","og_description":"Adri\u00e1 Arnaus consigue la victoria en Ras Al Khaimah Challenge, la gran final del Challenge Tour y entra por lo grande al European Tour.","og_url":"https:\/\/www.realclubdegolfelprat.com\/ca\/noticies\/adria-arnaus-gana-la-gran-final-del-challenge-tour-y-obtiene-la-tarjeta-del-european-tour-2019\/","og_site_name":"Real Club de Golf El Prat - Barcelona","article_publisher":"https:\/\/www.facebook.com\/golfelprat","article_published_time":"2018-11-05T09:31:32+00:00","article_modified_time":"2025-03-11T23:41:46+00:00","author":"Raquel Castillero Maturana","twitter_card":"summary_large_image","twitter_creator":"@golfelprat","twitter_site":"@golfelprat","twitter_misc":{"Escrit per":"Raquel Castillero Maturana","Temps estimat de lectura":"2 minuts"},"schema":{"@context":"https:\/\/schema.org","@graph":[{"@type":"Article","@id":"https:\/\/www.realclubdegolfelprat.com\/ca\/noticies\/adria-arnaus-gana-la-gran-final-del-challenge-tour-y-obtiene-la-tarjeta-del-european-tour-2019\/#article","isPartOf":{"@id":"https:\/\/www.realclubdegolfelprat.com\/ca\/noticies\/adria-arnaus-gana-la-gran-final-del-challenge-tour-y-obtiene-la-tarjeta-del-european-tour-2019\/"},"author":{"name":"Raquel Castillero Maturana","@id":"https:\/\/www.realclubdegolfelprat.com\/ca\/#\/schema\/person\/b415ffa96e273d60f598cdf97ca795a8"},"headline":"Adri\u00e1 Arnaus gana la Gran Final del Challenge Tour y obtiene la tarjeta del European Tour 2019","datePublished":"2018-11-05T09:31:32+00:00","dateModified":"2025-03-11T23:41:46+00:00","mainEntityOfPage":{"@id":"https:\/\/www.realclubdegolfelprat.com\/ca\/noticies\/adria-arnaus-gana-la-gran-final-del-challenge-tour-y-obtiene-la-tarjeta-del-european-tour-2019\/"},"wordCount":476,"publisher":{"@id":"https:\/\/www.realclubdegolfelprat.com\/ca\/#organization"},"articleSection":["Not\u00edcies"],"inLanguage":"ca"},{"@type":"WebPage","@id":"https:\/\/www.realclubdegolfelprat.com\/ca\/noticies\/adria-arnaus-gana-la-gran-final-del-challenge-tour-y-obtiene-la-tarjeta-del-european-tour-2019\/","url":"https:\/\/www.realclubdegolfelprat.com\/ca\/noticies\/adria-arnaus-gana-la-gran-final-del-challenge-tour-y-obtiene-la-tarjeta-del-european-tour-2019\/","name":"Adri\u00e1 Arnaus gana la Gran Final del Challenge Tour y obtiene la tarjeta del European Tour 2019 - Real Club de Golf El Prat - Barcelona","isPartOf":{"@id":"https:\/\/www.realclubdegolfelprat.com\/ca\/#website"},"datePublished":"2018-11-05T09:31:32+00:00","dateModified":"2025-03-11T23:41:46+00:00","description":"Adri\u00e1 Arnaus consigue la victoria en Ras Al Khaimah Challenge, la gran final del Challenge Tour y entra por lo grande al European Tour.","breadcrumb":{"@id":"https:\/\/www.realclubdegolfelprat.com\/ca\/noticies\/adria-arnaus-gana-la-gran-final-del-challenge-tour-y-obtiene-la-tarjeta-del-european-tour-2019\/#breadcrumb"},"inLanguage":"ca","potentialAction":[{"@type":"ReadAction","target":["https:\/\/www.realclubdegolfelprat.com\/ca\/noticies\/adria-arnaus-gana-la-gran-final-del-challenge-tour-y-obtiene-la-tarjeta-del-european-tour-2019\/"]}]},{"@type":"BreadcrumbList","@id":"https:\/\/www.realclubdegolfelprat.com\/ca\/noticies\/adria-arnaus-gana-la-gran-final-del-challenge-tour-y-obtiene-la-tarjeta-del-european-tour-2019\/#breadcrumb","itemListElement":[{"@type":"ListItem","position":1,"name":"Portada","item":"https:\/\/www.realclubdegolfelprat.com\/ca\/"},{"@type":"ListItem","position":2,"name":"Adri\u00e1 Arnaus gana la Gran Final del Challenge Tour y obtiene la tarjeta del European Tour 2019"}]},{"@type":"WebSite","@id":"https:\/\/www.realclubdegolfelprat.com\/ca\/#website","url":"https:\/\/www.realclubdegolfelprat.com\/ca\/","name":"Real Club de Golf El Prat - Barcelona","description":"Tu club de golf en Barcelona","publisher":{"@id":"https:\/\/www.realclubdegolfelprat.com\/ca\/#organization"},"potentialAction":[{"@type":"SearchAction","target":{"@type":"EntryPoint","urlTemplate":"https:\/\/www.realclubdegolfelprat.com\/ca\/?s={search_term_string}"},"query-input":{"@type":"PropertyValueSpecification","valueRequired":true,"valueName":"search_term_string"}}],"inLanguage":"ca"},{"@type":"Organization","@id":"https:\/\/www.realclubdegolfelprat.com\/ca\/#organization","name":"Real Club de Golf El Prat - Barcelona","url":"https:\/\/www.realclubdegolfelprat.com\/ca\/","logo":{"@type":"ImageObject","inLanguage":"ca","@id":"https:\/\/www.realclubdegolfelprat.com\/ca\/#\/schema\/logo\/image\/","url":"https:\/\/www.realclubdegolfelprat.com\/wp-content\/uploads\/2023\/03\/logo-rcgep-color-120-95.png","contentUrl":"https:\/\/www.realclubdegolfelprat.com\/wp-content\/uploads\/2023\/03\/logo-rcgep-color-120-95.png","width":120,"height":95,"caption":"Real Club de Golf El Prat - Barcelona"},"image":{"@id":"https:\/\/www.realclubdegolfelprat.com\/ca\/#\/schema\/logo\/image\/"},"sameAs":["https:\/\/www.facebook.com\/golfelprat","https:\/\/x.com\/golfelprat","https:\/\/www.linkedin.com\/company\/rcgep","https:\/\/www.youtube.com\/user\/realclubdegolfelprat","https:\/\/www.instagram.com\/golfelprat\/"]},{"@type":"Person","@id":"https:\/\/www.realclubdegolfelprat.com\/ca\/#\/schema\/person\/b415ffa96e273d60f598cdf97ca795a8","name":"Raquel Castillero Maturana","image":{"@type":"ImageObject","inLanguage":"ca","@id":"https:\/\/secure.gravatar.com\/avatar\/91350e08b4fc5a2ee91f45c6465d2fc3ac13334bcb7d7242c5c020039a476b4c?s=96&d=mm&r=g","url":"https:\/\/secure.gravatar.com\/avatar\/91350e08b4fc5a2ee91f45c6465d2fc3ac13334bcb7d7242c5c020039a476b4c?s=96&d=mm&r=g","contentUrl":"https:\/\/secure.gravatar.com\/avatar\/91350e08b4fc5a2ee91f45c6465d2fc3ac13334bcb7d7242c5c020039a476b4c?s=96&d=mm&r=g","caption":"Raquel Castillero Maturana"}}]}},"_links":{"self":[{"href":"https:\/\/www.realclubdegolfelprat.com\/ca\/wp-json\/wp\/v2\/posts\/179424","targetHints":{"allow":["GET"]}}],"collection":[{"href":"https:\/\/www.realclubdegolfelprat.com\/ca\/wp-json\/wp\/v2\/posts"}],"about":[{"href":"https:\/\/www.realclubdegolfelprat.com\/ca\/wp-json\/wp\/v2\/types\/post"}],"author":[{"embeddable":true,"href":"https:\/\/www.realclubdegolfelprat.com\/ca\/wp-json\/wp\/v2\/users\/3"}],"replies":[{"embeddable":true,"href":"https:\/\/www.realclubdegolfelprat.com\/ca\/wp-json\/wp\/v2\/comments?post=179424"}],"version-history":[{"count":1,"href":"https:\/\/www.realclubdegolfelprat.com\/ca\/wp-json\/wp\/v2\/posts\/179424\/revisions"}],"predecessor-version":[{"id":179452,"href":"https:\/\/www.realclubdegolfelprat.com\/ca\/wp-json\/wp\/v2\/posts\/179424\/revisions\/179452"}],"wp:attachment":[{"href":"https:\/\/www.realclubdegolfelprat.com\/ca\/wp-json\/wp\/v2\/media?parent=179424"}],"wp:term":[{"taxonomy":"category","embeddable":true,"href":"https:\/\/www.realclubdegolfelprat.com\/ca\/wp-json\/wp\/v2\/categories?post=179424"},{"taxonomy":"post_tag","embeddable":true,"href":"https:\/\/www.realclubdegolfelprat.com\/ca\/wp-json\/wp\/v2\/tags?post=179424"}],"curies":[{"name":"wp","href":"https:\/\/api.w.org\/{rel}","templated":true}]}}