{"id":179475,"date":"2018-09-03T11:47:32","date_gmt":"2018-09-03T11:47:32","guid":{"rendered":"https:\/\/new.rcgep.com\/sin-categoria\/gran-segunda-posicion-de-adria-arnaus-en-francia\/"},"modified":"2025-03-11T23:44:16","modified_gmt":"2025-03-11T23:44:16","slug":"gran-segunda-posicion-de-adria-arnaus-en-francia","status":"publish","type":"post","link":"https:\/\/www.realclubdegolfelprat.com\/ca\/noticies\/gran-segunda-posicion-de-adria-arnaus-en-francia\/","title":{"rendered":"Gran segunda posici\u00f3n de Adria Arnaus en Francia"},"content":{"rendered":"<p>Nuestro socio Adri Arnaus logr\u00f3 un meritorio segundo puesto en el Cordon Golf Open, que le mete en la octava plaza en ganancias del Challenge Tour y con muchas opciones de dar el salto al primer circuito en 2019<\/p>\n<p>Adri Arnaus volvi\u00f3 a demostrar que est\u00e1 madurando a marchas forzadas en el Challenge Tour. En su primera temporada, logr\u00f3 el domingo su mejor resultado de la temporada en el segundo circuito europeo, en el torneo Cordon Golf Open, donde estuvo cerca de la victoria, que se llev\u00f3 el ingl\u00e9s Jack Singh, con un total de 265 golpes (-15), con tres de renta sobre Arnaus (-12) despu\u00e9s de que ambos firmasen la misma vuelta final y finalizasen en la misma posici\u00f3n que en la v\u00edspera. Para Arnaus significa dar un salto en la lista de ganancias del Challenge, donde ya se ha situado en el octavo puesto y bien situado para cerrar la campa\u00f1a entre los 15 mejores, que le dar\u00eda el billete directo para el Tour Europeo. Aunque a la temporada del Challenge a\u00fan le quedan algunos de los torneos m\u00e1s importantes y con m\u00e1s dotaci\u00f3n por lo que Arnaus a\u00fan tiene margen de ascender posiciones, en un a\u00f1o donde ya ha disputado 16 torneos.<\/p>\n<p>Muchas felicidades Adri y ahora a por el siguiente, \u00a1El Bridgestone Challenge!<\/p>\n","protected":false},"excerpt":{"rendered":"<p>Nuestro socio Adri Arnaus logr\u00f3 un meritorio segundo puesto en el Cordon Golf Open, que le mete en la octava plaza en ganancias del Challenge Tour y con muchas opciones de dar el salto al primer circuito en 2019 Adri Arnaus volvi\u00f3 a demostrar que est\u00e1 madurando a marchas forzadas en el Challenge Tour. En [&hellip;]<\/p>\n","protected":false},"author":3,"featured_media":0,"comment_status":"closed","ping_status":"closed","sticky":false,"template":"","format":"standard","meta":{"_acf_changed":false,"footnotes":""},"categories":[258],"tags":[],"class_list":["post-179475","post","type-post","status-publish","format-standard","hentry","category-noticies"],"acf":[],"yoast_head":"<!-- This site is optimized with the Yoast SEO plugin v27.4 - https:\/\/yoast.com\/product\/yoast-seo-wordpress\/ -->\n<title>Gran segunda posici\u00f3n de Adria Arnaus en Francia - Real Club de Golf El Prat - Barcelona<\/title>\n<meta name=\"description\" content=\"Nuestro socio Adri Arnaus logr\u00f3 un meritorio segundo puesto en el Cordon Golf Open, que le mete en la octava plaza en ganancias del Challenge Tour y con muchas opciones de dar el salto al primer circuito en 2019\" \/>\n<meta name=\"robots\" content=\"index, follow, max-snippet:-1, max-image-preview:large, max-video-preview:-1\" \/>\n<link rel=\"canonical\" href=\"https:\/\/www.realclubdegolfelprat.com\/ca\/noticies\/gran-segunda-posicion-de-adria-arnaus-en-francia\/\" \/>\n<meta property=\"og:locale\" content=\"ca_ES\" \/>\n<meta property=\"og:type\" content=\"article\" \/>\n<meta property=\"og:title\" content=\"Gran segunda posici\u00f3n de Adria Arnaus en Francia - Real Club de Golf El Prat - Barcelona\" \/>\n<meta property=\"og:description\" content=\"Nuestro socio Adri Arnaus logr\u00f3 un meritorio segundo puesto en el Cordon Golf Open, que le mete en la octava plaza en ganancias del Challenge Tour y con muchas opciones de dar el salto al primer circuito en 2019\" \/>\n<meta property=\"og:url\" content=\"https:\/\/www.realclubdegolfelprat.com\/ca\/noticies\/gran-segunda-posicion-de-adria-arnaus-en-francia\/\" \/>\n<meta property=\"og:site_name\" content=\"Real Club de Golf El Prat - Barcelona\" \/>\n<meta property=\"article:publisher\" content=\"https:\/\/www.facebook.com\/golfelprat\" \/>\n<meta property=\"article:published_time\" content=\"2018-09-03T11:47:32+00:00\" \/>\n<meta property=\"article:modified_time\" content=\"2025-03-11T23:44:16+00:00\" \/>\n<meta name=\"author\" content=\"Raquel Castillero Maturana\" \/>\n<meta name=\"twitter:card\" content=\"summary_large_image\" \/>\n<meta name=\"twitter:creator\" content=\"@golfelprat\" \/>\n<meta name=\"twitter:site\" content=\"@golfelprat\" \/>\n<meta name=\"twitter:label1\" content=\"Escrit per\" \/>\n\t<meta name=\"twitter:data1\" content=\"Raquel Castillero Maturana\" \/>\n\t<meta name=\"twitter:label2\" content=\"Temps estimat de lectura\" \/>\n\t<meta name=\"twitter:data2\" content=\"1 minut\" \/>\n<script type=\"application\/ld+json\" class=\"yoast-schema-graph\">{\"@context\":\"https:\\\/\\\/schema.org\",\"@graph\":[{\"@type\":\"Article\",\"@id\":\"https:\\\/\\\/www.realclubdegolfelprat.com\\\/ca\\\/noticies\\\/gran-segunda-posicion-de-adria-arnaus-en-francia\\\/#article\",\"isPartOf\":{\"@id\":\"https:\\\/\\\/www.realclubdegolfelprat.com\\\/ca\\\/noticies\\\/gran-segunda-posicion-de-adria-arnaus-en-francia\\\/\"},\"author\":{\"name\":\"Raquel Castillero Maturana\",\"@id\":\"https:\\\/\\\/www.realclubdegolfelprat.com\\\/ca\\\/#\\\/schema\\\/person\\\/b415ffa96e273d60f598cdf97ca795a8\"},\"headline\":\"Gran segunda posici\u00f3n de Adria Arnaus en Francia\",\"datePublished\":\"2018-09-03T11:47:32+00:00\",\"dateModified\":\"2025-03-11T23:44:16+00:00\",\"mainEntityOfPage\":{\"@id\":\"https:\\\/\\\/www.realclubdegolfelprat.com\\\/ca\\\/noticies\\\/gran-segunda-posicion-de-adria-arnaus-en-francia\\\/\"},\"wordCount\":234,\"publisher\":{\"@id\":\"https:\\\/\\\/www.realclubdegolfelprat.com\\\/ca\\\/#organization\"},\"articleSection\":[\"Not\u00edcies\"],\"inLanguage\":\"ca\"},{\"@type\":\"WebPage\",\"@id\":\"https:\\\/\\\/www.realclubdegolfelprat.com\\\/ca\\\/noticies\\\/gran-segunda-posicion-de-adria-arnaus-en-francia\\\/\",\"url\":\"https:\\\/\\\/www.realclubdegolfelprat.com\\\/ca\\\/noticies\\\/gran-segunda-posicion-de-adria-arnaus-en-francia\\\/\",\"name\":\"Gran segunda posici\u00f3n de Adria Arnaus en Francia - Real Club de Golf El Prat - Barcelona\",\"isPartOf\":{\"@id\":\"https:\\\/\\\/www.realclubdegolfelprat.com\\\/ca\\\/#website\"},\"datePublished\":\"2018-09-03T11:47:32+00:00\",\"dateModified\":\"2025-03-11T23:44:16+00:00\",\"description\":\"Nuestro socio Adri Arnaus logr\u00f3 un meritorio segundo puesto en el Cordon Golf Open, que le mete en la octava plaza en ganancias del Challenge Tour y con muchas opciones de dar el salto al primer circuito en 2019\",\"breadcrumb\":{\"@id\":\"https:\\\/\\\/www.realclubdegolfelprat.com\\\/ca\\\/noticies\\\/gran-segunda-posicion-de-adria-arnaus-en-francia\\\/#breadcrumb\"},\"inLanguage\":\"ca\",\"potentialAction\":[{\"@type\":\"ReadAction\",\"target\":[\"https:\\\/\\\/www.realclubdegolfelprat.com\\\/ca\\\/noticies\\\/gran-segunda-posicion-de-adria-arnaus-en-francia\\\/\"]}]},{\"@type\":\"BreadcrumbList\",\"@id\":\"https:\\\/\\\/www.realclubdegolfelprat.com\\\/ca\\\/noticies\\\/gran-segunda-posicion-de-adria-arnaus-en-francia\\\/#breadcrumb\",\"itemListElement\":[{\"@type\":\"ListItem\",\"position\":1,\"name\":\"Portada\",\"item\":\"https:\\\/\\\/www.realclubdegolfelprat.com\\\/ca\\\/\"},{\"@type\":\"ListItem\",\"position\":2,\"name\":\"Gran segunda posici\u00f3n de Adria Arnaus en Francia\"}]},{\"@type\":\"WebSite\",\"@id\":\"https:\\\/\\\/www.realclubdegolfelprat.com\\\/ca\\\/#website\",\"url\":\"https:\\\/\\\/www.realclubdegolfelprat.com\\\/ca\\\/\",\"name\":\"Real Club de Golf El Prat - Barcelona\",\"description\":\"Tu club de golf en Barcelona\",\"publisher\":{\"@id\":\"https:\\\/\\\/www.realclubdegolfelprat.com\\\/ca\\\/#organization\"},\"potentialAction\":[{\"@type\":\"SearchAction\",\"target\":{\"@type\":\"EntryPoint\",\"urlTemplate\":\"https:\\\/\\\/www.realclubdegolfelprat.com\\\/ca\\\/?s={search_term_string}\"},\"query-input\":{\"@type\":\"PropertyValueSpecification\",\"valueRequired\":true,\"valueName\":\"search_term_string\"}}],\"inLanguage\":\"ca\"},{\"@type\":\"Organization\",\"@id\":\"https:\\\/\\\/www.realclubdegolfelprat.com\\\/ca\\\/#organization\",\"name\":\"Real Club de Golf El Prat - Barcelona\",\"url\":\"https:\\\/\\\/www.realclubdegolfelprat.com\\\/ca\\\/\",\"logo\":{\"@type\":\"ImageObject\",\"inLanguage\":\"ca\",\"@id\":\"https:\\\/\\\/www.realclubdegolfelprat.com\\\/ca\\\/#\\\/schema\\\/logo\\\/image\\\/\",\"url\":\"https:\\\/\\\/www.realclubdegolfelprat.com\\\/wp-content\\\/uploads\\\/2023\\\/03\\\/logo-rcgep-color-120-95.png\",\"contentUrl\":\"https:\\\/\\\/www.realclubdegolfelprat.com\\\/wp-content\\\/uploads\\\/2023\\\/03\\\/logo-rcgep-color-120-95.png\",\"width\":120,\"height\":95,\"caption\":\"Real Club de Golf El Prat - Barcelona\"},\"image\":{\"@id\":\"https:\\\/\\\/www.realclubdegolfelprat.com\\\/ca\\\/#\\\/schema\\\/logo\\\/image\\\/\"},\"sameAs\":[\"https:\\\/\\\/www.facebook.com\\\/golfelprat\",\"https:\\\/\\\/x.com\\\/golfelprat\",\"https:\\\/\\\/www.linkedin.com\\\/company\\\/rcgep\",\"https:\\\/\\\/www.youtube.com\\\/user\\\/realclubdegolfelprat\",\"https:\\\/\\\/www.instagram.com\\\/golfelprat\\\/\"]},{\"@type\":\"Person\",\"@id\":\"https:\\\/\\\/www.realclubdegolfelprat.com\\\/ca\\\/#\\\/schema\\\/person\\\/b415ffa96e273d60f598cdf97ca795a8\",\"name\":\"Raquel Castillero Maturana\",\"image\":{\"@type\":\"ImageObject\",\"inLanguage\":\"ca\",\"@id\":\"https:\\\/\\\/secure.gravatar.com\\\/avatar\\\/91350e08b4fc5a2ee91f45c6465d2fc3ac13334bcb7d7242c5c020039a476b4c?s=96&d=mm&r=g\",\"url\":\"https:\\\/\\\/secure.gravatar.com\\\/avatar\\\/91350e08b4fc5a2ee91f45c6465d2fc3ac13334bcb7d7242c5c020039a476b4c?s=96&d=mm&r=g\",\"contentUrl\":\"https:\\\/\\\/secure.gravatar.com\\\/avatar\\\/91350e08b4fc5a2ee91f45c6465d2fc3ac13334bcb7d7242c5c020039a476b4c?s=96&d=mm&r=g\",\"caption\":\"Raquel Castillero Maturana\"}}]}<\/script>\n<!-- \/ Yoast SEO plugin. -->","yoast_head_json":{"title":"Gran segunda posici\u00f3n de Adria Arnaus en Francia - Real Club de Golf El Prat - Barcelona","description":"Nuestro socio Adri Arnaus logr\u00f3 un meritorio segundo puesto en el Cordon Golf Open, que le mete en la octava plaza en ganancias del Challenge Tour y con muchas opciones de dar el salto al primer circuito en 2019","robots":{"index":"index","follow":"follow","max-snippet":"max-snippet:-1","max-image-preview":"max-image-preview:large","max-video-preview":"max-video-preview:-1"},"canonical":"https:\/\/www.realclubdegolfelprat.com\/ca\/noticies\/gran-segunda-posicion-de-adria-arnaus-en-francia\/","og_locale":"ca_ES","og_type":"article","og_title":"Gran segunda posici\u00f3n de Adria Arnaus en Francia - Real Club de Golf El Prat - Barcelona","og_description":"Nuestro socio Adri Arnaus logr\u00f3 un meritorio segundo puesto en el Cordon Golf Open, que le mete en la octava plaza en ganancias del Challenge Tour y con muchas opciones de dar el salto al primer circuito en 2019","og_url":"https:\/\/www.realclubdegolfelprat.com\/ca\/noticies\/gran-segunda-posicion-de-adria-arnaus-en-francia\/","og_site_name":"Real Club de Golf El Prat - Barcelona","article_publisher":"https:\/\/www.facebook.com\/golfelprat","article_published_time":"2018-09-03T11:47:32+00:00","article_modified_time":"2025-03-11T23:44:16+00:00","author":"Raquel Castillero Maturana","twitter_card":"summary_large_image","twitter_creator":"@golfelprat","twitter_site":"@golfelprat","twitter_misc":{"Escrit per":"Raquel Castillero Maturana","Temps estimat de lectura":"1 minut"},"schema":{"@context":"https:\/\/schema.org","@graph":[{"@type":"Article","@id":"https:\/\/www.realclubdegolfelprat.com\/ca\/noticies\/gran-segunda-posicion-de-adria-arnaus-en-francia\/#article","isPartOf":{"@id":"https:\/\/www.realclubdegolfelprat.com\/ca\/noticies\/gran-segunda-posicion-de-adria-arnaus-en-francia\/"},"author":{"name":"Raquel Castillero Maturana","@id":"https:\/\/www.realclubdegolfelprat.com\/ca\/#\/schema\/person\/b415ffa96e273d60f598cdf97ca795a8"},"headline":"Gran segunda posici\u00f3n de Adria Arnaus en Francia","datePublished":"2018-09-03T11:47:32+00:00","dateModified":"2025-03-11T23:44:16+00:00","mainEntityOfPage":{"@id":"https:\/\/www.realclubdegolfelprat.com\/ca\/noticies\/gran-segunda-posicion-de-adria-arnaus-en-francia\/"},"wordCount":234,"publisher":{"@id":"https:\/\/www.realclubdegolfelprat.com\/ca\/#organization"},"articleSection":["Not\u00edcies"],"inLanguage":"ca"},{"@type":"WebPage","@id":"https:\/\/www.realclubdegolfelprat.com\/ca\/noticies\/gran-segunda-posicion-de-adria-arnaus-en-francia\/","url":"https:\/\/www.realclubdegolfelprat.com\/ca\/noticies\/gran-segunda-posicion-de-adria-arnaus-en-francia\/","name":"Gran segunda posici\u00f3n de Adria Arnaus en Francia - Real Club de Golf El Prat - Barcelona","isPartOf":{"@id":"https:\/\/www.realclubdegolfelprat.com\/ca\/#website"},"datePublished":"2018-09-03T11:47:32+00:00","dateModified":"2025-03-11T23:44:16+00:00","description":"Nuestro socio Adri Arnaus logr\u00f3 un meritorio segundo puesto en el Cordon Golf Open, que le mete en la octava plaza en ganancias del Challenge Tour y con muchas opciones de dar el salto al primer circuito en 2019","breadcrumb":{"@id":"https:\/\/www.realclubdegolfelprat.com\/ca\/noticies\/gran-segunda-posicion-de-adria-arnaus-en-francia\/#breadcrumb"},"inLanguage":"ca","potentialAction":[{"@type":"ReadAction","target":["https:\/\/www.realclubdegolfelprat.com\/ca\/noticies\/gran-segunda-posicion-de-adria-arnaus-en-francia\/"]}]},{"@type":"BreadcrumbList","@id":"https:\/\/www.realclubdegolfelprat.com\/ca\/noticies\/gran-segunda-posicion-de-adria-arnaus-en-francia\/#breadcrumb","itemListElement":[{"@type":"ListItem","position":1,"name":"Portada","item":"https:\/\/www.realclubdegolfelprat.com\/ca\/"},{"@type":"ListItem","position":2,"name":"Gran segunda posici\u00f3n de Adria Arnaus en Francia"}]},{"@type":"WebSite","@id":"https:\/\/www.realclubdegolfelprat.com\/ca\/#website","url":"https:\/\/www.realclubdegolfelprat.com\/ca\/","name":"Real Club de Golf El Prat - Barcelona","description":"Tu club de golf en Barcelona","publisher":{"@id":"https:\/\/www.realclubdegolfelprat.com\/ca\/#organization"},"potentialAction":[{"@type":"SearchAction","target":{"@type":"EntryPoint","urlTemplate":"https:\/\/www.realclubdegolfelprat.com\/ca\/?s={search_term_string}"},"query-input":{"@type":"PropertyValueSpecification","valueRequired":true,"valueName":"search_term_string"}}],"inLanguage":"ca"},{"@type":"Organization","@id":"https:\/\/www.realclubdegolfelprat.com\/ca\/#organization","name":"Real Club de Golf El Prat - Barcelona","url":"https:\/\/www.realclubdegolfelprat.com\/ca\/","logo":{"@type":"ImageObject","inLanguage":"ca","@id":"https:\/\/www.realclubdegolfelprat.com\/ca\/#\/schema\/logo\/image\/","url":"https:\/\/www.realclubdegolfelprat.com\/wp-content\/uploads\/2023\/03\/logo-rcgep-color-120-95.png","contentUrl":"https:\/\/www.realclubdegolfelprat.com\/wp-content\/uploads\/2023\/03\/logo-rcgep-color-120-95.png","width":120,"height":95,"caption":"Real Club de Golf El Prat - Barcelona"},"image":{"@id":"https:\/\/www.realclubdegolfelprat.com\/ca\/#\/schema\/logo\/image\/"},"sameAs":["https:\/\/www.facebook.com\/golfelprat","https:\/\/x.com\/golfelprat","https:\/\/www.linkedin.com\/company\/rcgep","https:\/\/www.youtube.com\/user\/realclubdegolfelprat","https:\/\/www.instagram.com\/golfelprat\/"]},{"@type":"Person","@id":"https:\/\/www.realclubdegolfelprat.com\/ca\/#\/schema\/person\/b415ffa96e273d60f598cdf97ca795a8","name":"Raquel Castillero Maturana","image":{"@type":"ImageObject","inLanguage":"ca","@id":"https:\/\/secure.gravatar.com\/avatar\/91350e08b4fc5a2ee91f45c6465d2fc3ac13334bcb7d7242c5c020039a476b4c?s=96&d=mm&r=g","url":"https:\/\/secure.gravatar.com\/avatar\/91350e08b4fc5a2ee91f45c6465d2fc3ac13334bcb7d7242c5c020039a476b4c?s=96&d=mm&r=g","contentUrl":"https:\/\/secure.gravatar.com\/avatar\/91350e08b4fc5a2ee91f45c6465d2fc3ac13334bcb7d7242c5c020039a476b4c?s=96&d=mm&r=g","caption":"Raquel Castillero Maturana"}}]}},"_links":{"self":[{"href":"https:\/\/www.realclubdegolfelprat.com\/ca\/wp-json\/wp\/v2\/posts\/179475","targetHints":{"allow":["GET"]}}],"collection":[{"href":"https:\/\/www.realclubdegolfelprat.com\/ca\/wp-json\/wp\/v2\/posts"}],"about":[{"href":"https:\/\/www.realclubdegolfelprat.com\/ca\/wp-json\/wp\/v2\/types\/post"}],"author":[{"embeddable":true,"href":"https:\/\/www.realclubdegolfelprat.com\/ca\/wp-json\/wp\/v2\/users\/3"}],"replies":[{"embeddable":true,"href":"https:\/\/www.realclubdegolfelprat.com\/ca\/wp-json\/wp\/v2\/comments?post=179475"}],"version-history":[{"count":1,"href":"https:\/\/www.realclubdegolfelprat.com\/ca\/wp-json\/wp\/v2\/posts\/179475\/revisions"}],"predecessor-version":[{"id":179502,"href":"https:\/\/www.realclubdegolfelprat.com\/ca\/wp-json\/wp\/v2\/posts\/179475\/revisions\/179502"}],"wp:attachment":[{"href":"https:\/\/www.realclubdegolfelprat.com\/ca\/wp-json\/wp\/v2\/media?parent=179475"}],"wp:term":[{"taxonomy":"category","embeddable":true,"href":"https:\/\/www.realclubdegolfelprat.com\/ca\/wp-json\/wp\/v2\/categories?post=179475"},{"taxonomy":"post_tag","embeddable":true,"href":"https:\/\/www.realclubdegolfelprat.com\/ca\/wp-json\/wp\/v2\/tags?post=179475"}],"curies":[{"name":"wp","href":"https:\/\/api.w.org\/{rel}","templated":true}]}}