{"id":179486,"date":"2018-06-28T08:01:38","date_gmt":"2018-06-28T08:01:38","guid":{"rendered":"https:\/\/new.rcgep.com\/sin-categoria\/lamanga2018\/"},"modified":"2025-03-11T23:47:20","modified_gmt":"2025-03-11T23:47:20","slug":"lamanga2018","status":"publish","type":"post","link":"https:\/\/www.realclubdegolfelprat.com\/ca\/noticies\/lamanga2018\/","title":{"rendered":"Brillante actuaci\u00f3n de la cantera de la FCG en La Manga Club con muy buenos resultados de Clara Felip, Maximilian-Tomas Cafrey y Marcel Fonseca"},"content":{"rendered":"<div class=\"wpb-content-wrapper\"><p>[vc_row][vc_column][vc_custom_heading source=&#8221;post_title&#8221; font_container=&#8221;tag:h1|text_align:left&#8221; el_class=&#8221;post-title-news&#8221;][vc_separator align=&#8221;align_left&#8221; border_width=&#8221;2&#8243; el_width=&#8221;10&#8243; el_class=&#8221;post-title-news-line&#8221;][\/vc_column][\/vc_row][vc_row][vc_column][vc_column_text]El Campeonato de Espa\u00f1a Infantil, Alev\u00edn y Benjam\u00edn 2018 finaliz\u00f3 en La Manga Club, dejando un magn\u00edfico resultado para las j\u00f3venes promesas del golf catal\u00e1n, que estuvieron en las primeras posiciones en todas las clasificaciones. Aunque en el buen trabajo de todos los jugadores y jugadoras, destac\u00f3 la joven alevina de Lumine, Anna Ca\u00f1ado, que gracias a una magn\u00edfica vuelta final de 70 golpes, le vali\u00f3 el t\u00edtulo de campeona de Espa\u00f1a, con un total de 219 golpes, logrando seis de renta sobre la te\u00f3ricamente favorita, Rocio Tejedo. Ca\u00f1ado, que mostr\u00f3 su concentraci\u00f3n y acierto en el \u00faltimo d\u00eda, estuvo bien acompa\u00f1ado en la clasificaci\u00f3n, en el quinto puesto, con Claudia Lara (235) y el octavo, para Alexandra Vidal (245).<\/p>\n<p>En el Top20, tambi\u00e9n entraron Lidia Villanueva (12\u00aa), Marina Joyce Moreno y Ana Aguilar (13\u00aa). Destacado tambi\u00e9n el papel de nuestras benjaminas que auguran un buen futuro de competidoras para la FCG. <strong>Clara Felip logr\u00f3 el subcampeonato, con 124 golpes<\/strong>, mientras Nagore Mart\u00ednez, fue tercera, con 127. Adriana Garc\u00eda Terol, decimocuarta y Carlota Carmona, decimosexta. Entre los alevines, Mikhail Efremov fue el \u00fanico que se meti\u00f3 en el Top10, con 231 golpes, mientras Daniel Egea, Pablo Garc\u00eda Terol y Eric Casademont, se metieron en un meritorio Top20.<\/p>\n<p>Entre los benjamines, m\u00e1s jugadores entre los 10 primeros. Destacar el sexto puesto de Jon JU.\u00f1i\u00e0 (118), y el s\u00e9ptimo, para Enzo Mart\u00ednez y Eric D\u00edaz, con 120, demostando la madera de campeones que ya estamos formando. Finalmente, entre los Infantiles, brillante cuarta posici\u00f3n para Anna Ymbern, con 225 golpes, a solo siete de la campeona, Minoo Mousavi. Tambi\u00e9n destacar a Natalia Anglada, s\u00e9ptima, con 230 y Marta Egea, vig\u00e9sima (236). Entre los chicos, m\u00e1s clasificados en el Top10, con Marcel Fonseca, en la s\u00e9ptima plaza (230), octavo, Luis Palomo (231) y decimotercero, Pau S\u00e1nchez (234) y decimoquinto, Ivan Ponsdom\u00e8nech, con 235. Muy buenos resultados de nuestros jugadores, que han demostrado su esp\u00edritu competitivo en esta gran fiesta del golf infantil, celebrada en La Manga Club.<br \/>\nAdem\u00e1s, <strong>Los socios del RCG El Prat Maximilian-Tomas Caffrey y Marcel Fonseca quedaron primeros clasificados por edad en Scratch 11 y 13\u00a0 a\u00f1os respectivamente.<\/strong><\/p>\n<p>\u00a1Felicidades a todos los participantes y familiares, por esta magn\u00edfica actuaci\u00f3n en Murcia!<\/p>\n<p>Texto extra\u00eddo de la Federaci\u00f3 Catalana de Golf<\/p>\n<p><a href=\"https:\/\/www.rfegolf.es\/CompetenciaPaginas\/NewsDetails.aspx?NewsId=9112&amp;CompId=12274\">Ver resultados<\/a>[\/vc_column_text][\/vc_column][\/vc_row]<\/p>\n<\/div>","protected":false},"excerpt":{"rendered":"<p>[vc_row][vc_column][vc_custom_heading source=&#8221;post_title&#8221; font_container=&#8221;tag:h1|text_align:left&#8221; el_class=&#8221;post-title-news&#8221;][vc_separator align=&#8221;align_left&#8221; border_width=&#8221;2&#8243; el_width=&#8221;10&#8243; el_class=&#8221;post-title-news-line&#8221;][\/vc_column][\/vc_row][vc_row][vc_column][vc_column_text]El Campeonato de Espa\u00f1a Infantil, Alev\u00edn y Benjam\u00edn 2018 finaliz\u00f3 en La Manga Club, dejando un magn\u00edfico resultado para las j\u00f3venes promesas del golf catal\u00e1n, que estuvieron en las primeras posiciones en todas las clasificaciones. Aunque en el buen trabajo de todos los jugadores y jugadoras, destac\u00f3 la [&hellip;]<\/p>\n","protected":false},"author":3,"featured_media":179487,"comment_status":"closed","ping_status":"closed","sticky":false,"template":"","format":"standard","meta":{"_acf_changed":false,"footnotes":""},"categories":[258],"tags":[],"class_list":["post-179486","post","type-post","status-publish","format-standard","has-post-thumbnail","hentry","category-noticies"],"acf":[],"yoast_head":"<!-- This site is optimized with the Yoast SEO plugin v27.4 - https:\/\/yoast.com\/product\/yoast-seo-wordpress\/ -->\n<title>Brillante actuaci\u00f3n de la cantera de la FCG en La Manga Club con muy buenos resultados de Clara Felip, Maximilian-Tomas Cafrey y Marcel Fonseca - Real Club de Golf El Prat - Barcelona<\/title>\n<meta name=\"description\" content=\"El Campeonato de Espa\u00f1a Infantil, Alev\u00edn y Benjam\u00edn 2018 finaliz\u00f3 en La Manga Club, dejando un magn\u00edfico resultado para las j\u00f3venes promesas del golf catal\u00e1n, que estuvieron en las primeras posiciones en todas las clasificaciones. Aunque en el buen trabajo de todos los jugadores y jugadora..\" \/>\n<meta name=\"robots\" content=\"index, follow, max-snippet:-1, max-image-preview:large, max-video-preview:-1\" \/>\n<link rel=\"canonical\" href=\"https:\/\/www.realclubdegolfelprat.com\/ca\/noticies\/lamanga2018\/\" \/>\n<meta property=\"og:locale\" content=\"ca_ES\" \/>\n<meta property=\"og:type\" content=\"article\" \/>\n<meta property=\"og:title\" content=\"Brillante actuaci\u00f3n de la cantera de la FCG en La Manga Club con muy buenos resultados de Clara Felip, Maximilian-Tomas Cafrey y Marcel Fonseca - Real Club de Golf El Prat - Barcelona\" \/>\n<meta property=\"og:description\" content=\"El Campeonato de Espa\u00f1a Infantil, Alev\u00edn y Benjam\u00edn 2018 finaliz\u00f3 en La Manga Club, dejando un magn\u00edfico resultado para las j\u00f3venes promesas del golf catal\u00e1n, que estuvieron en las primeras posiciones en todas las clasificaciones. Aunque en el buen trabajo de todos los jugadores y jugadora..\" \/>\n<meta property=\"og:url\" content=\"https:\/\/www.realclubdegolfelprat.com\/ca\/noticies\/lamanga2018\/\" \/>\n<meta property=\"og:site_name\" content=\"Real Club de Golf El Prat - Barcelona\" \/>\n<meta property=\"article:publisher\" content=\"https:\/\/www.facebook.com\/golfelprat\" \/>\n<meta property=\"article:published_time\" content=\"2018-06-28T08:01:38+00:00\" \/>\n<meta property=\"article:modified_time\" content=\"2025-03-11T23:47:20+00:00\" \/>\n<meta property=\"og:image\" content=\"https:\/\/www.realclubdegolfelprat.com\/wp-content\/uploads\/2018\/06\/ClaraFelip.jpg\" \/>\n\t<meta property=\"og:image:width\" content=\"300\" \/>\n\t<meta property=\"og:image:height\" content=\"197\" \/>\n\t<meta property=\"og:image:type\" content=\"image\/jpeg\" \/>\n<meta name=\"author\" content=\"Raquel Castillero Maturana\" \/>\n<meta name=\"twitter:card\" content=\"summary_large_image\" \/>\n<meta name=\"twitter:creator\" content=\"@golfelprat\" \/>\n<meta name=\"twitter:site\" content=\"@golfelprat\" \/>\n<meta name=\"twitter:label1\" content=\"Escrit per\" \/>\n\t<meta name=\"twitter:data1\" content=\"Raquel Castillero Maturana\" \/>\n\t<meta name=\"twitter:label2\" content=\"Temps estimat de lectura\" \/>\n\t<meta name=\"twitter:data2\" content=\"2 minuts\" \/>\n<script type=\"application\/ld+json\" class=\"yoast-schema-graph\">{\"@context\":\"https:\\\/\\\/schema.org\",\"@graph\":[{\"@type\":\"Article\",\"@id\":\"https:\\\/\\\/www.realclubdegolfelprat.com\\\/ca\\\/noticies\\\/lamanga2018\\\/#article\",\"isPartOf\":{\"@id\":\"https:\\\/\\\/www.realclubdegolfelprat.com\\\/ca\\\/noticies\\\/lamanga2018\\\/\"},\"author\":{\"name\":\"Raquel Castillero Maturana\",\"@id\":\"https:\\\/\\\/www.realclubdegolfelprat.com\\\/ca\\\/#\\\/schema\\\/person\\\/b415ffa96e273d60f598cdf97ca795a8\"},\"headline\":\"Brillante actuaci\u00f3n de la cantera de la FCG en La Manga Club con muy buenos resultados de Clara Felip, Maximilian-Tomas Cafrey y Marcel Fonseca\",\"datePublished\":\"2018-06-28T08:01:38+00:00\",\"dateModified\":\"2025-03-11T23:47:20+00:00\",\"mainEntityOfPage\":{\"@id\":\"https:\\\/\\\/www.realclubdegolfelprat.com\\\/ca\\\/noticies\\\/lamanga2018\\\/\"},\"wordCount\":473,\"publisher\":{\"@id\":\"https:\\\/\\\/www.realclubdegolfelprat.com\\\/ca\\\/#organization\"},\"image\":{\"@id\":\"https:\\\/\\\/www.realclubdegolfelprat.com\\\/ca\\\/noticies\\\/lamanga2018\\\/#primaryimage\"},\"thumbnailUrl\":\"https:\\\/\\\/www.realclubdegolfelprat.com\\\/wp-content\\\/uploads\\\/2018\\\/06\\\/ClaraFelip.jpg\",\"articleSection\":[\"Not\u00edcies\"],\"inLanguage\":\"ca\"},{\"@type\":\"WebPage\",\"@id\":\"https:\\\/\\\/www.realclubdegolfelprat.com\\\/ca\\\/noticies\\\/lamanga2018\\\/\",\"url\":\"https:\\\/\\\/www.realclubdegolfelprat.com\\\/ca\\\/noticies\\\/lamanga2018\\\/\",\"name\":\"Brillante actuaci\u00f3n de la cantera de la FCG en La Manga Club con muy buenos resultados de Clara Felip, Maximilian-Tomas Cafrey y Marcel Fonseca - Real Club de Golf El Prat - Barcelona\",\"isPartOf\":{\"@id\":\"https:\\\/\\\/www.realclubdegolfelprat.com\\\/ca\\\/#website\"},\"primaryImageOfPage\":{\"@id\":\"https:\\\/\\\/www.realclubdegolfelprat.com\\\/ca\\\/noticies\\\/lamanga2018\\\/#primaryimage\"},\"image\":{\"@id\":\"https:\\\/\\\/www.realclubdegolfelprat.com\\\/ca\\\/noticies\\\/lamanga2018\\\/#primaryimage\"},\"thumbnailUrl\":\"https:\\\/\\\/www.realclubdegolfelprat.com\\\/wp-content\\\/uploads\\\/2018\\\/06\\\/ClaraFelip.jpg\",\"datePublished\":\"2018-06-28T08:01:38+00:00\",\"dateModified\":\"2025-03-11T23:47:20+00:00\",\"description\":\"El Campeonato de Espa\u00f1a Infantil, Alev\u00edn y Benjam\u00edn 2018 finaliz\u00f3 en La Manga Club, dejando un magn\u00edfico resultado para las j\u00f3venes promesas del golf catal\u00e1n, que estuvieron en las primeras posiciones en todas las clasificaciones. Aunque en el buen trabajo de todos los jugadores y jugadora..\",\"breadcrumb\":{\"@id\":\"https:\\\/\\\/www.realclubdegolfelprat.com\\\/ca\\\/noticies\\\/lamanga2018\\\/#breadcrumb\"},\"inLanguage\":\"ca\",\"potentialAction\":[{\"@type\":\"ReadAction\",\"target\":[\"https:\\\/\\\/www.realclubdegolfelprat.com\\\/ca\\\/noticies\\\/lamanga2018\\\/\"]}]},{\"@type\":\"ImageObject\",\"inLanguage\":\"ca\",\"@id\":\"https:\\\/\\\/www.realclubdegolfelprat.com\\\/ca\\\/noticies\\\/lamanga2018\\\/#primaryimage\",\"url\":\"https:\\\/\\\/www.realclubdegolfelprat.com\\\/wp-content\\\/uploads\\\/2018\\\/06\\\/ClaraFelip.jpg\",\"contentUrl\":\"https:\\\/\\\/www.realclubdegolfelprat.com\\\/wp-content\\\/uploads\\\/2018\\\/06\\\/ClaraFelip.jpg\",\"width\":300,\"height\":197},{\"@type\":\"BreadcrumbList\",\"@id\":\"https:\\\/\\\/www.realclubdegolfelprat.com\\\/ca\\\/noticies\\\/lamanga2018\\\/#breadcrumb\",\"itemListElement\":[{\"@type\":\"ListItem\",\"position\":1,\"name\":\"Portada\",\"item\":\"https:\\\/\\\/www.realclubdegolfelprat.com\\\/ca\\\/\"},{\"@type\":\"ListItem\",\"position\":2,\"name\":\"Brillante actuaci\u00f3n de la cantera de la FCG en La Manga Club con muy buenos resultados de Clara Felip, Maximilian-Tomas Cafrey y Marcel Fonseca\"}]},{\"@type\":\"WebSite\",\"@id\":\"https:\\\/\\\/www.realclubdegolfelprat.com\\\/ca\\\/#website\",\"url\":\"https:\\\/\\\/www.realclubdegolfelprat.com\\\/ca\\\/\",\"name\":\"Real Club de Golf El Prat - Barcelona\",\"description\":\"Tu club de golf en Barcelona\",\"publisher\":{\"@id\":\"https:\\\/\\\/www.realclubdegolfelprat.com\\\/ca\\\/#organization\"},\"potentialAction\":[{\"@type\":\"SearchAction\",\"target\":{\"@type\":\"EntryPoint\",\"urlTemplate\":\"https:\\\/\\\/www.realclubdegolfelprat.com\\\/ca\\\/?s={search_term_string}\"},\"query-input\":{\"@type\":\"PropertyValueSpecification\",\"valueRequired\":true,\"valueName\":\"search_term_string\"}}],\"inLanguage\":\"ca\"},{\"@type\":\"Organization\",\"@id\":\"https:\\\/\\\/www.realclubdegolfelprat.com\\\/ca\\\/#organization\",\"name\":\"Real Club de Golf El Prat - Barcelona\",\"url\":\"https:\\\/\\\/www.realclubdegolfelprat.com\\\/ca\\\/\",\"logo\":{\"@type\":\"ImageObject\",\"inLanguage\":\"ca\",\"@id\":\"https:\\\/\\\/www.realclubdegolfelprat.com\\\/ca\\\/#\\\/schema\\\/logo\\\/image\\\/\",\"url\":\"https:\\\/\\\/www.realclubdegolfelprat.com\\\/wp-content\\\/uploads\\\/2023\\\/03\\\/logo-rcgep-color-120-95.png\",\"contentUrl\":\"https:\\\/\\\/www.realclubdegolfelprat.com\\\/wp-content\\\/uploads\\\/2023\\\/03\\\/logo-rcgep-color-120-95.png\",\"width\":120,\"height\":95,\"caption\":\"Real Club de Golf El Prat - Barcelona\"},\"image\":{\"@id\":\"https:\\\/\\\/www.realclubdegolfelprat.com\\\/ca\\\/#\\\/schema\\\/logo\\\/image\\\/\"},\"sameAs\":[\"https:\\\/\\\/www.facebook.com\\\/golfelprat\",\"https:\\\/\\\/x.com\\\/golfelprat\",\"https:\\\/\\\/www.linkedin.com\\\/company\\\/rcgep\",\"https:\\\/\\\/www.youtube.com\\\/user\\\/realclubdegolfelprat\",\"https:\\\/\\\/www.instagram.com\\\/golfelprat\\\/\"]},{\"@type\":\"Person\",\"@id\":\"https:\\\/\\\/www.realclubdegolfelprat.com\\\/ca\\\/#\\\/schema\\\/person\\\/b415ffa96e273d60f598cdf97ca795a8\",\"name\":\"Raquel Castillero Maturana\",\"image\":{\"@type\":\"ImageObject\",\"inLanguage\":\"ca\",\"@id\":\"https:\\\/\\\/secure.gravatar.com\\\/avatar\\\/91350e08b4fc5a2ee91f45c6465d2fc3ac13334bcb7d7242c5c020039a476b4c?s=96&d=mm&r=g\",\"url\":\"https:\\\/\\\/secure.gravatar.com\\\/avatar\\\/91350e08b4fc5a2ee91f45c6465d2fc3ac13334bcb7d7242c5c020039a476b4c?s=96&d=mm&r=g\",\"contentUrl\":\"https:\\\/\\\/secure.gravatar.com\\\/avatar\\\/91350e08b4fc5a2ee91f45c6465d2fc3ac13334bcb7d7242c5c020039a476b4c?s=96&d=mm&r=g\",\"caption\":\"Raquel Castillero Maturana\"}}]}<\/script>\n<!-- \/ Yoast SEO plugin. -->","yoast_head_json":{"title":"Brillante actuaci\u00f3n de la cantera de la FCG en La Manga Club con muy buenos resultados de Clara Felip, Maximilian-Tomas Cafrey y Marcel Fonseca - Real Club de Golf El Prat - Barcelona","description":"El Campeonato de Espa\u00f1a Infantil, Alev\u00edn y Benjam\u00edn 2018 finaliz\u00f3 en La Manga Club, dejando un magn\u00edfico resultado para las j\u00f3venes promesas del golf catal\u00e1n, que estuvieron en las primeras posiciones en todas las clasificaciones. Aunque en el buen trabajo de todos los jugadores y jugadora..","robots":{"index":"index","follow":"follow","max-snippet":"max-snippet:-1","max-image-preview":"max-image-preview:large","max-video-preview":"max-video-preview:-1"},"canonical":"https:\/\/www.realclubdegolfelprat.com\/ca\/noticies\/lamanga2018\/","og_locale":"ca_ES","og_type":"article","og_title":"Brillante actuaci\u00f3n de la cantera de la FCG en La Manga Club con muy buenos resultados de Clara Felip, Maximilian-Tomas Cafrey y Marcel Fonseca - Real Club de Golf El Prat - Barcelona","og_description":"El Campeonato de Espa\u00f1a Infantil, Alev\u00edn y Benjam\u00edn 2018 finaliz\u00f3 en La Manga Club, dejando un magn\u00edfico resultado para las j\u00f3venes promesas del golf catal\u00e1n, que estuvieron en las primeras posiciones en todas las clasificaciones. Aunque en el buen trabajo de todos los jugadores y jugadora..","og_url":"https:\/\/www.realclubdegolfelprat.com\/ca\/noticies\/lamanga2018\/","og_site_name":"Real Club de Golf El Prat - Barcelona","article_publisher":"https:\/\/www.facebook.com\/golfelprat","article_published_time":"2018-06-28T08:01:38+00:00","article_modified_time":"2025-03-11T23:47:20+00:00","og_image":[{"width":300,"height":197,"url":"https:\/\/www.realclubdegolfelprat.com\/wp-content\/uploads\/2018\/06\/ClaraFelip.jpg","type":"image\/jpeg"}],"author":"Raquel Castillero Maturana","twitter_card":"summary_large_image","twitter_creator":"@golfelprat","twitter_site":"@golfelprat","twitter_misc":{"Escrit per":"Raquel Castillero Maturana","Temps estimat de lectura":"2 minuts"},"schema":{"@context":"https:\/\/schema.org","@graph":[{"@type":"Article","@id":"https:\/\/www.realclubdegolfelprat.com\/ca\/noticies\/lamanga2018\/#article","isPartOf":{"@id":"https:\/\/www.realclubdegolfelprat.com\/ca\/noticies\/lamanga2018\/"},"author":{"name":"Raquel Castillero Maturana","@id":"https:\/\/www.realclubdegolfelprat.com\/ca\/#\/schema\/person\/b415ffa96e273d60f598cdf97ca795a8"},"headline":"Brillante actuaci\u00f3n de la cantera de la FCG en La Manga Club con muy buenos resultados de Clara Felip, Maximilian-Tomas Cafrey y Marcel Fonseca","datePublished":"2018-06-28T08:01:38+00:00","dateModified":"2025-03-11T23:47:20+00:00","mainEntityOfPage":{"@id":"https:\/\/www.realclubdegolfelprat.com\/ca\/noticies\/lamanga2018\/"},"wordCount":473,"publisher":{"@id":"https:\/\/www.realclubdegolfelprat.com\/ca\/#organization"},"image":{"@id":"https:\/\/www.realclubdegolfelprat.com\/ca\/noticies\/lamanga2018\/#primaryimage"},"thumbnailUrl":"https:\/\/www.realclubdegolfelprat.com\/wp-content\/uploads\/2018\/06\/ClaraFelip.jpg","articleSection":["Not\u00edcies"],"inLanguage":"ca"},{"@type":"WebPage","@id":"https:\/\/www.realclubdegolfelprat.com\/ca\/noticies\/lamanga2018\/","url":"https:\/\/www.realclubdegolfelprat.com\/ca\/noticies\/lamanga2018\/","name":"Brillante actuaci\u00f3n de la cantera de la FCG en La Manga Club con muy buenos resultados de Clara Felip, Maximilian-Tomas Cafrey y Marcel Fonseca - Real Club de Golf El Prat - Barcelona","isPartOf":{"@id":"https:\/\/www.realclubdegolfelprat.com\/ca\/#website"},"primaryImageOfPage":{"@id":"https:\/\/www.realclubdegolfelprat.com\/ca\/noticies\/lamanga2018\/#primaryimage"},"image":{"@id":"https:\/\/www.realclubdegolfelprat.com\/ca\/noticies\/lamanga2018\/#primaryimage"},"thumbnailUrl":"https:\/\/www.realclubdegolfelprat.com\/wp-content\/uploads\/2018\/06\/ClaraFelip.jpg","datePublished":"2018-06-28T08:01:38+00:00","dateModified":"2025-03-11T23:47:20+00:00","description":"El Campeonato de Espa\u00f1a Infantil, Alev\u00edn y Benjam\u00edn 2018 finaliz\u00f3 en La Manga Club, dejando un magn\u00edfico resultado para las j\u00f3venes promesas del golf catal\u00e1n, que estuvieron en las primeras posiciones en todas las clasificaciones. Aunque en el buen trabajo de todos los jugadores y jugadora..","breadcrumb":{"@id":"https:\/\/www.realclubdegolfelprat.com\/ca\/noticies\/lamanga2018\/#breadcrumb"},"inLanguage":"ca","potentialAction":[{"@type":"ReadAction","target":["https:\/\/www.realclubdegolfelprat.com\/ca\/noticies\/lamanga2018\/"]}]},{"@type":"ImageObject","inLanguage":"ca","@id":"https:\/\/www.realclubdegolfelprat.com\/ca\/noticies\/lamanga2018\/#primaryimage","url":"https:\/\/www.realclubdegolfelprat.com\/wp-content\/uploads\/2018\/06\/ClaraFelip.jpg","contentUrl":"https:\/\/www.realclubdegolfelprat.com\/wp-content\/uploads\/2018\/06\/ClaraFelip.jpg","width":300,"height":197},{"@type":"BreadcrumbList","@id":"https:\/\/www.realclubdegolfelprat.com\/ca\/noticies\/lamanga2018\/#breadcrumb","itemListElement":[{"@type":"ListItem","position":1,"name":"Portada","item":"https:\/\/www.realclubdegolfelprat.com\/ca\/"},{"@type":"ListItem","position":2,"name":"Brillante actuaci\u00f3n de la cantera de la FCG en La Manga Club con muy buenos resultados de Clara Felip, Maximilian-Tomas Cafrey y Marcel Fonseca"}]},{"@type":"WebSite","@id":"https:\/\/www.realclubdegolfelprat.com\/ca\/#website","url":"https:\/\/www.realclubdegolfelprat.com\/ca\/","name":"Real Club de Golf El Prat - Barcelona","description":"Tu club de golf en Barcelona","publisher":{"@id":"https:\/\/www.realclubdegolfelprat.com\/ca\/#organization"},"potentialAction":[{"@type":"SearchAction","target":{"@type":"EntryPoint","urlTemplate":"https:\/\/www.realclubdegolfelprat.com\/ca\/?s={search_term_string}"},"query-input":{"@type":"PropertyValueSpecification","valueRequired":true,"valueName":"search_term_string"}}],"inLanguage":"ca"},{"@type":"Organization","@id":"https:\/\/www.realclubdegolfelprat.com\/ca\/#organization","name":"Real Club de Golf El Prat - Barcelona","url":"https:\/\/www.realclubdegolfelprat.com\/ca\/","logo":{"@type":"ImageObject","inLanguage":"ca","@id":"https:\/\/www.realclubdegolfelprat.com\/ca\/#\/schema\/logo\/image\/","url":"https:\/\/www.realclubdegolfelprat.com\/wp-content\/uploads\/2023\/03\/logo-rcgep-color-120-95.png","contentUrl":"https:\/\/www.realclubdegolfelprat.com\/wp-content\/uploads\/2023\/03\/logo-rcgep-color-120-95.png","width":120,"height":95,"caption":"Real Club de Golf El Prat - Barcelona"},"image":{"@id":"https:\/\/www.realclubdegolfelprat.com\/ca\/#\/schema\/logo\/image\/"},"sameAs":["https:\/\/www.facebook.com\/golfelprat","https:\/\/x.com\/golfelprat","https:\/\/www.linkedin.com\/company\/rcgep","https:\/\/www.youtube.com\/user\/realclubdegolfelprat","https:\/\/www.instagram.com\/golfelprat\/"]},{"@type":"Person","@id":"https:\/\/www.realclubdegolfelprat.com\/ca\/#\/schema\/person\/b415ffa96e273d60f598cdf97ca795a8","name":"Raquel Castillero Maturana","image":{"@type":"ImageObject","inLanguage":"ca","@id":"https:\/\/secure.gravatar.com\/avatar\/91350e08b4fc5a2ee91f45c6465d2fc3ac13334bcb7d7242c5c020039a476b4c?s=96&d=mm&r=g","url":"https:\/\/secure.gravatar.com\/avatar\/91350e08b4fc5a2ee91f45c6465d2fc3ac13334bcb7d7242c5c020039a476b4c?s=96&d=mm&r=g","contentUrl":"https:\/\/secure.gravatar.com\/avatar\/91350e08b4fc5a2ee91f45c6465d2fc3ac13334bcb7d7242c5c020039a476b4c?s=96&d=mm&r=g","caption":"Raquel Castillero Maturana"}}]}},"_links":{"self":[{"href":"https:\/\/www.realclubdegolfelprat.com\/ca\/wp-json\/wp\/v2\/posts\/179486","targetHints":{"allow":["GET"]}}],"collection":[{"href":"https:\/\/www.realclubdegolfelprat.com\/ca\/wp-json\/wp\/v2\/posts"}],"about":[{"href":"https:\/\/www.realclubdegolfelprat.com\/ca\/wp-json\/wp\/v2\/types\/post"}],"author":[{"embeddable":true,"href":"https:\/\/www.realclubdegolfelprat.com\/ca\/wp-json\/wp\/v2\/users\/3"}],"replies":[{"embeddable":true,"href":"https:\/\/www.realclubdegolfelprat.com\/ca\/wp-json\/wp\/v2\/comments?post=179486"}],"version-history":[{"count":1,"href":"https:\/\/www.realclubdegolfelprat.com\/ca\/wp-json\/wp\/v2\/posts\/179486\/revisions"}],"predecessor-version":[{"id":179521,"href":"https:\/\/www.realclubdegolfelprat.com\/ca\/wp-json\/wp\/v2\/posts\/179486\/revisions\/179521"}],"wp:featuredmedia":[{"embeddable":true,"href":"https:\/\/www.realclubdegolfelprat.com\/ca\/wp-json\/wp\/v2\/media\/179487"}],"wp:attachment":[{"href":"https:\/\/www.realclubdegolfelprat.com\/ca\/wp-json\/wp\/v2\/media?parent=179486"}],"wp:term":[{"taxonomy":"category","embeddable":true,"href":"https:\/\/www.realclubdegolfelprat.com\/ca\/wp-json\/wp\/v2\/categories?post=179486"},{"taxonomy":"post_tag","embeddable":true,"href":"https:\/\/www.realclubdegolfelprat.com\/ca\/wp-json\/wp\/v2\/tags?post=179486"}],"curies":[{"name":"wp","href":"https:\/\/api.w.org\/{rel}","templated":true}]}}