{"id":179490,"date":"2018-06-26T20:00:40","date_gmt":"2018-06-26T20:00:40","guid":{"rendered":"https:\/\/new.rcgep.com\/sin-categoria\/alex-albinana\/"},"modified":"2025-03-11T23:47:32","modified_gmt":"2025-03-11T23:47:32","slug":"alex-albinana","status":"publish","type":"post","link":"https:\/\/www.realclubdegolfelprat.com\/ca\/noticies\/alex-albinana\/","title":{"rendered":"La selecci\u00f3n catalana de Pitch and Putt formada por Alex Albi\u00f1ana Jr, subcampeona de Europa."},"content":{"rendered":"<div class=\"wpb-content-wrapper\"><p>[vc_row][vc_column][vc_custom_heading source=&#8221;post_title&#8221; font_container=&#8221;tag:h1|text_align:left&#8221; el_class=&#8221;post-title-news&#8221;][vc_separator align=&#8221;align_left&#8221; border_width=&#8221;2&#8243; el_width=&#8221;10&#8243; el_class=&#8221;post-title-news-line&#8221;][\/vc_column][\/vc_row][vc_row][vc_column][vc_column_text]<\/p>\n<h3>Irlanda se mostr\u00f3 intratable en Urdu\u00f1a (Pa\u00eds Vasco) y conquist\u00f3 su sexto t\u00edtulo 11 a\u00f1os despu\u00e9s del \u00faltimo.<\/h3>\n<p>Catalu\u00f1a no pudo conquistar su tercer Campeonato de Europa consecutivo de pitch and putt en perder el duelo decisivo contra Irlanda con mucha claridad (8,5-0,5). Los irlandeses mostraron la mejor versi\u00f3n de s\u00ed mismos en Urdu\u00f1a (Pa\u00eds Vasco) y se convirtieron en el primer equipo que cierra todas las eliminatorias directas (MatchPlay) sin perder ninguna partida individual. Hac\u00eda 11 a\u00f1os que el equipo verde, blanco y naranja no conquistaba el t\u00edtulo (el de este fin de semana es el 6\u00ba), despu\u00e9s de que la selecci\u00f3n catalana la hubiera superado en la edici\u00f3n de 2010 y haber estado ausente en la de 2014.<\/p>\n<p><strong>El strokeplay marca tendencia<\/strong><br \/>\nEl europeo se inici\u00f3 con dos vueltas individuales (strokeplay) de todos los jugadores, la suma de los resultados de los que deb\u00eda distribuir las nueve selecciones participantes en 3 grupos diferentes. Catalu\u00f1a fue segunda a 29 golpes de los irlandeses, que con un registro global de -44 comenzaron a ratificar su condici\u00f3n de favoritos. Por su posici\u00f3n, la selecci\u00f3n catalana se enfrent\u00f3 en la segunda fase en Suiza y Galicia, contra quien logr\u00f3 el acceso a la liguilla final con no pocas dificultades. Aunque los helv\u00e9ticos cayeron con rotundidad (9-0), los gallegos fueron capaces empatar (4,5-4,5) contra el entonces vigente bicampeona.<\/p>\n<p><strong>Final a tres desigualadas<\/strong><br \/>\nLa liguilla final la disputaron Irlanda, Catalu\u00f1a y Andorra, que super\u00f3 en la eliminatoria anterior Gran Breta\u00f1a a pesar de haber quedado a 10 veces en el strokeplay. La selecci\u00f3n catalana bati\u00f3 la andorrana (5,5-3,5) gracias al foursome ya que, en individuales, se registr\u00f3 un empate a 3. La \u00faltima jornada deparaba el duelo entre irlandeses y catalanes, que fue una final aunque en este europeo estrenaba el formato de triangular definitivo. El equipo estaba integrado por Emili Sanmart\u00edn, Eric Puig, Fernando Cano, Jos\u00e9 Iglesias, David Riera y Alex Albi\u00f1ana Jr, que fue quien consigui\u00f3 el \u00fanico medio punto contra Irlanda, al empatar su enfrentamiento individual.<\/p>\n<p><a href=\"https:\/\/fippa.org\/uploads\/news\/files\/finaleuro2018.pdf\">Ver resultados<\/a><\/p>\n<p>&nbsp;[\/vc_column_text][\/vc_column][\/vc_row]<\/p>\n<\/div>","protected":false},"excerpt":{"rendered":"<p>[vc_row][vc_column][vc_custom_heading source=&#8221;post_title&#8221; font_container=&#8221;tag:h1|text_align:left&#8221; el_class=&#8221;post-title-news&#8221;][vc_separator align=&#8221;align_left&#8221; border_width=&#8221;2&#8243; el_width=&#8221;10&#8243; el_class=&#8221;post-title-news-line&#8221;][\/vc_column][\/vc_row][vc_row][vc_column][vc_column_text] Irlanda se mostr\u00f3 intratable en Urdu\u00f1a (Pa\u00eds Vasco) y conquist\u00f3 su sexto t\u00edtulo 11 a\u00f1os despu\u00e9s del \u00faltimo. Catalu\u00f1a no pudo conquistar su tercer Campeonato de Europa consecutivo de pitch and putt en perder el duelo decisivo contra Irlanda con mucha claridad (8,5-0,5). Los irlandeses mostraron la [&hellip;]<\/p>\n","protected":false},"author":3,"featured_media":179491,"comment_status":"closed","ping_status":"closed","sticky":false,"template":"","format":"standard","meta":{"_acf_changed":false,"footnotes":""},"categories":[258],"tags":[],"class_list":["post-179490","post","type-post","status-publish","format-standard","has-post-thumbnail","hentry","category-noticies"],"acf":[],"yoast_head":"<!-- This site is optimized with the Yoast SEO plugin v27.4 - https:\/\/yoast.com\/product\/yoast-seo-wordpress\/ -->\n<title>La selecci\u00f3n catalana de Pitch and Putt formada por Alex Albi\u00f1ana Jr, subcampeona de Europa. - Real Club de Golf El Prat - Barcelona<\/title>\n<meta name=\"description\" content=\"Catalu\u00f1a no pudo conquistar su tercer Campeonato de Europa consecutivo de pitch and putt en perder el duelo decisivo contra Irlanda con mucha claridad (8,5-0,5). Los irlandeses mostraron la mejor versi\u00f3n de s\u00ed mismos en Urdu\u00f1a (Pa\u00eds Vasco) y se convirtieron en el primer equipo que cierra todas las..\" \/>\n<meta name=\"robots\" content=\"index, follow, max-snippet:-1, max-image-preview:large, max-video-preview:-1\" \/>\n<link rel=\"canonical\" href=\"https:\/\/www.realclubdegolfelprat.com\/ca\/noticies\/alex-albinana\/\" \/>\n<meta property=\"og:locale\" content=\"ca_ES\" \/>\n<meta property=\"og:type\" content=\"article\" \/>\n<meta property=\"og:title\" content=\"La selecci\u00f3n catalana de Pitch and Putt formada por Alex Albi\u00f1ana Jr, subcampeona de Europa. - Real Club de Golf El Prat - Barcelona\" \/>\n<meta property=\"og:description\" content=\"Catalu\u00f1a no pudo conquistar su tercer Campeonato de Europa consecutivo de pitch and putt en perder el duelo decisivo contra Irlanda con mucha claridad (8,5-0,5). Los irlandeses mostraron la mejor versi\u00f3n de s\u00ed mismos en Urdu\u00f1a (Pa\u00eds Vasco) y se convirtieron en el primer equipo que cierra todas las..\" \/>\n<meta property=\"og:url\" content=\"https:\/\/www.realclubdegolfelprat.com\/ca\/noticies\/alex-albinana\/\" \/>\n<meta property=\"og:site_name\" content=\"Real Club de Golf El Prat - Barcelona\" \/>\n<meta property=\"article:publisher\" content=\"https:\/\/www.facebook.com\/golfelprat\" \/>\n<meta property=\"article:published_time\" content=\"2018-06-26T20:00:40+00:00\" \/>\n<meta property=\"article:modified_time\" content=\"2025-03-11T23:47:32+00:00\" \/>\n<meta property=\"og:image\" content=\"https:\/\/www.realclubdegolfelprat.com\/wp-content\/uploads\/2018\/06\/alex.jpg\" \/>\n\t<meta property=\"og:image:width\" content=\"768\" \/>\n\t<meta property=\"og:image:height\" content=\"512\" \/>\n\t<meta property=\"og:image:type\" content=\"image\/jpeg\" \/>\n<meta name=\"author\" content=\"Raquel Castillero Maturana\" \/>\n<meta name=\"twitter:card\" content=\"summary_large_image\" \/>\n<meta name=\"twitter:creator\" content=\"@golfelprat\" \/>\n<meta name=\"twitter:site\" content=\"@golfelprat\" \/>\n<meta name=\"twitter:label1\" content=\"Escrit per\" \/>\n\t<meta name=\"twitter:data1\" content=\"Raquel Castillero Maturana\" \/>\n\t<meta name=\"twitter:label2\" content=\"Temps estimat de lectura\" \/>\n\t<meta name=\"twitter:data2\" content=\"2 minuts\" \/>\n<script type=\"application\/ld+json\" class=\"yoast-schema-graph\">{\"@context\":\"https:\\\/\\\/schema.org\",\"@graph\":[{\"@type\":\"Article\",\"@id\":\"https:\\\/\\\/www.realclubdegolfelprat.com\\\/ca\\\/noticies\\\/alex-albinana\\\/#article\",\"isPartOf\":{\"@id\":\"https:\\\/\\\/www.realclubdegolfelprat.com\\\/ca\\\/noticies\\\/alex-albinana\\\/\"},\"author\":{\"name\":\"Raquel Castillero Maturana\",\"@id\":\"https:\\\/\\\/www.realclubdegolfelprat.com\\\/ca\\\/#\\\/schema\\\/person\\\/b415ffa96e273d60f598cdf97ca795a8\"},\"headline\":\"La selecci\u00f3n catalana de Pitch and Putt formada por Alex Albi\u00f1ana Jr, subcampeona de Europa.\",\"datePublished\":\"2018-06-26T20:00:40+00:00\",\"dateModified\":\"2025-03-11T23:47:32+00:00\",\"mainEntityOfPage\":{\"@id\":\"https:\\\/\\\/www.realclubdegolfelprat.com\\\/ca\\\/noticies\\\/alex-albinana\\\/\"},\"wordCount\":422,\"publisher\":{\"@id\":\"https:\\\/\\\/www.realclubdegolfelprat.com\\\/ca\\\/#organization\"},\"image\":{\"@id\":\"https:\\\/\\\/www.realclubdegolfelprat.com\\\/ca\\\/noticies\\\/alex-albinana\\\/#primaryimage\"},\"thumbnailUrl\":\"https:\\\/\\\/www.realclubdegolfelprat.com\\\/wp-content\\\/uploads\\\/2018\\\/06\\\/alex.jpg\",\"articleSection\":[\"Not\u00edcies\"],\"inLanguage\":\"ca\"},{\"@type\":\"WebPage\",\"@id\":\"https:\\\/\\\/www.realclubdegolfelprat.com\\\/ca\\\/noticies\\\/alex-albinana\\\/\",\"url\":\"https:\\\/\\\/www.realclubdegolfelprat.com\\\/ca\\\/noticies\\\/alex-albinana\\\/\",\"name\":\"La selecci\u00f3n catalana de Pitch and Putt formada por Alex Albi\u00f1ana Jr, subcampeona de Europa. - Real Club de Golf El Prat - Barcelona\",\"isPartOf\":{\"@id\":\"https:\\\/\\\/www.realclubdegolfelprat.com\\\/ca\\\/#website\"},\"primaryImageOfPage\":{\"@id\":\"https:\\\/\\\/www.realclubdegolfelprat.com\\\/ca\\\/noticies\\\/alex-albinana\\\/#primaryimage\"},\"image\":{\"@id\":\"https:\\\/\\\/www.realclubdegolfelprat.com\\\/ca\\\/noticies\\\/alex-albinana\\\/#primaryimage\"},\"thumbnailUrl\":\"https:\\\/\\\/www.realclubdegolfelprat.com\\\/wp-content\\\/uploads\\\/2018\\\/06\\\/alex.jpg\",\"datePublished\":\"2018-06-26T20:00:40+00:00\",\"dateModified\":\"2025-03-11T23:47:32+00:00\",\"description\":\"Catalu\u00f1a no pudo conquistar su tercer Campeonato de Europa consecutivo de pitch and putt en perder el duelo decisivo contra Irlanda con mucha claridad (8,5-0,5). Los irlandeses mostraron la mejor versi\u00f3n de s\u00ed mismos en Urdu\u00f1a (Pa\u00eds Vasco) y se convirtieron en el primer equipo que cierra todas las..\",\"breadcrumb\":{\"@id\":\"https:\\\/\\\/www.realclubdegolfelprat.com\\\/ca\\\/noticies\\\/alex-albinana\\\/#breadcrumb\"},\"inLanguage\":\"ca\",\"potentialAction\":[{\"@type\":\"ReadAction\",\"target\":[\"https:\\\/\\\/www.realclubdegolfelprat.com\\\/ca\\\/noticies\\\/alex-albinana\\\/\"]}]},{\"@type\":\"ImageObject\",\"inLanguage\":\"ca\",\"@id\":\"https:\\\/\\\/www.realclubdegolfelprat.com\\\/ca\\\/noticies\\\/alex-albinana\\\/#primaryimage\",\"url\":\"https:\\\/\\\/www.realclubdegolfelprat.com\\\/wp-content\\\/uploads\\\/2018\\\/06\\\/alex.jpg\",\"contentUrl\":\"https:\\\/\\\/www.realclubdegolfelprat.com\\\/wp-content\\\/uploads\\\/2018\\\/06\\\/alex.jpg\",\"width\":768,\"height\":512},{\"@type\":\"BreadcrumbList\",\"@id\":\"https:\\\/\\\/www.realclubdegolfelprat.com\\\/ca\\\/noticies\\\/alex-albinana\\\/#breadcrumb\",\"itemListElement\":[{\"@type\":\"ListItem\",\"position\":1,\"name\":\"Portada\",\"item\":\"https:\\\/\\\/www.realclubdegolfelprat.com\\\/ca\\\/\"},{\"@type\":\"ListItem\",\"position\":2,\"name\":\"La selecci\u00f3n catalana de Pitch and Putt formada por Alex Albi\u00f1ana Jr, subcampeona de Europa.\"}]},{\"@type\":\"WebSite\",\"@id\":\"https:\\\/\\\/www.realclubdegolfelprat.com\\\/ca\\\/#website\",\"url\":\"https:\\\/\\\/www.realclubdegolfelprat.com\\\/ca\\\/\",\"name\":\"Real Club de Golf El Prat - Barcelona\",\"description\":\"Tu club de golf en Barcelona\",\"publisher\":{\"@id\":\"https:\\\/\\\/www.realclubdegolfelprat.com\\\/ca\\\/#organization\"},\"potentialAction\":[{\"@type\":\"SearchAction\",\"target\":{\"@type\":\"EntryPoint\",\"urlTemplate\":\"https:\\\/\\\/www.realclubdegolfelprat.com\\\/ca\\\/?s={search_term_string}\"},\"query-input\":{\"@type\":\"PropertyValueSpecification\",\"valueRequired\":true,\"valueName\":\"search_term_string\"}}],\"inLanguage\":\"ca\"},{\"@type\":\"Organization\",\"@id\":\"https:\\\/\\\/www.realclubdegolfelprat.com\\\/ca\\\/#organization\",\"name\":\"Real Club de Golf El Prat - Barcelona\",\"url\":\"https:\\\/\\\/www.realclubdegolfelprat.com\\\/ca\\\/\",\"logo\":{\"@type\":\"ImageObject\",\"inLanguage\":\"ca\",\"@id\":\"https:\\\/\\\/www.realclubdegolfelprat.com\\\/ca\\\/#\\\/schema\\\/logo\\\/image\\\/\",\"url\":\"https:\\\/\\\/www.realclubdegolfelprat.com\\\/wp-content\\\/uploads\\\/2023\\\/03\\\/logo-rcgep-color-120-95.png\",\"contentUrl\":\"https:\\\/\\\/www.realclubdegolfelprat.com\\\/wp-content\\\/uploads\\\/2023\\\/03\\\/logo-rcgep-color-120-95.png\",\"width\":120,\"height\":95,\"caption\":\"Real Club de Golf El Prat - Barcelona\"},\"image\":{\"@id\":\"https:\\\/\\\/www.realclubdegolfelprat.com\\\/ca\\\/#\\\/schema\\\/logo\\\/image\\\/\"},\"sameAs\":[\"https:\\\/\\\/www.facebook.com\\\/golfelprat\",\"https:\\\/\\\/x.com\\\/golfelprat\",\"https:\\\/\\\/www.linkedin.com\\\/company\\\/rcgep\",\"https:\\\/\\\/www.youtube.com\\\/user\\\/realclubdegolfelprat\",\"https:\\\/\\\/www.instagram.com\\\/golfelprat\\\/\"]},{\"@type\":\"Person\",\"@id\":\"https:\\\/\\\/www.realclubdegolfelprat.com\\\/ca\\\/#\\\/schema\\\/person\\\/b415ffa96e273d60f598cdf97ca795a8\",\"name\":\"Raquel Castillero Maturana\",\"image\":{\"@type\":\"ImageObject\",\"inLanguage\":\"ca\",\"@id\":\"https:\\\/\\\/secure.gravatar.com\\\/avatar\\\/91350e08b4fc5a2ee91f45c6465d2fc3ac13334bcb7d7242c5c020039a476b4c?s=96&d=mm&r=g\",\"url\":\"https:\\\/\\\/secure.gravatar.com\\\/avatar\\\/91350e08b4fc5a2ee91f45c6465d2fc3ac13334bcb7d7242c5c020039a476b4c?s=96&d=mm&r=g\",\"contentUrl\":\"https:\\\/\\\/secure.gravatar.com\\\/avatar\\\/91350e08b4fc5a2ee91f45c6465d2fc3ac13334bcb7d7242c5c020039a476b4c?s=96&d=mm&r=g\",\"caption\":\"Raquel Castillero Maturana\"}}]}<\/script>\n<!-- \/ Yoast SEO plugin. -->","yoast_head_json":{"title":"La selecci\u00f3n catalana de Pitch and Putt formada por Alex Albi\u00f1ana Jr, subcampeona de Europa. - Real Club de Golf El Prat - Barcelona","description":"Catalu\u00f1a no pudo conquistar su tercer Campeonato de Europa consecutivo de pitch and putt en perder el duelo decisivo contra Irlanda con mucha claridad (8,5-0,5). Los irlandeses mostraron la mejor versi\u00f3n de s\u00ed mismos en Urdu\u00f1a (Pa\u00eds Vasco) y se convirtieron en el primer equipo que cierra todas las..","robots":{"index":"index","follow":"follow","max-snippet":"max-snippet:-1","max-image-preview":"max-image-preview:large","max-video-preview":"max-video-preview:-1"},"canonical":"https:\/\/www.realclubdegolfelprat.com\/ca\/noticies\/alex-albinana\/","og_locale":"ca_ES","og_type":"article","og_title":"La selecci\u00f3n catalana de Pitch and Putt formada por Alex Albi\u00f1ana Jr, subcampeona de Europa. - Real Club de Golf El Prat - Barcelona","og_description":"Catalu\u00f1a no pudo conquistar su tercer Campeonato de Europa consecutivo de pitch and putt en perder el duelo decisivo contra Irlanda con mucha claridad (8,5-0,5). Los irlandeses mostraron la mejor versi\u00f3n de s\u00ed mismos en Urdu\u00f1a (Pa\u00eds Vasco) y se convirtieron en el primer equipo que cierra todas las..","og_url":"https:\/\/www.realclubdegolfelprat.com\/ca\/noticies\/alex-albinana\/","og_site_name":"Real Club de Golf El Prat - Barcelona","article_publisher":"https:\/\/www.facebook.com\/golfelprat","article_published_time":"2018-06-26T20:00:40+00:00","article_modified_time":"2025-03-11T23:47:32+00:00","og_image":[{"width":768,"height":512,"url":"https:\/\/www.realclubdegolfelprat.com\/wp-content\/uploads\/2018\/06\/alex.jpg","type":"image\/jpeg"}],"author":"Raquel Castillero Maturana","twitter_card":"summary_large_image","twitter_creator":"@golfelprat","twitter_site":"@golfelprat","twitter_misc":{"Escrit per":"Raquel Castillero Maturana","Temps estimat de lectura":"2 minuts"},"schema":{"@context":"https:\/\/schema.org","@graph":[{"@type":"Article","@id":"https:\/\/www.realclubdegolfelprat.com\/ca\/noticies\/alex-albinana\/#article","isPartOf":{"@id":"https:\/\/www.realclubdegolfelprat.com\/ca\/noticies\/alex-albinana\/"},"author":{"name":"Raquel Castillero Maturana","@id":"https:\/\/www.realclubdegolfelprat.com\/ca\/#\/schema\/person\/b415ffa96e273d60f598cdf97ca795a8"},"headline":"La selecci\u00f3n catalana de Pitch and Putt formada por Alex Albi\u00f1ana Jr, subcampeona de Europa.","datePublished":"2018-06-26T20:00:40+00:00","dateModified":"2025-03-11T23:47:32+00:00","mainEntityOfPage":{"@id":"https:\/\/www.realclubdegolfelprat.com\/ca\/noticies\/alex-albinana\/"},"wordCount":422,"publisher":{"@id":"https:\/\/www.realclubdegolfelprat.com\/ca\/#organization"},"image":{"@id":"https:\/\/www.realclubdegolfelprat.com\/ca\/noticies\/alex-albinana\/#primaryimage"},"thumbnailUrl":"https:\/\/www.realclubdegolfelprat.com\/wp-content\/uploads\/2018\/06\/alex.jpg","articleSection":["Not\u00edcies"],"inLanguage":"ca"},{"@type":"WebPage","@id":"https:\/\/www.realclubdegolfelprat.com\/ca\/noticies\/alex-albinana\/","url":"https:\/\/www.realclubdegolfelprat.com\/ca\/noticies\/alex-albinana\/","name":"La selecci\u00f3n catalana de Pitch and Putt formada por Alex Albi\u00f1ana Jr, subcampeona de Europa. - Real Club de Golf El Prat - Barcelona","isPartOf":{"@id":"https:\/\/www.realclubdegolfelprat.com\/ca\/#website"},"primaryImageOfPage":{"@id":"https:\/\/www.realclubdegolfelprat.com\/ca\/noticies\/alex-albinana\/#primaryimage"},"image":{"@id":"https:\/\/www.realclubdegolfelprat.com\/ca\/noticies\/alex-albinana\/#primaryimage"},"thumbnailUrl":"https:\/\/www.realclubdegolfelprat.com\/wp-content\/uploads\/2018\/06\/alex.jpg","datePublished":"2018-06-26T20:00:40+00:00","dateModified":"2025-03-11T23:47:32+00:00","description":"Catalu\u00f1a no pudo conquistar su tercer Campeonato de Europa consecutivo de pitch and putt en perder el duelo decisivo contra Irlanda con mucha claridad (8,5-0,5). Los irlandeses mostraron la mejor versi\u00f3n de s\u00ed mismos en Urdu\u00f1a (Pa\u00eds Vasco) y se convirtieron en el primer equipo que cierra todas las..","breadcrumb":{"@id":"https:\/\/www.realclubdegolfelprat.com\/ca\/noticies\/alex-albinana\/#breadcrumb"},"inLanguage":"ca","potentialAction":[{"@type":"ReadAction","target":["https:\/\/www.realclubdegolfelprat.com\/ca\/noticies\/alex-albinana\/"]}]},{"@type":"ImageObject","inLanguage":"ca","@id":"https:\/\/www.realclubdegolfelprat.com\/ca\/noticies\/alex-albinana\/#primaryimage","url":"https:\/\/www.realclubdegolfelprat.com\/wp-content\/uploads\/2018\/06\/alex.jpg","contentUrl":"https:\/\/www.realclubdegolfelprat.com\/wp-content\/uploads\/2018\/06\/alex.jpg","width":768,"height":512},{"@type":"BreadcrumbList","@id":"https:\/\/www.realclubdegolfelprat.com\/ca\/noticies\/alex-albinana\/#breadcrumb","itemListElement":[{"@type":"ListItem","position":1,"name":"Portada","item":"https:\/\/www.realclubdegolfelprat.com\/ca\/"},{"@type":"ListItem","position":2,"name":"La selecci\u00f3n catalana de Pitch and Putt formada por Alex Albi\u00f1ana Jr, subcampeona de Europa."}]},{"@type":"WebSite","@id":"https:\/\/www.realclubdegolfelprat.com\/ca\/#website","url":"https:\/\/www.realclubdegolfelprat.com\/ca\/","name":"Real Club de Golf El Prat - Barcelona","description":"Tu club de golf en Barcelona","publisher":{"@id":"https:\/\/www.realclubdegolfelprat.com\/ca\/#organization"},"potentialAction":[{"@type":"SearchAction","target":{"@type":"EntryPoint","urlTemplate":"https:\/\/www.realclubdegolfelprat.com\/ca\/?s={search_term_string}"},"query-input":{"@type":"PropertyValueSpecification","valueRequired":true,"valueName":"search_term_string"}}],"inLanguage":"ca"},{"@type":"Organization","@id":"https:\/\/www.realclubdegolfelprat.com\/ca\/#organization","name":"Real Club de Golf El Prat - Barcelona","url":"https:\/\/www.realclubdegolfelprat.com\/ca\/","logo":{"@type":"ImageObject","inLanguage":"ca","@id":"https:\/\/www.realclubdegolfelprat.com\/ca\/#\/schema\/logo\/image\/","url":"https:\/\/www.realclubdegolfelprat.com\/wp-content\/uploads\/2023\/03\/logo-rcgep-color-120-95.png","contentUrl":"https:\/\/www.realclubdegolfelprat.com\/wp-content\/uploads\/2023\/03\/logo-rcgep-color-120-95.png","width":120,"height":95,"caption":"Real Club de Golf El Prat - Barcelona"},"image":{"@id":"https:\/\/www.realclubdegolfelprat.com\/ca\/#\/schema\/logo\/image\/"},"sameAs":["https:\/\/www.facebook.com\/golfelprat","https:\/\/x.com\/golfelprat","https:\/\/www.linkedin.com\/company\/rcgep","https:\/\/www.youtube.com\/user\/realclubdegolfelprat","https:\/\/www.instagram.com\/golfelprat\/"]},{"@type":"Person","@id":"https:\/\/www.realclubdegolfelprat.com\/ca\/#\/schema\/person\/b415ffa96e273d60f598cdf97ca795a8","name":"Raquel Castillero Maturana","image":{"@type":"ImageObject","inLanguage":"ca","@id":"https:\/\/secure.gravatar.com\/avatar\/91350e08b4fc5a2ee91f45c6465d2fc3ac13334bcb7d7242c5c020039a476b4c?s=96&d=mm&r=g","url":"https:\/\/secure.gravatar.com\/avatar\/91350e08b4fc5a2ee91f45c6465d2fc3ac13334bcb7d7242c5c020039a476b4c?s=96&d=mm&r=g","contentUrl":"https:\/\/secure.gravatar.com\/avatar\/91350e08b4fc5a2ee91f45c6465d2fc3ac13334bcb7d7242c5c020039a476b4c?s=96&d=mm&r=g","caption":"Raquel Castillero Maturana"}}]}},"_links":{"self":[{"href":"https:\/\/www.realclubdegolfelprat.com\/ca\/wp-json\/wp\/v2\/posts\/179490","targetHints":{"allow":["GET"]}}],"collection":[{"href":"https:\/\/www.realclubdegolfelprat.com\/ca\/wp-json\/wp\/v2\/posts"}],"about":[{"href":"https:\/\/www.realclubdegolfelprat.com\/ca\/wp-json\/wp\/v2\/types\/post"}],"author":[{"embeddable":true,"href":"https:\/\/www.realclubdegolfelprat.com\/ca\/wp-json\/wp\/v2\/users\/3"}],"replies":[{"embeddable":true,"href":"https:\/\/www.realclubdegolfelprat.com\/ca\/wp-json\/wp\/v2\/comments?post=179490"}],"version-history":[{"count":1,"href":"https:\/\/www.realclubdegolfelprat.com\/ca\/wp-json\/wp\/v2\/posts\/179490\/revisions"}],"predecessor-version":[{"id":179523,"href":"https:\/\/www.realclubdegolfelprat.com\/ca\/wp-json\/wp\/v2\/posts\/179490\/revisions\/179523"}],"wp:featuredmedia":[{"embeddable":true,"href":"https:\/\/www.realclubdegolfelprat.com\/ca\/wp-json\/wp\/v2\/media\/179491"}],"wp:attachment":[{"href":"https:\/\/www.realclubdegolfelprat.com\/ca\/wp-json\/wp\/v2\/media?parent=179490"}],"wp:term":[{"taxonomy":"category","embeddable":true,"href":"https:\/\/www.realclubdegolfelprat.com\/ca\/wp-json\/wp\/v2\/categories?post=179490"},{"taxonomy":"post_tag","embeddable":true,"href":"https:\/\/www.realclubdegolfelprat.com\/ca\/wp-json\/wp\/v2\/tags?post=179490"}],"curies":[{"name":"wp","href":"https:\/\/api.w.org\/{rel}","templated":true}]}}