{"id":179492,"date":"2018-06-16T12:38:50","date_gmt":"2018-06-16T12:38:50","guid":{"rendered":"https:\/\/new.rcgep.com\/sin-categoria\/piscina\/"},"modified":"2025-03-11T23:47:49","modified_gmt":"2025-03-11T23:47:49","slug":"piscina","status":"publish","type":"post","link":"https:\/\/www.realclubdegolfelprat.com\/ca\/noticies\/piscina\/","title":{"rendered":"Inauguraci\u00f3n de la piscina con exhibici\u00f3n sincronizada"},"content":{"rendered":"<h3>Lleg\u00f3 el sol al RCGP<\/h3>\n<p>A la segunda va la vencida. Tras el cambio de fecha por las condiciones climatol\u00f3gicas, el s\u00e1bado pasado se pudo dar por fin la bienvenida al verano. Con la apertura de la piscina, queda inaugurada otra temporada en la que los socios podr\u00e1n disfrutar de uno de los espacios m\u00e1s especiales del club.<\/p>\n<p>La exhibici\u00f3n que tuvo lugar este a\u00f1o estuvo protagonizada por las integrantes del equipo del Club Nataci\u00f3 Sabadell, quienes maravillaron a los asistentes con sus siluetas imposibles sobre el agua, que hicieron m\u00e1s llevadero el calor de la jornada.<\/p>\n<p>Antes de esta, socios, familiares y amigos pudieron disfrutar de un men\u00fa especial para la ocasi\u00f3n, con un entrante refrescante y una experiencia show cooking de paella para compartir este encuentro singular. Con la apertura de la piscina el club estrena la carta del restaurante de piscina para esta temporada y adapta tambi\u00e9n la carta del restaurante Snack.<\/p>\n","protected":false},"excerpt":{"rendered":"<p>Lleg\u00f3 el sol al RCGP A la segunda va la vencida. Tras el cambio de fecha por las condiciones climatol\u00f3gicas, el s\u00e1bado pasado se pudo dar por fin la bienvenida al verano. Con la apertura de la piscina, queda inaugurada otra temporada en la que los socios podr\u00e1n disfrutar de uno de los espacios m\u00e1s [&hellip;]<\/p>\n","protected":false},"author":3,"featured_media":0,"comment_status":"closed","ping_status":"closed","sticky":false,"template":"","format":"standard","meta":{"_acf_changed":false,"footnotes":""},"categories":[258],"tags":[],"class_list":["post-179492","post","type-post","status-publish","format-standard","hentry","category-noticies"],"acf":[],"yoast_head":"<!-- This site is optimized with the Yoast SEO plugin v27.4 - https:\/\/yoast.com\/product\/yoast-seo-wordpress\/ -->\n<title>Inauguraci\u00f3n de la piscina con exhibici\u00f3n sincronizada - Real Club de Golf El Prat - Barcelona<\/title>\n<meta name=\"description\" content=\"A la segunda va la vencida. Tras el cambio de fecha por las condiciones climatol\u00f3gicas, el s\u00e1bado pasado se pudo dar por fin la bienvenida al verano. Con la apertura de la piscina, queda inaugurada otra temporada en la que los socios podr\u00e1n disfrutar de uno de los espacios m\u00e1s especiales del club.\" \/>\n<meta name=\"robots\" content=\"index, follow, max-snippet:-1, max-image-preview:large, max-video-preview:-1\" \/>\n<link rel=\"canonical\" href=\"https:\/\/www.realclubdegolfelprat.com\/ca\/noticies\/piscina\/\" \/>\n<meta property=\"og:locale\" content=\"ca_ES\" \/>\n<meta property=\"og:type\" content=\"article\" \/>\n<meta property=\"og:title\" content=\"Inauguraci\u00f3n de la piscina con exhibici\u00f3n sincronizada - Real Club de Golf El Prat - Barcelona\" \/>\n<meta property=\"og:description\" content=\"A la segunda va la vencida. Tras el cambio de fecha por las condiciones climatol\u00f3gicas, el s\u00e1bado pasado se pudo dar por fin la bienvenida al verano. Con la apertura de la piscina, queda inaugurada otra temporada en la que los socios podr\u00e1n disfrutar de uno de los espacios m\u00e1s especiales del club.\" \/>\n<meta property=\"og:url\" content=\"https:\/\/www.realclubdegolfelprat.com\/ca\/noticies\/piscina\/\" \/>\n<meta property=\"og:site_name\" content=\"Real Club de Golf El Prat - Barcelona\" \/>\n<meta property=\"article:publisher\" content=\"https:\/\/www.facebook.com\/golfelprat\" \/>\n<meta property=\"article:published_time\" content=\"2018-06-16T12:38:50+00:00\" \/>\n<meta property=\"article:modified_time\" content=\"2025-03-11T23:47:49+00:00\" \/>\n<meta name=\"author\" content=\"Raquel Castillero Maturana\" \/>\n<meta name=\"twitter:card\" content=\"summary_large_image\" \/>\n<meta name=\"twitter:creator\" content=\"@golfelprat\" \/>\n<meta name=\"twitter:site\" content=\"@golfelprat\" \/>\n<meta name=\"twitter:label1\" content=\"Escrit per\" \/>\n\t<meta name=\"twitter:data1\" content=\"Raquel Castillero Maturana\" \/>\n\t<meta name=\"twitter:label2\" content=\"Temps estimat de lectura\" \/>\n\t<meta name=\"twitter:data2\" content=\"1 minut\" \/>\n<script type=\"application\/ld+json\" class=\"yoast-schema-graph\">{\"@context\":\"https:\\\/\\\/schema.org\",\"@graph\":[{\"@type\":\"Article\",\"@id\":\"https:\\\/\\\/www.realclubdegolfelprat.com\\\/ca\\\/noticies\\\/piscina\\\/#article\",\"isPartOf\":{\"@id\":\"https:\\\/\\\/www.realclubdegolfelprat.com\\\/ca\\\/noticies\\\/piscina\\\/\"},\"author\":{\"name\":\"Raquel Castillero Maturana\",\"@id\":\"https:\\\/\\\/www.realclubdegolfelprat.com\\\/ca\\\/#\\\/schema\\\/person\\\/b415ffa96e273d60f598cdf97ca795a8\"},\"headline\":\"Inauguraci\u00f3n de la piscina con exhibici\u00f3n sincronizada\",\"datePublished\":\"2018-06-16T12:38:50+00:00\",\"dateModified\":\"2025-03-11T23:47:49+00:00\",\"mainEntityOfPage\":{\"@id\":\"https:\\\/\\\/www.realclubdegolfelprat.com\\\/ca\\\/noticies\\\/piscina\\\/\"},\"wordCount\":173,\"publisher\":{\"@id\":\"https:\\\/\\\/www.realclubdegolfelprat.com\\\/ca\\\/#organization\"},\"articleSection\":[\"Not\u00edcies\"],\"inLanguage\":\"ca\"},{\"@type\":\"WebPage\",\"@id\":\"https:\\\/\\\/www.realclubdegolfelprat.com\\\/ca\\\/noticies\\\/piscina\\\/\",\"url\":\"https:\\\/\\\/www.realclubdegolfelprat.com\\\/ca\\\/noticies\\\/piscina\\\/\",\"name\":\"Inauguraci\u00f3n de la piscina con exhibici\u00f3n sincronizada - Real Club de Golf El Prat - Barcelona\",\"isPartOf\":{\"@id\":\"https:\\\/\\\/www.realclubdegolfelprat.com\\\/ca\\\/#website\"},\"datePublished\":\"2018-06-16T12:38:50+00:00\",\"dateModified\":\"2025-03-11T23:47:49+00:00\",\"description\":\"A la segunda va la vencida. Tras el cambio de fecha por las condiciones climatol\u00f3gicas, el s\u00e1bado pasado se pudo dar por fin la bienvenida al verano. Con la apertura de la piscina, queda inaugurada otra temporada en la que los socios podr\u00e1n disfrutar de uno de los espacios m\u00e1s especiales del club.\",\"breadcrumb\":{\"@id\":\"https:\\\/\\\/www.realclubdegolfelprat.com\\\/ca\\\/noticies\\\/piscina\\\/#breadcrumb\"},\"inLanguage\":\"ca\",\"potentialAction\":[{\"@type\":\"ReadAction\",\"target\":[\"https:\\\/\\\/www.realclubdegolfelprat.com\\\/ca\\\/noticies\\\/piscina\\\/\"]}]},{\"@type\":\"BreadcrumbList\",\"@id\":\"https:\\\/\\\/www.realclubdegolfelprat.com\\\/ca\\\/noticies\\\/piscina\\\/#breadcrumb\",\"itemListElement\":[{\"@type\":\"ListItem\",\"position\":1,\"name\":\"Portada\",\"item\":\"https:\\\/\\\/www.realclubdegolfelprat.com\\\/ca\\\/\"},{\"@type\":\"ListItem\",\"position\":2,\"name\":\"Inauguraci\u00f3n de la piscina con exhibici\u00f3n sincronizada\"}]},{\"@type\":\"WebSite\",\"@id\":\"https:\\\/\\\/www.realclubdegolfelprat.com\\\/ca\\\/#website\",\"url\":\"https:\\\/\\\/www.realclubdegolfelprat.com\\\/ca\\\/\",\"name\":\"Real Club de Golf El Prat - Barcelona\",\"description\":\"Tu club de golf en Barcelona\",\"publisher\":{\"@id\":\"https:\\\/\\\/www.realclubdegolfelprat.com\\\/ca\\\/#organization\"},\"potentialAction\":[{\"@type\":\"SearchAction\",\"target\":{\"@type\":\"EntryPoint\",\"urlTemplate\":\"https:\\\/\\\/www.realclubdegolfelprat.com\\\/ca\\\/?s={search_term_string}\"},\"query-input\":{\"@type\":\"PropertyValueSpecification\",\"valueRequired\":true,\"valueName\":\"search_term_string\"}}],\"inLanguage\":\"ca\"},{\"@type\":\"Organization\",\"@id\":\"https:\\\/\\\/www.realclubdegolfelprat.com\\\/ca\\\/#organization\",\"name\":\"Real Club de Golf El Prat - Barcelona\",\"url\":\"https:\\\/\\\/www.realclubdegolfelprat.com\\\/ca\\\/\",\"logo\":{\"@type\":\"ImageObject\",\"inLanguage\":\"ca\",\"@id\":\"https:\\\/\\\/www.realclubdegolfelprat.com\\\/ca\\\/#\\\/schema\\\/logo\\\/image\\\/\",\"url\":\"https:\\\/\\\/www.realclubdegolfelprat.com\\\/wp-content\\\/uploads\\\/2023\\\/03\\\/logo-rcgep-color-120-95.png\",\"contentUrl\":\"https:\\\/\\\/www.realclubdegolfelprat.com\\\/wp-content\\\/uploads\\\/2023\\\/03\\\/logo-rcgep-color-120-95.png\",\"width\":120,\"height\":95,\"caption\":\"Real Club de Golf El Prat - Barcelona\"},\"image\":{\"@id\":\"https:\\\/\\\/www.realclubdegolfelprat.com\\\/ca\\\/#\\\/schema\\\/logo\\\/image\\\/\"},\"sameAs\":[\"https:\\\/\\\/www.facebook.com\\\/golfelprat\",\"https:\\\/\\\/x.com\\\/golfelprat\",\"https:\\\/\\\/www.linkedin.com\\\/company\\\/rcgep\",\"https:\\\/\\\/www.youtube.com\\\/user\\\/realclubdegolfelprat\",\"https:\\\/\\\/www.instagram.com\\\/golfelprat\\\/\"]},{\"@type\":\"Person\",\"@id\":\"https:\\\/\\\/www.realclubdegolfelprat.com\\\/ca\\\/#\\\/schema\\\/person\\\/b415ffa96e273d60f598cdf97ca795a8\",\"name\":\"Raquel Castillero Maturana\",\"image\":{\"@type\":\"ImageObject\",\"inLanguage\":\"ca\",\"@id\":\"https:\\\/\\\/secure.gravatar.com\\\/avatar\\\/91350e08b4fc5a2ee91f45c6465d2fc3ac13334bcb7d7242c5c020039a476b4c?s=96&d=mm&r=g\",\"url\":\"https:\\\/\\\/secure.gravatar.com\\\/avatar\\\/91350e08b4fc5a2ee91f45c6465d2fc3ac13334bcb7d7242c5c020039a476b4c?s=96&d=mm&r=g\",\"contentUrl\":\"https:\\\/\\\/secure.gravatar.com\\\/avatar\\\/91350e08b4fc5a2ee91f45c6465d2fc3ac13334bcb7d7242c5c020039a476b4c?s=96&d=mm&r=g\",\"caption\":\"Raquel Castillero Maturana\"}}]}<\/script>\n<!-- \/ Yoast SEO plugin. -->","yoast_head_json":{"title":"Inauguraci\u00f3n de la piscina con exhibici\u00f3n sincronizada - Real Club de Golf El Prat - Barcelona","description":"A la segunda va la vencida. Tras el cambio de fecha por las condiciones climatol\u00f3gicas, el s\u00e1bado pasado se pudo dar por fin la bienvenida al verano. Con la apertura de la piscina, queda inaugurada otra temporada en la que los socios podr\u00e1n disfrutar de uno de los espacios m\u00e1s especiales del club.","robots":{"index":"index","follow":"follow","max-snippet":"max-snippet:-1","max-image-preview":"max-image-preview:large","max-video-preview":"max-video-preview:-1"},"canonical":"https:\/\/www.realclubdegolfelprat.com\/ca\/noticies\/piscina\/","og_locale":"ca_ES","og_type":"article","og_title":"Inauguraci\u00f3n de la piscina con exhibici\u00f3n sincronizada - Real Club de Golf El Prat - Barcelona","og_description":"A la segunda va la vencida. Tras el cambio de fecha por las condiciones climatol\u00f3gicas, el s\u00e1bado pasado se pudo dar por fin la bienvenida al verano. Con la apertura de la piscina, queda inaugurada otra temporada en la que los socios podr\u00e1n disfrutar de uno de los espacios m\u00e1s especiales del club.","og_url":"https:\/\/www.realclubdegolfelprat.com\/ca\/noticies\/piscina\/","og_site_name":"Real Club de Golf El Prat - Barcelona","article_publisher":"https:\/\/www.facebook.com\/golfelprat","article_published_time":"2018-06-16T12:38:50+00:00","article_modified_time":"2025-03-11T23:47:49+00:00","author":"Raquel Castillero Maturana","twitter_card":"summary_large_image","twitter_creator":"@golfelprat","twitter_site":"@golfelprat","twitter_misc":{"Escrit per":"Raquel Castillero Maturana","Temps estimat de lectura":"1 minut"},"schema":{"@context":"https:\/\/schema.org","@graph":[{"@type":"Article","@id":"https:\/\/www.realclubdegolfelprat.com\/ca\/noticies\/piscina\/#article","isPartOf":{"@id":"https:\/\/www.realclubdegolfelprat.com\/ca\/noticies\/piscina\/"},"author":{"name":"Raquel Castillero Maturana","@id":"https:\/\/www.realclubdegolfelprat.com\/ca\/#\/schema\/person\/b415ffa96e273d60f598cdf97ca795a8"},"headline":"Inauguraci\u00f3n de la piscina con exhibici\u00f3n sincronizada","datePublished":"2018-06-16T12:38:50+00:00","dateModified":"2025-03-11T23:47:49+00:00","mainEntityOfPage":{"@id":"https:\/\/www.realclubdegolfelprat.com\/ca\/noticies\/piscina\/"},"wordCount":173,"publisher":{"@id":"https:\/\/www.realclubdegolfelprat.com\/ca\/#organization"},"articleSection":["Not\u00edcies"],"inLanguage":"ca"},{"@type":"WebPage","@id":"https:\/\/www.realclubdegolfelprat.com\/ca\/noticies\/piscina\/","url":"https:\/\/www.realclubdegolfelprat.com\/ca\/noticies\/piscina\/","name":"Inauguraci\u00f3n de la piscina con exhibici\u00f3n sincronizada - Real Club de Golf El Prat - Barcelona","isPartOf":{"@id":"https:\/\/www.realclubdegolfelprat.com\/ca\/#website"},"datePublished":"2018-06-16T12:38:50+00:00","dateModified":"2025-03-11T23:47:49+00:00","description":"A la segunda va la vencida. Tras el cambio de fecha por las condiciones climatol\u00f3gicas, el s\u00e1bado pasado se pudo dar por fin la bienvenida al verano. Con la apertura de la piscina, queda inaugurada otra temporada en la que los socios podr\u00e1n disfrutar de uno de los espacios m\u00e1s especiales del club.","breadcrumb":{"@id":"https:\/\/www.realclubdegolfelprat.com\/ca\/noticies\/piscina\/#breadcrumb"},"inLanguage":"ca","potentialAction":[{"@type":"ReadAction","target":["https:\/\/www.realclubdegolfelprat.com\/ca\/noticies\/piscina\/"]}]},{"@type":"BreadcrumbList","@id":"https:\/\/www.realclubdegolfelprat.com\/ca\/noticies\/piscina\/#breadcrumb","itemListElement":[{"@type":"ListItem","position":1,"name":"Portada","item":"https:\/\/www.realclubdegolfelprat.com\/ca\/"},{"@type":"ListItem","position":2,"name":"Inauguraci\u00f3n de la piscina con exhibici\u00f3n sincronizada"}]},{"@type":"WebSite","@id":"https:\/\/www.realclubdegolfelprat.com\/ca\/#website","url":"https:\/\/www.realclubdegolfelprat.com\/ca\/","name":"Real Club de Golf El Prat - Barcelona","description":"Tu club de golf en Barcelona","publisher":{"@id":"https:\/\/www.realclubdegolfelprat.com\/ca\/#organization"},"potentialAction":[{"@type":"SearchAction","target":{"@type":"EntryPoint","urlTemplate":"https:\/\/www.realclubdegolfelprat.com\/ca\/?s={search_term_string}"},"query-input":{"@type":"PropertyValueSpecification","valueRequired":true,"valueName":"search_term_string"}}],"inLanguage":"ca"},{"@type":"Organization","@id":"https:\/\/www.realclubdegolfelprat.com\/ca\/#organization","name":"Real Club de Golf El Prat - Barcelona","url":"https:\/\/www.realclubdegolfelprat.com\/ca\/","logo":{"@type":"ImageObject","inLanguage":"ca","@id":"https:\/\/www.realclubdegolfelprat.com\/ca\/#\/schema\/logo\/image\/","url":"https:\/\/www.realclubdegolfelprat.com\/wp-content\/uploads\/2023\/03\/logo-rcgep-color-120-95.png","contentUrl":"https:\/\/www.realclubdegolfelprat.com\/wp-content\/uploads\/2023\/03\/logo-rcgep-color-120-95.png","width":120,"height":95,"caption":"Real Club de Golf El Prat - Barcelona"},"image":{"@id":"https:\/\/www.realclubdegolfelprat.com\/ca\/#\/schema\/logo\/image\/"},"sameAs":["https:\/\/www.facebook.com\/golfelprat","https:\/\/x.com\/golfelprat","https:\/\/www.linkedin.com\/company\/rcgep","https:\/\/www.youtube.com\/user\/realclubdegolfelprat","https:\/\/www.instagram.com\/golfelprat\/"]},{"@type":"Person","@id":"https:\/\/www.realclubdegolfelprat.com\/ca\/#\/schema\/person\/b415ffa96e273d60f598cdf97ca795a8","name":"Raquel Castillero Maturana","image":{"@type":"ImageObject","inLanguage":"ca","@id":"https:\/\/secure.gravatar.com\/avatar\/91350e08b4fc5a2ee91f45c6465d2fc3ac13334bcb7d7242c5c020039a476b4c?s=96&d=mm&r=g","url":"https:\/\/secure.gravatar.com\/avatar\/91350e08b4fc5a2ee91f45c6465d2fc3ac13334bcb7d7242c5c020039a476b4c?s=96&d=mm&r=g","contentUrl":"https:\/\/secure.gravatar.com\/avatar\/91350e08b4fc5a2ee91f45c6465d2fc3ac13334bcb7d7242c5c020039a476b4c?s=96&d=mm&r=g","caption":"Raquel Castillero Maturana"}}]}},"_links":{"self":[{"href":"https:\/\/www.realclubdegolfelprat.com\/ca\/wp-json\/wp\/v2\/posts\/179492","targetHints":{"allow":["GET"]}}],"collection":[{"href":"https:\/\/www.realclubdegolfelprat.com\/ca\/wp-json\/wp\/v2\/posts"}],"about":[{"href":"https:\/\/www.realclubdegolfelprat.com\/ca\/wp-json\/wp\/v2\/types\/post"}],"author":[{"embeddable":true,"href":"https:\/\/www.realclubdegolfelprat.com\/ca\/wp-json\/wp\/v2\/users\/3"}],"replies":[{"embeddable":true,"href":"https:\/\/www.realclubdegolfelprat.com\/ca\/wp-json\/wp\/v2\/comments?post=179492"}],"version-history":[{"count":1,"href":"https:\/\/www.realclubdegolfelprat.com\/ca\/wp-json\/wp\/v2\/posts\/179492\/revisions"}],"predecessor-version":[{"id":179526,"href":"https:\/\/www.realclubdegolfelprat.com\/ca\/wp-json\/wp\/v2\/posts\/179492\/revisions\/179526"}],"wp:attachment":[{"href":"https:\/\/www.realclubdegolfelprat.com\/ca\/wp-json\/wp\/v2\/media?parent=179492"}],"wp:term":[{"taxonomy":"category","embeddable":true,"href":"https:\/\/www.realclubdegolfelprat.com\/ca\/wp-json\/wp\/v2\/categories?post=179492"},{"taxonomy":"post_tag","embeddable":true,"href":"https:\/\/www.realclubdegolfelprat.com\/ca\/wp-json\/wp\/v2\/tags?post=179492"}],"curies":[{"name":"wp","href":"https:\/\/api.w.org\/{rel}","templated":true}]}}