{"id":179643,"date":"2017-04-11T16:21:05","date_gmt":"2017-04-11T16:21:05","guid":{"rendered":"https:\/\/new.rcgep.com\/sin-categoria\/sergio-garcia-gana-masters-augusta-2017\/"},"modified":"2024-10-08T22:48:14","modified_gmt":"2024-10-08T22:48:14","slug":"sergio-garcia-gana-masters-augusta-2017","status":"publish","type":"post","link":"https:\/\/www.realclubdegolfelprat.com\/ca\/noticies\/sergio-garcia-gana-masters-augusta-2017\/","title":{"rendered":"SERGIO GARC\u00cdA GANA EL MASTERS DE AUGUSTA 2017"},"content":{"rendered":"<p><strong>Sergio Garc\u00eda, socio honorario de nuestro club desde 1999, ha conseguido su primer y tan deseado grande despu\u00e9s haberlo intentado otras 74\u00a0 veces. Pasa a formar parte de la historia del golf mundial como el tercer espa\u00f1ol que gana el Masters de Augusta, junto a Severiano Ballesteros y Jos\u00e9 Mar\u00eda Olaz\u00e1bal.<\/strong><\/p>\n<p>Sali\u00f3 a por todas en una emocionante cuarta vuelta enfrent\u00e1ndose al brit\u00e1nico Justin Rose y, aunque parec\u00eda que estaba todo perdido a falta de seis hoyos tras ver su salida del 13, supo mantener la calma hasta el final para igualar el partido y llevarse a su rival a disputar el playoff.<br \/>\nParec\u00eda casi imposible pero el sue\u00f1o se hizo realidad en el hoyo 18 de desempate donde Sergio Garc\u00eda hizo un birdie que dej\u00f3 fuera de juego a Justin Rose.<\/p>\n<p><a href=\"https:\/\/www.masters.com\/en_US\/watch\/2017-04-09\/49cd0d2-00c0fb322ad.html\" target=\"_blank\" rel=\"noopener\">\u00a1V\u00eddeo de su \u00faltima ronda en menos de 3 minutos aqu\u00ed!<\/a><\/p>\n<p><img loading=\"lazy\" decoding=\"async\" class=\"\" src=\"https:\/\/www.realclubdegolfelprat.com\/upload\/noticias\/2017\/garcia-recibe-chaqueta-del-vencedor-del-ano-pasado-danny-willett-1491783637012.jpg\" alt=\"\" width=\"724\" height=\"404\" \/><\/p>\n<p>Danny Willett, el campe\u00f3n del a\u00f1o pasado, le puso la preciada chaqueta verde con la que ya desfilaron Seve Ballasteros en 1980 y 1983 y Jos\u00e9 Mar\u00eda Olaz\u00e1bal en 1994 y 1999.<\/p>\n<p><img loading=\"lazy\" decoding=\"async\" class=\"\" src=\"https:\/\/www.realclubdegolfelprat.com\/upload\/noticias\/2017\/58.jpg\" alt=\"\" width=\"757\" height=\"429\" \/><\/p>\n<p>Sergio dedic\u00f3 su triunfo a Severiano Ballesteros, qui\u00e9n hubiera celebrado su 60 cumplea\u00f1os el mismo d\u00eda del triunfo.<\/p>\n<p><img loading=\"lazy\" decoding=\"async\" class=\"\" src=\"https:\/\/www.realclubdegolfelprat.com\/upload\/noticias\/2017\/Golf_207489438_32452317_1706x960.jpg\" alt=\"\" width=\"757\" height=\"426\" \/><\/p>\n<p>Con este incre\u00edble t\u00edtulo a sus espaldas, Sergio se coloca s\u00e9ptimo en el ranking mundial (OWGR).<\/p>\n<p><a href=\"https:\/\/www.rfegolf.es\/Noticias\/NewsDetails.aspx?NewsId=7975\" target=\"_blank\" rel=\"noopener\">Ver cr\u00f3nica en Real Federaci\u00f3n Espa\u00f1ola de Golf<\/a><\/p>\n<div -webkit-text-stroke-width:=\"\" arabic=\"\" class=\"clearfix\" font-style:=\"\" font-variant-caps:=\"\" font-variant-ligatures:=\"\" font-weight:=\"\" id=\"watch7-headline\" letter-spacing:=\"\" naskh=\"\" noto=\"\" orphans:=\"\" text-align:=\"\" text-decoration-color:=\"\" text-decoration-style:=\"\" text-indent:=\"\" text-transform:=\"\" white-space:=\"\" widows:=\"\" word-spacing:=\"\">\n<div id=\"watch-headline-title\">\n<p class=\"watch-title-container\"><strong><span id=\"eow-title\" class=\"watch-title\" dir=\"ltr\" title=\"Entrevista con Sergio Garc\u00eda tras ganar el Masters de Augusta\">ENTREVISTA CON SERGIO GARC\u00cdA TRAS GANAR EL MASTERS DE AUGUSTA &#8211; TENGOLF TELEVISI\u00d3N<\/span><\/strong><\/p>\n<\/div>\n<\/div>\n<p><iframe loading=\"lazy\" src=\"https:\/\/www.youtube.com\/embed\/mcOlb86Cp7U\" width=\"560\" height=\"315\" frameborder=\"0\" allowfullscreen=\"allowfullscreen\" data-mce-fragment=\"1\"><\/iframe><\/p>\n","protected":false},"excerpt":{"rendered":"<p>Sergio Garc\u00eda, socio honorario de nuestro club desde 1999, ha conseguido su primer y tan deseado grande despu\u00e9s haberlo intentado otras 74\u00a0 veces. Pasa a formar parte de la historia del golf mundial como el tercer espa\u00f1ol que gana el Masters de Augusta, junto a Severiano Ballesteros y Jos\u00e9 Mar\u00eda Olaz\u00e1bal. Sali\u00f3 a por todas [&hellip;]<\/p>\n","protected":false},"author":3,"featured_media":0,"comment_status":"closed","ping_status":"closed","sticky":false,"template":"","format":"standard","meta":{"_acf_changed":false,"footnotes":""},"categories":[258],"tags":[],"class_list":["post-179643","post","type-post","status-publish","format-standard","hentry","category-noticies"],"acf":[],"yoast_head":"<!-- This site is optimized with the Yoast SEO plugin v27.4 - https:\/\/yoast.com\/product\/yoast-seo-wordpress\/ -->\n<title>SERGIO GARC\u00cdA GANA EL MASTERS DE AUGUSTA 2017 - Real Club de Golf El Prat - Barcelona<\/title>\n<meta name=\"robots\" content=\"index, follow, max-snippet:-1, max-image-preview:large, max-video-preview:-1\" \/>\n<link rel=\"canonical\" href=\"https:\/\/www.realclubdegolfelprat.com\/ca\/noticies\/sergio-garcia-gana-masters-augusta-2017\/\" \/>\n<meta property=\"og:locale\" content=\"ca_ES\" \/>\n<meta property=\"og:type\" content=\"article\" \/>\n<meta property=\"og:title\" content=\"SERGIO GARC\u00cdA GANA EL MASTERS DE AUGUSTA 2017 - Real Club de Golf El Prat - Barcelona\" \/>\n<meta property=\"og:description\" content=\"Sergio Garc\u00eda, socio honorario de nuestro club desde 1999, ha conseguido su primer y tan deseado grande despu\u00e9s haberlo intentado otras 74\u00a0 veces. Pasa a formar parte de la historia del golf mundial como el tercer espa\u00f1ol que gana el Masters de Augusta, junto a Severiano Ballesteros y Jos\u00e9 Mar\u00eda Olaz\u00e1bal. Sali\u00f3 a por todas [&hellip;]\" \/>\n<meta property=\"og:url\" content=\"https:\/\/www.realclubdegolfelprat.com\/ca\/noticies\/sergio-garcia-gana-masters-augusta-2017\/\" \/>\n<meta property=\"og:site_name\" content=\"Real Club de Golf El Prat - Barcelona\" \/>\n<meta property=\"article:publisher\" content=\"https:\/\/www.facebook.com\/golfelprat\" \/>\n<meta property=\"article:published_time\" content=\"2017-04-11T16:21:05+00:00\" \/>\n<meta property=\"article:modified_time\" content=\"2024-10-08T22:48:14+00:00\" \/>\n<meta property=\"og:image\" content=\"https:\/\/www.realclubdegolfelprat.com\/upload\/noticias\/2017\/garcia-recibe-chaqueta-del-vencedor-del-ano-pasado-danny-willett-1491783637012.jpg\" \/>\n<meta name=\"author\" content=\"Raquel Castillero Maturana\" \/>\n<meta name=\"twitter:card\" content=\"summary_large_image\" \/>\n<meta name=\"twitter:creator\" content=\"@golfelprat\" \/>\n<meta name=\"twitter:site\" content=\"@golfelprat\" \/>\n<meta name=\"twitter:label1\" content=\"Escrit per\" \/>\n\t<meta name=\"twitter:data1\" content=\"Raquel Castillero Maturana\" \/>\n\t<meta name=\"twitter:label2\" content=\"Temps estimat de lectura\" \/>\n\t<meta name=\"twitter:data2\" content=\"1 minut\" \/>\n<script type=\"application\/ld+json\" class=\"yoast-schema-graph\">{\"@context\":\"https:\\\/\\\/schema.org\",\"@graph\":[{\"@type\":\"Article\",\"@id\":\"https:\\\/\\\/www.realclubdegolfelprat.com\\\/ca\\\/noticies\\\/sergio-garcia-gana-masters-augusta-2017\\\/#article\",\"isPartOf\":{\"@id\":\"https:\\\/\\\/www.realclubdegolfelprat.com\\\/ca\\\/noticies\\\/sergio-garcia-gana-masters-augusta-2017\\\/\"},\"author\":{\"name\":\"Raquel Castillero Maturana\",\"@id\":\"https:\\\/\\\/www.realclubdegolfelprat.com\\\/ca\\\/#\\\/schema\\\/person\\\/b415ffa96e273d60f598cdf97ca795a8\"},\"headline\":\"SERGIO GARC\u00cdA GANA EL MASTERS DE AUGUSTA 2017\",\"datePublished\":\"2017-04-11T16:21:05+00:00\",\"dateModified\":\"2024-10-08T22:48:14+00:00\",\"mainEntityOfPage\":{\"@id\":\"https:\\\/\\\/www.realclubdegolfelprat.com\\\/ca\\\/noticies\\\/sergio-garcia-gana-masters-augusta-2017\\\/\"},\"wordCount\":255,\"publisher\":{\"@id\":\"https:\\\/\\\/www.realclubdegolfelprat.com\\\/ca\\\/#organization\"},\"image\":{\"@id\":\"https:\\\/\\\/www.realclubdegolfelprat.com\\\/ca\\\/noticies\\\/sergio-garcia-gana-masters-augusta-2017\\\/#primaryimage\"},\"thumbnailUrl\":\"https:\\\/\\\/www.realclubdegolfelprat.com\\\/upload\\\/noticias\\\/2017\\\/garcia-recibe-chaqueta-del-vencedor-del-ano-pasado-danny-willett-1491783637012.jpg\",\"articleSection\":[\"Not\u00edcies\"],\"inLanguage\":\"ca\"},{\"@type\":\"WebPage\",\"@id\":\"https:\\\/\\\/www.realclubdegolfelprat.com\\\/ca\\\/noticies\\\/sergio-garcia-gana-masters-augusta-2017\\\/\",\"url\":\"https:\\\/\\\/www.realclubdegolfelprat.com\\\/ca\\\/noticies\\\/sergio-garcia-gana-masters-augusta-2017\\\/\",\"name\":\"SERGIO GARC\u00cdA GANA EL MASTERS DE AUGUSTA 2017 - Real Club de Golf El Prat - Barcelona\",\"isPartOf\":{\"@id\":\"https:\\\/\\\/www.realclubdegolfelprat.com\\\/ca\\\/#website\"},\"primaryImageOfPage\":{\"@id\":\"https:\\\/\\\/www.realclubdegolfelprat.com\\\/ca\\\/noticies\\\/sergio-garcia-gana-masters-augusta-2017\\\/#primaryimage\"},\"image\":{\"@id\":\"https:\\\/\\\/www.realclubdegolfelprat.com\\\/ca\\\/noticies\\\/sergio-garcia-gana-masters-augusta-2017\\\/#primaryimage\"},\"thumbnailUrl\":\"https:\\\/\\\/www.realclubdegolfelprat.com\\\/upload\\\/noticias\\\/2017\\\/garcia-recibe-chaqueta-del-vencedor-del-ano-pasado-danny-willett-1491783637012.jpg\",\"datePublished\":\"2017-04-11T16:21:05+00:00\",\"dateModified\":\"2024-10-08T22:48:14+00:00\",\"breadcrumb\":{\"@id\":\"https:\\\/\\\/www.realclubdegolfelprat.com\\\/ca\\\/noticies\\\/sergio-garcia-gana-masters-augusta-2017\\\/#breadcrumb\"},\"inLanguage\":\"ca\",\"potentialAction\":[{\"@type\":\"ReadAction\",\"target\":[\"https:\\\/\\\/www.realclubdegolfelprat.com\\\/ca\\\/noticies\\\/sergio-garcia-gana-masters-augusta-2017\\\/\"]}]},{\"@type\":\"ImageObject\",\"inLanguage\":\"ca\",\"@id\":\"https:\\\/\\\/www.realclubdegolfelprat.com\\\/ca\\\/noticies\\\/sergio-garcia-gana-masters-augusta-2017\\\/#primaryimage\",\"url\":\"https:\\\/\\\/www.realclubdegolfelprat.com\\\/upload\\\/noticias\\\/2017\\\/garcia-recibe-chaqueta-del-vencedor-del-ano-pasado-danny-willett-1491783637012.jpg\",\"contentUrl\":\"https:\\\/\\\/www.realclubdegolfelprat.com\\\/upload\\\/noticias\\\/2017\\\/garcia-recibe-chaqueta-del-vencedor-del-ano-pasado-danny-willett-1491783637012.jpg\"},{\"@type\":\"BreadcrumbList\",\"@id\":\"https:\\\/\\\/www.realclubdegolfelprat.com\\\/ca\\\/noticies\\\/sergio-garcia-gana-masters-augusta-2017\\\/#breadcrumb\",\"itemListElement\":[{\"@type\":\"ListItem\",\"position\":1,\"name\":\"Portada\",\"item\":\"https:\\\/\\\/www.realclubdegolfelprat.com\\\/ca\\\/\"},{\"@type\":\"ListItem\",\"position\":2,\"name\":\"SERGIO GARC\u00cdA GANA EL MASTERS DE AUGUSTA 2017\"}]},{\"@type\":\"WebSite\",\"@id\":\"https:\\\/\\\/www.realclubdegolfelprat.com\\\/ca\\\/#website\",\"url\":\"https:\\\/\\\/www.realclubdegolfelprat.com\\\/ca\\\/\",\"name\":\"Real Club de Golf El Prat - Barcelona\",\"description\":\"Tu club de golf en Barcelona\",\"publisher\":{\"@id\":\"https:\\\/\\\/www.realclubdegolfelprat.com\\\/ca\\\/#organization\"},\"potentialAction\":[{\"@type\":\"SearchAction\",\"target\":{\"@type\":\"EntryPoint\",\"urlTemplate\":\"https:\\\/\\\/www.realclubdegolfelprat.com\\\/ca\\\/?s={search_term_string}\"},\"query-input\":{\"@type\":\"PropertyValueSpecification\",\"valueRequired\":true,\"valueName\":\"search_term_string\"}}],\"inLanguage\":\"ca\"},{\"@type\":\"Organization\",\"@id\":\"https:\\\/\\\/www.realclubdegolfelprat.com\\\/ca\\\/#organization\",\"name\":\"Real Club de Golf El Prat - Barcelona\",\"url\":\"https:\\\/\\\/www.realclubdegolfelprat.com\\\/ca\\\/\",\"logo\":{\"@type\":\"ImageObject\",\"inLanguage\":\"ca\",\"@id\":\"https:\\\/\\\/www.realclubdegolfelprat.com\\\/ca\\\/#\\\/schema\\\/logo\\\/image\\\/\",\"url\":\"https:\\\/\\\/www.realclubdegolfelprat.com\\\/wp-content\\\/uploads\\\/2023\\\/03\\\/logo-rcgep-color-120-95.png\",\"contentUrl\":\"https:\\\/\\\/www.realclubdegolfelprat.com\\\/wp-content\\\/uploads\\\/2023\\\/03\\\/logo-rcgep-color-120-95.png\",\"width\":120,\"height\":95,\"caption\":\"Real Club de Golf El Prat - Barcelona\"},\"image\":{\"@id\":\"https:\\\/\\\/www.realclubdegolfelprat.com\\\/ca\\\/#\\\/schema\\\/logo\\\/image\\\/\"},\"sameAs\":[\"https:\\\/\\\/www.facebook.com\\\/golfelprat\",\"https:\\\/\\\/x.com\\\/golfelprat\",\"https:\\\/\\\/www.linkedin.com\\\/company\\\/rcgep\",\"https:\\\/\\\/www.youtube.com\\\/user\\\/realclubdegolfelprat\",\"https:\\\/\\\/www.instagram.com\\\/golfelprat\\\/\"]},{\"@type\":\"Person\",\"@id\":\"https:\\\/\\\/www.realclubdegolfelprat.com\\\/ca\\\/#\\\/schema\\\/person\\\/b415ffa96e273d60f598cdf97ca795a8\",\"name\":\"Raquel Castillero Maturana\",\"image\":{\"@type\":\"ImageObject\",\"inLanguage\":\"ca\",\"@id\":\"https:\\\/\\\/secure.gravatar.com\\\/avatar\\\/91350e08b4fc5a2ee91f45c6465d2fc3ac13334bcb7d7242c5c020039a476b4c?s=96&d=mm&r=g\",\"url\":\"https:\\\/\\\/secure.gravatar.com\\\/avatar\\\/91350e08b4fc5a2ee91f45c6465d2fc3ac13334bcb7d7242c5c020039a476b4c?s=96&d=mm&r=g\",\"contentUrl\":\"https:\\\/\\\/secure.gravatar.com\\\/avatar\\\/91350e08b4fc5a2ee91f45c6465d2fc3ac13334bcb7d7242c5c020039a476b4c?s=96&d=mm&r=g\",\"caption\":\"Raquel Castillero Maturana\"}}]}<\/script>\n<!-- \/ Yoast SEO plugin. -->","yoast_head_json":{"title":"SERGIO GARC\u00cdA GANA EL MASTERS DE AUGUSTA 2017 - Real Club de Golf El Prat - Barcelona","robots":{"index":"index","follow":"follow","max-snippet":"max-snippet:-1","max-image-preview":"max-image-preview:large","max-video-preview":"max-video-preview:-1"},"canonical":"https:\/\/www.realclubdegolfelprat.com\/ca\/noticies\/sergio-garcia-gana-masters-augusta-2017\/","og_locale":"ca_ES","og_type":"article","og_title":"SERGIO GARC\u00cdA GANA EL MASTERS DE AUGUSTA 2017 - Real Club de Golf El Prat - Barcelona","og_description":"Sergio Garc\u00eda, socio honorario de nuestro club desde 1999, ha conseguido su primer y tan deseado grande despu\u00e9s haberlo intentado otras 74\u00a0 veces. Pasa a formar parte de la historia del golf mundial como el tercer espa\u00f1ol que gana el Masters de Augusta, junto a Severiano Ballesteros y Jos\u00e9 Mar\u00eda Olaz\u00e1bal. Sali\u00f3 a por todas [&hellip;]","og_url":"https:\/\/www.realclubdegolfelprat.com\/ca\/noticies\/sergio-garcia-gana-masters-augusta-2017\/","og_site_name":"Real Club de Golf El Prat - Barcelona","article_publisher":"https:\/\/www.facebook.com\/golfelprat","article_published_time":"2017-04-11T16:21:05+00:00","article_modified_time":"2024-10-08T22:48:14+00:00","og_image":[{"url":"https:\/\/www.realclubdegolfelprat.com\/upload\/noticias\/2017\/garcia-recibe-chaqueta-del-vencedor-del-ano-pasado-danny-willett-1491783637012.jpg","type":"","width":"","height":""}],"author":"Raquel Castillero Maturana","twitter_card":"summary_large_image","twitter_creator":"@golfelprat","twitter_site":"@golfelprat","twitter_misc":{"Escrit per":"Raquel Castillero Maturana","Temps estimat de lectura":"1 minut"},"schema":{"@context":"https:\/\/schema.org","@graph":[{"@type":"Article","@id":"https:\/\/www.realclubdegolfelprat.com\/ca\/noticies\/sergio-garcia-gana-masters-augusta-2017\/#article","isPartOf":{"@id":"https:\/\/www.realclubdegolfelprat.com\/ca\/noticies\/sergio-garcia-gana-masters-augusta-2017\/"},"author":{"name":"Raquel Castillero Maturana","@id":"https:\/\/www.realclubdegolfelprat.com\/ca\/#\/schema\/person\/b415ffa96e273d60f598cdf97ca795a8"},"headline":"SERGIO GARC\u00cdA GANA EL MASTERS DE AUGUSTA 2017","datePublished":"2017-04-11T16:21:05+00:00","dateModified":"2024-10-08T22:48:14+00:00","mainEntityOfPage":{"@id":"https:\/\/www.realclubdegolfelprat.com\/ca\/noticies\/sergio-garcia-gana-masters-augusta-2017\/"},"wordCount":255,"publisher":{"@id":"https:\/\/www.realclubdegolfelprat.com\/ca\/#organization"},"image":{"@id":"https:\/\/www.realclubdegolfelprat.com\/ca\/noticies\/sergio-garcia-gana-masters-augusta-2017\/#primaryimage"},"thumbnailUrl":"https:\/\/www.realclubdegolfelprat.com\/upload\/noticias\/2017\/garcia-recibe-chaqueta-del-vencedor-del-ano-pasado-danny-willett-1491783637012.jpg","articleSection":["Not\u00edcies"],"inLanguage":"ca"},{"@type":"WebPage","@id":"https:\/\/www.realclubdegolfelprat.com\/ca\/noticies\/sergio-garcia-gana-masters-augusta-2017\/","url":"https:\/\/www.realclubdegolfelprat.com\/ca\/noticies\/sergio-garcia-gana-masters-augusta-2017\/","name":"SERGIO GARC\u00cdA GANA EL MASTERS DE AUGUSTA 2017 - Real Club de Golf El Prat - Barcelona","isPartOf":{"@id":"https:\/\/www.realclubdegolfelprat.com\/ca\/#website"},"primaryImageOfPage":{"@id":"https:\/\/www.realclubdegolfelprat.com\/ca\/noticies\/sergio-garcia-gana-masters-augusta-2017\/#primaryimage"},"image":{"@id":"https:\/\/www.realclubdegolfelprat.com\/ca\/noticies\/sergio-garcia-gana-masters-augusta-2017\/#primaryimage"},"thumbnailUrl":"https:\/\/www.realclubdegolfelprat.com\/upload\/noticias\/2017\/garcia-recibe-chaqueta-del-vencedor-del-ano-pasado-danny-willett-1491783637012.jpg","datePublished":"2017-04-11T16:21:05+00:00","dateModified":"2024-10-08T22:48:14+00:00","breadcrumb":{"@id":"https:\/\/www.realclubdegolfelprat.com\/ca\/noticies\/sergio-garcia-gana-masters-augusta-2017\/#breadcrumb"},"inLanguage":"ca","potentialAction":[{"@type":"ReadAction","target":["https:\/\/www.realclubdegolfelprat.com\/ca\/noticies\/sergio-garcia-gana-masters-augusta-2017\/"]}]},{"@type":"ImageObject","inLanguage":"ca","@id":"https:\/\/www.realclubdegolfelprat.com\/ca\/noticies\/sergio-garcia-gana-masters-augusta-2017\/#primaryimage","url":"https:\/\/www.realclubdegolfelprat.com\/upload\/noticias\/2017\/garcia-recibe-chaqueta-del-vencedor-del-ano-pasado-danny-willett-1491783637012.jpg","contentUrl":"https:\/\/www.realclubdegolfelprat.com\/upload\/noticias\/2017\/garcia-recibe-chaqueta-del-vencedor-del-ano-pasado-danny-willett-1491783637012.jpg"},{"@type":"BreadcrumbList","@id":"https:\/\/www.realclubdegolfelprat.com\/ca\/noticies\/sergio-garcia-gana-masters-augusta-2017\/#breadcrumb","itemListElement":[{"@type":"ListItem","position":1,"name":"Portada","item":"https:\/\/www.realclubdegolfelprat.com\/ca\/"},{"@type":"ListItem","position":2,"name":"SERGIO GARC\u00cdA GANA EL MASTERS DE AUGUSTA 2017"}]},{"@type":"WebSite","@id":"https:\/\/www.realclubdegolfelprat.com\/ca\/#website","url":"https:\/\/www.realclubdegolfelprat.com\/ca\/","name":"Real Club de Golf El Prat - Barcelona","description":"Tu club de golf en Barcelona","publisher":{"@id":"https:\/\/www.realclubdegolfelprat.com\/ca\/#organization"},"potentialAction":[{"@type":"SearchAction","target":{"@type":"EntryPoint","urlTemplate":"https:\/\/www.realclubdegolfelprat.com\/ca\/?s={search_term_string}"},"query-input":{"@type":"PropertyValueSpecification","valueRequired":true,"valueName":"search_term_string"}}],"inLanguage":"ca"},{"@type":"Organization","@id":"https:\/\/www.realclubdegolfelprat.com\/ca\/#organization","name":"Real Club de Golf El Prat - Barcelona","url":"https:\/\/www.realclubdegolfelprat.com\/ca\/","logo":{"@type":"ImageObject","inLanguage":"ca","@id":"https:\/\/www.realclubdegolfelprat.com\/ca\/#\/schema\/logo\/image\/","url":"https:\/\/www.realclubdegolfelprat.com\/wp-content\/uploads\/2023\/03\/logo-rcgep-color-120-95.png","contentUrl":"https:\/\/www.realclubdegolfelprat.com\/wp-content\/uploads\/2023\/03\/logo-rcgep-color-120-95.png","width":120,"height":95,"caption":"Real Club de Golf El Prat - Barcelona"},"image":{"@id":"https:\/\/www.realclubdegolfelprat.com\/ca\/#\/schema\/logo\/image\/"},"sameAs":["https:\/\/www.facebook.com\/golfelprat","https:\/\/x.com\/golfelprat","https:\/\/www.linkedin.com\/company\/rcgep","https:\/\/www.youtube.com\/user\/realclubdegolfelprat","https:\/\/www.instagram.com\/golfelprat\/"]},{"@type":"Person","@id":"https:\/\/www.realclubdegolfelprat.com\/ca\/#\/schema\/person\/b415ffa96e273d60f598cdf97ca795a8","name":"Raquel Castillero Maturana","image":{"@type":"ImageObject","inLanguage":"ca","@id":"https:\/\/secure.gravatar.com\/avatar\/91350e08b4fc5a2ee91f45c6465d2fc3ac13334bcb7d7242c5c020039a476b4c?s=96&d=mm&r=g","url":"https:\/\/secure.gravatar.com\/avatar\/91350e08b4fc5a2ee91f45c6465d2fc3ac13334bcb7d7242c5c020039a476b4c?s=96&d=mm&r=g","contentUrl":"https:\/\/secure.gravatar.com\/avatar\/91350e08b4fc5a2ee91f45c6465d2fc3ac13334bcb7d7242c5c020039a476b4c?s=96&d=mm&r=g","caption":"Raquel Castillero Maturana"}}]}},"_links":{"self":[{"href":"https:\/\/www.realclubdegolfelprat.com\/ca\/wp-json\/wp\/v2\/posts\/179643","targetHints":{"allow":["GET"]}}],"collection":[{"href":"https:\/\/www.realclubdegolfelprat.com\/ca\/wp-json\/wp\/v2\/posts"}],"about":[{"href":"https:\/\/www.realclubdegolfelprat.com\/ca\/wp-json\/wp\/v2\/types\/post"}],"author":[{"embeddable":true,"href":"https:\/\/www.realclubdegolfelprat.com\/ca\/wp-json\/wp\/v2\/users\/3"}],"replies":[{"embeddable":true,"href":"https:\/\/www.realclubdegolfelprat.com\/ca\/wp-json\/wp\/v2\/comments?post=179643"}],"version-history":[{"count":1,"href":"https:\/\/www.realclubdegolfelprat.com\/ca\/wp-json\/wp\/v2\/posts\/179643\/revisions"}],"predecessor-version":[{"id":179677,"href":"https:\/\/www.realclubdegolfelprat.com\/ca\/wp-json\/wp\/v2\/posts\/179643\/revisions\/179677"}],"wp:attachment":[{"href":"https:\/\/www.realclubdegolfelprat.com\/ca\/wp-json\/wp\/v2\/media?parent=179643"}],"wp:term":[{"taxonomy":"category","embeddable":true,"href":"https:\/\/www.realclubdegolfelprat.com\/ca\/wp-json\/wp\/v2\/categories?post=179643"},{"taxonomy":"post_tag","embeddable":true,"href":"https:\/\/www.realclubdegolfelprat.com\/ca\/wp-json\/wp\/v2\/tags?post=179643"}],"curies":[{"name":"wp","href":"https:\/\/api.w.org\/{rel}","templated":true}]}}