{"id":179644,"date":"2017-04-04T16:26:52","date_gmt":"2017-04-04T16:26:52","guid":{"rendered":"https:\/\/new.rcgep.com\/sin-categoria\/josep-maria-serra-campio-infantil-al-segon-puntuable-zonal-juvenil\/"},"modified":"2024-10-08T22:48:20","modified_gmt":"2024-10-08T22:48:20","slug":"josep-maria-serra-campio-infantil-al-segon-puntuable-zonal-juvenil","status":"publish","type":"post","link":"https:\/\/www.realclubdegolfelprat.com\/ca\/noticies\/josep-maria-serra-campio-infantil-al-segon-puntuable-zonal-juvenil\/","title":{"rendered":"JOSEP MARIA SERRA CAMPI\u00d3 INFANTIL AL SEGON PUNTUABLE ZONAL JUVENIL"},"content":{"rendered":"<p><strong>Gonzalo Garc\u00eda de la Calle va resultar subcampi\u00f3 en la mateixa categoria i Nina Rissi subcampiona Cadet.<\/strong><\/p>\n<p>El passat \u00a0cap de setmana es va disputar el segon Puntuable Zonal Juvenil de la Real Federaci\u00f3n Espa\u00f1ola de Golf a Lumine Golf (Tarragona) amb la participaci\u00f3 de m\u00e9s de 100 jugadors Cadets, Infantils i Alevins.<\/p>\n<p>Els nostres socis van tornar a destacar en aquesta prova organitzada pel Comit\u00e8 Juvenil de la Federaci\u00f3 Catalana de Golf:<\/p>\n<p>Josep Maria Serra es va proclamar campi\u00f3 en categoria Infantil amb 151 (77+74) seguit a tan sols dos cops de difer\u00e8ncia de Gonzalo Garc\u00eda de la Calle (77+76).<\/p>\n<p>En categoria cadet femenina tamb\u00e9 hi va haver molta igualtat i la nostra s\u00f2cia Nina Rissi va acabar enduent-se el subcampionat amb 145 cops (74+71).<\/p>\n<p>Aix\u00ed mateix tamb\u00e9 destaquem la tercera pla\u00e7a aconseguida per Agust\u00ed Quinquilla en categoria Cadet amb 151 cops encara que no va poder fer res davant de la brillant actuaci\u00f3 de David Puig que va acabar guanyant amb 133 cops.<\/p>\n<p>Moltes felicitats a tots!<\/p>\n","protected":false},"excerpt":{"rendered":"<p>Gonzalo Garc\u00eda de la Calle va resultar subcampi\u00f3 en la mateixa categoria i Nina Rissi subcampiona Cadet. El passat \u00a0cap de setmana es va disputar el segon Puntuable Zonal Juvenil de la Real Federaci\u00f3n Espa\u00f1ola de Golf a Lumine Golf (Tarragona) amb la participaci\u00f3 de m\u00e9s de 100 jugadors Cadets, Infantils i Alevins. Els nostres [&hellip;]<\/p>\n","protected":false},"author":3,"featured_media":0,"comment_status":"closed","ping_status":"closed","sticky":false,"template":"","format":"standard","meta":{"_acf_changed":false,"footnotes":""},"categories":[258],"tags":[],"class_list":["post-179644","post","type-post","status-publish","format-standard","hentry","category-noticies"],"acf":[],"yoast_head":"<!-- This site is optimized with the Yoast SEO plugin v27.4 - https:\/\/yoast.com\/product\/yoast-seo-wordpress\/ -->\n<title>JOSEP MARIA SERRA CAMPI\u00d3 INFANTIL AL SEGON PUNTUABLE ZONAL JUVENIL - Real Club de Golf El Prat - Barcelona<\/title>\n<meta name=\"robots\" content=\"index, follow, max-snippet:-1, max-image-preview:large, max-video-preview:-1\" \/>\n<link rel=\"canonical\" href=\"https:\/\/www.realclubdegolfelprat.com\/ca\/noticies\/josep-maria-serra-campio-infantil-al-segon-puntuable-zonal-juvenil\/\" \/>\n<meta property=\"og:locale\" content=\"ca_ES\" \/>\n<meta property=\"og:type\" content=\"article\" \/>\n<meta property=\"og:title\" content=\"JOSEP MARIA SERRA CAMPI\u00d3 INFANTIL AL SEGON PUNTUABLE ZONAL JUVENIL - Real Club de Golf El Prat - Barcelona\" \/>\n<meta property=\"og:description\" content=\"Gonzalo Garc\u00eda de la Calle va resultar subcampi\u00f3 en la mateixa categoria i Nina Rissi subcampiona Cadet. El passat \u00a0cap de setmana es va disputar el segon Puntuable Zonal Juvenil de la Real Federaci\u00f3n Espa\u00f1ola de Golf a Lumine Golf (Tarragona) amb la participaci\u00f3 de m\u00e9s de 100 jugadors Cadets, Infantils i Alevins. Els nostres [&hellip;]\" \/>\n<meta property=\"og:url\" content=\"https:\/\/www.realclubdegolfelprat.com\/ca\/noticies\/josep-maria-serra-campio-infantil-al-segon-puntuable-zonal-juvenil\/\" \/>\n<meta property=\"og:site_name\" content=\"Real Club de Golf El Prat - Barcelona\" \/>\n<meta property=\"article:publisher\" content=\"https:\/\/www.facebook.com\/golfelprat\" \/>\n<meta property=\"article:published_time\" content=\"2017-04-04T16:26:52+00:00\" \/>\n<meta property=\"article:modified_time\" content=\"2024-10-08T22:48:20+00:00\" \/>\n<meta name=\"author\" content=\"Raquel Castillero Maturana\" \/>\n<meta name=\"twitter:card\" content=\"summary_large_image\" \/>\n<meta name=\"twitter:creator\" content=\"@golfelprat\" \/>\n<meta name=\"twitter:site\" content=\"@golfelprat\" \/>\n<meta name=\"twitter:label1\" content=\"Escrit per\" \/>\n\t<meta name=\"twitter:data1\" content=\"Raquel Castillero Maturana\" \/>\n\t<meta name=\"twitter:label2\" content=\"Temps estimat de lectura\" \/>\n\t<meta name=\"twitter:data2\" content=\"1 minut\" \/>\n<script type=\"application\/ld+json\" class=\"yoast-schema-graph\">{\"@context\":\"https:\\\/\\\/schema.org\",\"@graph\":[{\"@type\":\"Article\",\"@id\":\"https:\\\/\\\/www.realclubdegolfelprat.com\\\/ca\\\/noticies\\\/josep-maria-serra-campio-infantil-al-segon-puntuable-zonal-juvenil\\\/#article\",\"isPartOf\":{\"@id\":\"https:\\\/\\\/www.realclubdegolfelprat.com\\\/ca\\\/noticies\\\/josep-maria-serra-campio-infantil-al-segon-puntuable-zonal-juvenil\\\/\"},\"author\":{\"name\":\"Raquel Castillero Maturana\",\"@id\":\"https:\\\/\\\/www.realclubdegolfelprat.com\\\/ca\\\/#\\\/schema\\\/person\\\/b415ffa96e273d60f598cdf97ca795a8\"},\"headline\":\"JOSEP MARIA SERRA CAMPI\u00d3 INFANTIL AL SEGON PUNTUABLE ZONAL JUVENIL\",\"datePublished\":\"2017-04-04T16:26:52+00:00\",\"dateModified\":\"2024-10-08T22:48:20+00:00\",\"mainEntityOfPage\":{\"@id\":\"https:\\\/\\\/www.realclubdegolfelprat.com\\\/ca\\\/noticies\\\/josep-maria-serra-campio-infantil-al-segon-puntuable-zonal-juvenil\\\/\"},\"wordCount\":179,\"publisher\":{\"@id\":\"https:\\\/\\\/www.realclubdegolfelprat.com\\\/ca\\\/#organization\"},\"articleSection\":[\"Not\u00edcies\"],\"inLanguage\":\"ca\"},{\"@type\":\"WebPage\",\"@id\":\"https:\\\/\\\/www.realclubdegolfelprat.com\\\/ca\\\/noticies\\\/josep-maria-serra-campio-infantil-al-segon-puntuable-zonal-juvenil\\\/\",\"url\":\"https:\\\/\\\/www.realclubdegolfelprat.com\\\/ca\\\/noticies\\\/josep-maria-serra-campio-infantil-al-segon-puntuable-zonal-juvenil\\\/\",\"name\":\"JOSEP MARIA SERRA CAMPI\u00d3 INFANTIL AL SEGON PUNTUABLE ZONAL JUVENIL - Real Club de Golf El Prat - Barcelona\",\"isPartOf\":{\"@id\":\"https:\\\/\\\/www.realclubdegolfelprat.com\\\/ca\\\/#website\"},\"datePublished\":\"2017-04-04T16:26:52+00:00\",\"dateModified\":\"2024-10-08T22:48:20+00:00\",\"breadcrumb\":{\"@id\":\"https:\\\/\\\/www.realclubdegolfelprat.com\\\/ca\\\/noticies\\\/josep-maria-serra-campio-infantil-al-segon-puntuable-zonal-juvenil\\\/#breadcrumb\"},\"inLanguage\":\"ca\",\"potentialAction\":[{\"@type\":\"ReadAction\",\"target\":[\"https:\\\/\\\/www.realclubdegolfelprat.com\\\/ca\\\/noticies\\\/josep-maria-serra-campio-infantil-al-segon-puntuable-zonal-juvenil\\\/\"]}]},{\"@type\":\"BreadcrumbList\",\"@id\":\"https:\\\/\\\/www.realclubdegolfelprat.com\\\/ca\\\/noticies\\\/josep-maria-serra-campio-infantil-al-segon-puntuable-zonal-juvenil\\\/#breadcrumb\",\"itemListElement\":[{\"@type\":\"ListItem\",\"position\":1,\"name\":\"Portada\",\"item\":\"https:\\\/\\\/www.realclubdegolfelprat.com\\\/ca\\\/\"},{\"@type\":\"ListItem\",\"position\":2,\"name\":\"JOSEP MARIA SERRA CAMPI\u00d3 INFANTIL AL SEGON PUNTUABLE ZONAL JUVENIL\"}]},{\"@type\":\"WebSite\",\"@id\":\"https:\\\/\\\/www.realclubdegolfelprat.com\\\/ca\\\/#website\",\"url\":\"https:\\\/\\\/www.realclubdegolfelprat.com\\\/ca\\\/\",\"name\":\"Real Club de Golf El Prat - Barcelona\",\"description\":\"Tu club de golf en Barcelona\",\"publisher\":{\"@id\":\"https:\\\/\\\/www.realclubdegolfelprat.com\\\/ca\\\/#organization\"},\"potentialAction\":[{\"@type\":\"SearchAction\",\"target\":{\"@type\":\"EntryPoint\",\"urlTemplate\":\"https:\\\/\\\/www.realclubdegolfelprat.com\\\/ca\\\/?s={search_term_string}\"},\"query-input\":{\"@type\":\"PropertyValueSpecification\",\"valueRequired\":true,\"valueName\":\"search_term_string\"}}],\"inLanguage\":\"ca\"},{\"@type\":\"Organization\",\"@id\":\"https:\\\/\\\/www.realclubdegolfelprat.com\\\/ca\\\/#organization\",\"name\":\"Real Club de Golf El Prat - Barcelona\",\"url\":\"https:\\\/\\\/www.realclubdegolfelprat.com\\\/ca\\\/\",\"logo\":{\"@type\":\"ImageObject\",\"inLanguage\":\"ca\",\"@id\":\"https:\\\/\\\/www.realclubdegolfelprat.com\\\/ca\\\/#\\\/schema\\\/logo\\\/image\\\/\",\"url\":\"https:\\\/\\\/www.realclubdegolfelprat.com\\\/wp-content\\\/uploads\\\/2023\\\/03\\\/logo-rcgep-color-120-95.png\",\"contentUrl\":\"https:\\\/\\\/www.realclubdegolfelprat.com\\\/wp-content\\\/uploads\\\/2023\\\/03\\\/logo-rcgep-color-120-95.png\",\"width\":120,\"height\":95,\"caption\":\"Real Club de Golf El Prat - Barcelona\"},\"image\":{\"@id\":\"https:\\\/\\\/www.realclubdegolfelprat.com\\\/ca\\\/#\\\/schema\\\/logo\\\/image\\\/\"},\"sameAs\":[\"https:\\\/\\\/www.facebook.com\\\/golfelprat\",\"https:\\\/\\\/x.com\\\/golfelprat\",\"https:\\\/\\\/www.linkedin.com\\\/company\\\/rcgep\",\"https:\\\/\\\/www.youtube.com\\\/user\\\/realclubdegolfelprat\",\"https:\\\/\\\/www.instagram.com\\\/golfelprat\\\/\"]},{\"@type\":\"Person\",\"@id\":\"https:\\\/\\\/www.realclubdegolfelprat.com\\\/ca\\\/#\\\/schema\\\/person\\\/b415ffa96e273d60f598cdf97ca795a8\",\"name\":\"Raquel Castillero Maturana\",\"image\":{\"@type\":\"ImageObject\",\"inLanguage\":\"ca\",\"@id\":\"https:\\\/\\\/secure.gravatar.com\\\/avatar\\\/91350e08b4fc5a2ee91f45c6465d2fc3ac13334bcb7d7242c5c020039a476b4c?s=96&d=mm&r=g\",\"url\":\"https:\\\/\\\/secure.gravatar.com\\\/avatar\\\/91350e08b4fc5a2ee91f45c6465d2fc3ac13334bcb7d7242c5c020039a476b4c?s=96&d=mm&r=g\",\"contentUrl\":\"https:\\\/\\\/secure.gravatar.com\\\/avatar\\\/91350e08b4fc5a2ee91f45c6465d2fc3ac13334bcb7d7242c5c020039a476b4c?s=96&d=mm&r=g\",\"caption\":\"Raquel Castillero Maturana\"}}]}<\/script>\n<!-- \/ Yoast SEO plugin. -->","yoast_head_json":{"title":"JOSEP MARIA SERRA CAMPI\u00d3 INFANTIL AL SEGON PUNTUABLE ZONAL JUVENIL - Real Club de Golf El Prat - Barcelona","robots":{"index":"index","follow":"follow","max-snippet":"max-snippet:-1","max-image-preview":"max-image-preview:large","max-video-preview":"max-video-preview:-1"},"canonical":"https:\/\/www.realclubdegolfelprat.com\/ca\/noticies\/josep-maria-serra-campio-infantil-al-segon-puntuable-zonal-juvenil\/","og_locale":"ca_ES","og_type":"article","og_title":"JOSEP MARIA SERRA CAMPI\u00d3 INFANTIL AL SEGON PUNTUABLE ZONAL JUVENIL - Real Club de Golf El Prat - Barcelona","og_description":"Gonzalo Garc\u00eda de la Calle va resultar subcampi\u00f3 en la mateixa categoria i Nina Rissi subcampiona Cadet. El passat \u00a0cap de setmana es va disputar el segon Puntuable Zonal Juvenil de la Real Federaci\u00f3n Espa\u00f1ola de Golf a Lumine Golf (Tarragona) amb la participaci\u00f3 de m\u00e9s de 100 jugadors Cadets, Infantils i Alevins. Els nostres [&hellip;]","og_url":"https:\/\/www.realclubdegolfelprat.com\/ca\/noticies\/josep-maria-serra-campio-infantil-al-segon-puntuable-zonal-juvenil\/","og_site_name":"Real Club de Golf El Prat - Barcelona","article_publisher":"https:\/\/www.facebook.com\/golfelprat","article_published_time":"2017-04-04T16:26:52+00:00","article_modified_time":"2024-10-08T22:48:20+00:00","author":"Raquel Castillero Maturana","twitter_card":"summary_large_image","twitter_creator":"@golfelprat","twitter_site":"@golfelprat","twitter_misc":{"Escrit per":"Raquel Castillero Maturana","Temps estimat de lectura":"1 minut"},"schema":{"@context":"https:\/\/schema.org","@graph":[{"@type":"Article","@id":"https:\/\/www.realclubdegolfelprat.com\/ca\/noticies\/josep-maria-serra-campio-infantil-al-segon-puntuable-zonal-juvenil\/#article","isPartOf":{"@id":"https:\/\/www.realclubdegolfelprat.com\/ca\/noticies\/josep-maria-serra-campio-infantil-al-segon-puntuable-zonal-juvenil\/"},"author":{"name":"Raquel Castillero Maturana","@id":"https:\/\/www.realclubdegolfelprat.com\/ca\/#\/schema\/person\/b415ffa96e273d60f598cdf97ca795a8"},"headline":"JOSEP MARIA SERRA CAMPI\u00d3 INFANTIL AL SEGON PUNTUABLE ZONAL JUVENIL","datePublished":"2017-04-04T16:26:52+00:00","dateModified":"2024-10-08T22:48:20+00:00","mainEntityOfPage":{"@id":"https:\/\/www.realclubdegolfelprat.com\/ca\/noticies\/josep-maria-serra-campio-infantil-al-segon-puntuable-zonal-juvenil\/"},"wordCount":179,"publisher":{"@id":"https:\/\/www.realclubdegolfelprat.com\/ca\/#organization"},"articleSection":["Not\u00edcies"],"inLanguage":"ca"},{"@type":"WebPage","@id":"https:\/\/www.realclubdegolfelprat.com\/ca\/noticies\/josep-maria-serra-campio-infantil-al-segon-puntuable-zonal-juvenil\/","url":"https:\/\/www.realclubdegolfelprat.com\/ca\/noticies\/josep-maria-serra-campio-infantil-al-segon-puntuable-zonal-juvenil\/","name":"JOSEP MARIA SERRA CAMPI\u00d3 INFANTIL AL SEGON PUNTUABLE ZONAL JUVENIL - Real Club de Golf El Prat - Barcelona","isPartOf":{"@id":"https:\/\/www.realclubdegolfelprat.com\/ca\/#website"},"datePublished":"2017-04-04T16:26:52+00:00","dateModified":"2024-10-08T22:48:20+00:00","breadcrumb":{"@id":"https:\/\/www.realclubdegolfelprat.com\/ca\/noticies\/josep-maria-serra-campio-infantil-al-segon-puntuable-zonal-juvenil\/#breadcrumb"},"inLanguage":"ca","potentialAction":[{"@type":"ReadAction","target":["https:\/\/www.realclubdegolfelprat.com\/ca\/noticies\/josep-maria-serra-campio-infantil-al-segon-puntuable-zonal-juvenil\/"]}]},{"@type":"BreadcrumbList","@id":"https:\/\/www.realclubdegolfelprat.com\/ca\/noticies\/josep-maria-serra-campio-infantil-al-segon-puntuable-zonal-juvenil\/#breadcrumb","itemListElement":[{"@type":"ListItem","position":1,"name":"Portada","item":"https:\/\/www.realclubdegolfelprat.com\/ca\/"},{"@type":"ListItem","position":2,"name":"JOSEP MARIA SERRA CAMPI\u00d3 INFANTIL AL SEGON PUNTUABLE ZONAL JUVENIL"}]},{"@type":"WebSite","@id":"https:\/\/www.realclubdegolfelprat.com\/ca\/#website","url":"https:\/\/www.realclubdegolfelprat.com\/ca\/","name":"Real Club de Golf El Prat - Barcelona","description":"Tu club de golf en Barcelona","publisher":{"@id":"https:\/\/www.realclubdegolfelprat.com\/ca\/#organization"},"potentialAction":[{"@type":"SearchAction","target":{"@type":"EntryPoint","urlTemplate":"https:\/\/www.realclubdegolfelprat.com\/ca\/?s={search_term_string}"},"query-input":{"@type":"PropertyValueSpecification","valueRequired":true,"valueName":"search_term_string"}}],"inLanguage":"ca"},{"@type":"Organization","@id":"https:\/\/www.realclubdegolfelprat.com\/ca\/#organization","name":"Real Club de Golf El Prat - Barcelona","url":"https:\/\/www.realclubdegolfelprat.com\/ca\/","logo":{"@type":"ImageObject","inLanguage":"ca","@id":"https:\/\/www.realclubdegolfelprat.com\/ca\/#\/schema\/logo\/image\/","url":"https:\/\/www.realclubdegolfelprat.com\/wp-content\/uploads\/2023\/03\/logo-rcgep-color-120-95.png","contentUrl":"https:\/\/www.realclubdegolfelprat.com\/wp-content\/uploads\/2023\/03\/logo-rcgep-color-120-95.png","width":120,"height":95,"caption":"Real Club de Golf El Prat - Barcelona"},"image":{"@id":"https:\/\/www.realclubdegolfelprat.com\/ca\/#\/schema\/logo\/image\/"},"sameAs":["https:\/\/www.facebook.com\/golfelprat","https:\/\/x.com\/golfelprat","https:\/\/www.linkedin.com\/company\/rcgep","https:\/\/www.youtube.com\/user\/realclubdegolfelprat","https:\/\/www.instagram.com\/golfelprat\/"]},{"@type":"Person","@id":"https:\/\/www.realclubdegolfelprat.com\/ca\/#\/schema\/person\/b415ffa96e273d60f598cdf97ca795a8","name":"Raquel Castillero Maturana","image":{"@type":"ImageObject","inLanguage":"ca","@id":"https:\/\/secure.gravatar.com\/avatar\/91350e08b4fc5a2ee91f45c6465d2fc3ac13334bcb7d7242c5c020039a476b4c?s=96&d=mm&r=g","url":"https:\/\/secure.gravatar.com\/avatar\/91350e08b4fc5a2ee91f45c6465d2fc3ac13334bcb7d7242c5c020039a476b4c?s=96&d=mm&r=g","contentUrl":"https:\/\/secure.gravatar.com\/avatar\/91350e08b4fc5a2ee91f45c6465d2fc3ac13334bcb7d7242c5c020039a476b4c?s=96&d=mm&r=g","caption":"Raquel Castillero Maturana"}}]}},"_links":{"self":[{"href":"https:\/\/www.realclubdegolfelprat.com\/ca\/wp-json\/wp\/v2\/posts\/179644","targetHints":{"allow":["GET"]}}],"collection":[{"href":"https:\/\/www.realclubdegolfelprat.com\/ca\/wp-json\/wp\/v2\/posts"}],"about":[{"href":"https:\/\/www.realclubdegolfelprat.com\/ca\/wp-json\/wp\/v2\/types\/post"}],"author":[{"embeddable":true,"href":"https:\/\/www.realclubdegolfelprat.com\/ca\/wp-json\/wp\/v2\/users\/3"}],"replies":[{"embeddable":true,"href":"https:\/\/www.realclubdegolfelprat.com\/ca\/wp-json\/wp\/v2\/comments?post=179644"}],"version-history":[{"count":1,"href":"https:\/\/www.realclubdegolfelprat.com\/ca\/wp-json\/wp\/v2\/posts\/179644\/revisions"}],"predecessor-version":[{"id":179679,"href":"https:\/\/www.realclubdegolfelprat.com\/ca\/wp-json\/wp\/v2\/posts\/179644\/revisions\/179679"}],"wp:attachment":[{"href":"https:\/\/www.realclubdegolfelprat.com\/ca\/wp-json\/wp\/v2\/media?parent=179644"}],"wp:term":[{"taxonomy":"category","embeddable":true,"href":"https:\/\/www.realclubdegolfelprat.com\/ca\/wp-json\/wp\/v2\/categories?post=179644"},{"taxonomy":"post_tag","embeddable":true,"href":"https:\/\/www.realclubdegolfelprat.com\/ca\/wp-json\/wp\/v2\/tags?post=179644"}],"curies":[{"name":"wp","href":"https:\/\/api.w.org\/{rel}","templated":true}]}}