{"id":183842,"date":"2025-10-22T10:26:11","date_gmt":"2025-10-22T10:26:11","guid":{"rendered":"https:\/\/www.realclubdegolfelprat.com\/?p=183842"},"modified":"2025-10-22T10:42:02","modified_gmt":"2025-10-22T10:42:02","slug":"27a-copa-harmon","status":"publish","type":"post","link":"https:\/\/www.realclubdegolfelprat.com\/ca\/noticies\/27a-copa-harmon\/","title":{"rendered":"27\u00aa Copa Harmon"},"content":{"rendered":"<h1>L\u2019esperit de la Copa Harmon torna a brillar en la seva 27a edici\u00f3<\/h1>\n<p data-start=\"199\" data-end=\"410\">Els passats <strong data-start=\"211\" data-end=\"254\">divendres i dissabte, 17 i 18 d\u2019octubre<\/strong>, el <strong data-start=\"259\" data-end=\"289\">Reial Club de Golf El Prat<\/strong> va celebrar la <strong data-start=\"305\" data-end=\"337\">27a edici\u00f3 de la Copa Harmon<\/strong>, un dels tornejos socials m\u00e9s emblem\u00e0tics i amb m\u00e9s hist\u00f2ria del Club.<\/p>\n<p data-start=\"0\" data-end=\"158\">En aquesta edici\u00f3 hi van participar <strong data-start=\"36\" data-end=\"52\">136 jugadors<\/strong>, reafirmant la vitalitat i l\u2019inter\u00e8s que desperta aquesta competici\u00f3 entre els socis i s\u00f2cies del Club.<\/p>\n<p data-start=\"160\" data-end=\"417\" data-is-last-node=\"\" data-is-only-node=\"\">L\u2019equip format per <strong data-start=\"179\" data-end=\"278\">Juan Dalmau Gallardo, Josep M. Serra Busquet, Marcel Fonseca Aguilar i Tom\u00e0s Junquera Vallugera<\/strong> es va proclamar <strong data-start=\"295\" data-end=\"308\">guanyador<\/strong>, inscrivint els seus noms al palmar\u00e8s d\u2019un trofeu que representa una aut\u00e8ntica pe\u00e7a de la hist\u00f2ria del Club.<\/p>\n<figure id=\"attachment_183817\" aria-describedby=\"caption-attachment-183817\" style=\"width: 529px\" class=\"wp-caption aligncenter\"><img loading=\"lazy\" decoding=\"async\" class=\"wp-image-183817\" src=\"https:\/\/www.realclubdegolfelprat.com\/wp-content\/uploads\/2025\/10\/Foto-Ganadores-300x199.jpg\" alt=\"\" width=\"529\" height=\"351\" srcset=\"https:\/\/www.realclubdegolfelprat.com\/wp-content\/uploads\/2025\/10\/Foto-Ganadores-300x199.jpg 300w, https:\/\/www.realclubdegolfelprat.com\/wp-content\/uploads\/2025\/10\/Foto-Ganadores-768x509.jpg 768w, https:\/\/www.realclubdegolfelprat.com\/wp-content\/uploads\/2025\/10\/Foto-Ganadores-770x511.jpg 770w, https:\/\/www.realclubdegolfelprat.com\/wp-content\/uploads\/2025\/10\/Foto-Ganadores.jpg 906w\" sizes=\"auto, (max-width: 529px) 100vw, 529px\" \/><figcaption id=\"caption-attachment-183817\" class=\"wp-caption-text\"><strong data-start=\"730\" data-end=\"829\">Juan Dalmau Gallardo, Josep M. Serra Busquet, Marcel Fonseca Aguilar i Tom\u00e0s Junquera Vallugera<\/strong>, guanyadors de la <strong data-start=\"848\" data-end=\"880\">27a edici\u00f3 de la Copa Harmon<\/strong>.<\/figcaption><\/figure>\n<h3><\/h3>\n<h3>Una joia del calendari social<\/h3>\n<p data-start=\"922\" data-end=\"1277\">La <strong data-start=\"925\" data-end=\"940\">Copa Harmon<\/strong> \u00e9s molt m\u00e9s que un torneig: \u00e9s una tradici\u00f3 que s\u2019ha mantingut viva durant d\u00e8cades i que forma part de l\u2019ADN del Club. Concebuda originalment als <strong data-start=\"1087\" data-end=\"1102\">anys trenta<\/strong>, aquesta copa d\u2019exquisida orfebreria va ser custodiada i protegida durant la <strong data-start=\"1180\" data-end=\"1206\">Guerra Civil Espanyola<\/strong>, quan va ser enterrada al green del forat 9 per evitar-ne la p\u00e8rdua.<\/p>\n<p data-start=\"1279\" data-end=\"1514\">D\u00e8cades m\u00e9s tard, va recuperar el seu esplendor gr\u00e0cies a la cessi\u00f3 de <strong data-start=\"1350\" data-end=\"1370\">D. Claudio G\u00fcell<\/strong> amb motiu del <strong data-start=\"1385\" data-end=\"1418\">centenari del Club l\u2019any 2012<\/strong>, retornant als socis la possibilitat de disputar un dels trofeus m\u00e9s especials del calendari.<\/p>\n<figure id=\"attachment_183829\" aria-describedby=\"caption-attachment-183829\" style=\"width: 451px\" class=\"wp-caption aligncenter\"><img loading=\"lazy\" decoding=\"async\" class=\"wp-image-183829\" src=\"https:\/\/www.realclubdegolfelprat.com\/wp-content\/uploads\/2025\/10\/Foto-Juego-300x193.jpg\" alt=\"\" width=\"451\" height=\"290\" srcset=\"https:\/\/www.realclubdegolfelprat.com\/wp-content\/uploads\/2025\/10\/Foto-Juego-300x193.jpg 300w, https:\/\/www.realclubdegolfelprat.com\/wp-content\/uploads\/2025\/10\/Foto-Juego-768x493.jpg 768w, https:\/\/www.realclubdegolfelprat.com\/wp-content\/uploads\/2025\/10\/Foto-Juego-770x495.jpg 770w, https:\/\/www.realclubdegolfelprat.com\/wp-content\/uploads\/2025\/10\/Foto-Juego.jpg 856w\" sizes=\"auto, (max-width: 451px) 100vw, 451px\" \/><figcaption id=\"caption-attachment-183829\" class=\"wp-caption-text\">Foto de joc de la 27a Copa Harmon, recorregut Rosa<\/figcaption><\/figure>\n<p>&nbsp;<\/p>\n<h3>Dues jornades de golf, tradici\u00f3 i companyonia<\/h3>\n<p><img loading=\"lazy\" decoding=\"async\" class=\"wp-image-183823 alignleft\" src=\"https:\/\/www.realclubdegolfelprat.com\/wp-content\/uploads\/2025\/10\/Foto-Copa-197x300.jpg\" alt=\"\" width=\"298\" height=\"454\" srcset=\"https:\/\/www.realclubdegolfelprat.com\/wp-content\/uploads\/2025\/10\/Foto-Copa-197x300.jpg 197w, https:\/\/www.realclubdegolfelprat.com\/wp-content\/uploads\/2025\/10\/Foto-Copa.jpg 400w\" sizes=\"auto, (max-width: 298px) 100vw, 298px\" \/><\/p>\n<p data-start=\"1625\" data-end=\"1945\">L\u2019edici\u00f3 d\u2019enguany es va disputar a l\u2019<strong data-start=\"1663\" data-end=\"1693\">emblem\u00e0tic recorregut Rosa<\/strong>, dissenyat per <strong data-start=\"1709\" data-end=\"1724\">Greg Norman<\/strong>, que va presentar un repte t\u00e8cnic d\u2019alt nivell. El camp, en un estat de conservaci\u00f3 excel\u00b7lent, va exigir el millor de cada jugador amb el seu tra\u00e7at ondulat, bunkers estrat\u00e8gicament situats i greens r\u00e0pids i precisos.<\/p>\n<p data-start=\"1947\" data-end=\"2334\">Al llarg de les dues jornades es va viure un ambient immillorable al Club: companyonia, competitivitat sana i emoci\u00f3 fins a l\u2019\u00faltim cop. L\u2019entrega de premis, celebrada en finalitzar el torneig, va ser un moment especialment emotiu, amb el reconeixement als guanyadors i el record per a tots els equips que, edici\u00f3 rere edici\u00f3, contribueixen a mantenir viva la hist\u00f2ria d\u2019aquest trofeu.<\/p>\n<p>&nbsp;<\/p>\n","protected":false},"excerpt":{"rendered":"<p>L\u2019esperit de la Copa Harmon torna a brillar en la seva 27a edici\u00f3 Els passats divendres i dissabte, 17 i 18 d\u2019octubre, el Reial Club de Golf El Prat va celebrar la 27a edici\u00f3 de la Copa Harmon, un dels tornejos socials m\u00e9s emblem\u00e0tics i amb m\u00e9s hist\u00f2ria del Club. En aquesta edici\u00f3 hi van [&hellip;]<\/p>\n","protected":false},"author":1854,"featured_media":183818,"comment_status":"closed","ping_status":"closed","sticky":false,"template":"","format":"image","meta":{"_acf_changed":false,"footnotes":""},"categories":[258],"tags":[],"class_list":["post-183842","post","type-post","status-publish","format-image","has-post-thumbnail","hentry","category-noticies","post_format-post-format-image"],"acf":[],"yoast_head":"<!-- This site is optimized with the Yoast SEO plugin v27.4 - https:\/\/yoast.com\/product\/yoast-seo-wordpress\/ -->\n<title>27\u00aa Copa Harmon - Real Club de Golf El Prat - Barcelona<\/title>\n<meta name=\"robots\" content=\"index, follow, max-snippet:-1, max-image-preview:large, max-video-preview:-1\" \/>\n<link rel=\"canonical\" href=\"https:\/\/www.realclubdegolfelprat.com\/ca\/noticies\/27a-copa-harmon\/\" \/>\n<meta property=\"og:locale\" content=\"ca_ES\" \/>\n<meta property=\"og:type\" content=\"article\" \/>\n<meta property=\"og:title\" content=\"27\u00aa Copa Harmon - Real Club de Golf El Prat - Barcelona\" \/>\n<meta property=\"og:description\" content=\"L\u2019esperit de la Copa Harmon torna a brillar en la seva 27a edici\u00f3 Els passats divendres i dissabte, 17 i 18 d\u2019octubre, el Reial Club de Golf El Prat va celebrar la 27a edici\u00f3 de la Copa Harmon, un dels tornejos socials m\u00e9s emblem\u00e0tics i amb m\u00e9s hist\u00f2ria del Club. En aquesta edici\u00f3 hi van [&hellip;]\" \/>\n<meta property=\"og:url\" content=\"https:\/\/www.realclubdegolfelprat.com\/ca\/noticies\/27a-copa-harmon\/\" \/>\n<meta property=\"og:site_name\" content=\"Real Club de Golf El Prat - Barcelona\" \/>\n<meta property=\"article:publisher\" content=\"https:\/\/www.facebook.com\/golfelprat\" \/>\n<meta property=\"article:published_time\" content=\"2025-10-22T10:26:11+00:00\" \/>\n<meta property=\"article:modified_time\" content=\"2025-10-22T10:42:02+00:00\" \/>\n<meta property=\"og:image\" content=\"https:\/\/www.realclubdegolfelprat.com\/wp-content\/uploads\/2025\/10\/Foto-Ganadores.jpg\" \/>\n\t<meta property=\"og:image:width\" content=\"906\" \/>\n\t<meta property=\"og:image:height\" content=\"601\" \/>\n\t<meta property=\"og:image:type\" content=\"image\/jpeg\" \/>\n<meta name=\"author\" content=\"julia\" \/>\n<meta name=\"twitter:card\" content=\"summary_large_image\" \/>\n<meta name=\"twitter:creator\" content=\"@golfelprat\" \/>\n<meta name=\"twitter:site\" content=\"@golfelprat\" \/>\n<meta name=\"twitter:label1\" content=\"Escrit per\" \/>\n\t<meta name=\"twitter:data1\" content=\"julia\" \/>\n\t<meta name=\"twitter:label2\" content=\"Temps estimat de lectura\" \/>\n\t<meta name=\"twitter:data2\" content=\"3 minuts\" \/>\n<script type=\"application\/ld+json\" class=\"yoast-schema-graph\">{\"@context\":\"https:\\\/\\\/schema.org\",\"@graph\":[{\"@type\":\"Article\",\"@id\":\"https:\\\/\\\/www.realclubdegolfelprat.com\\\/ca\\\/noticies\\\/27a-copa-harmon\\\/#article\",\"isPartOf\":{\"@id\":\"https:\\\/\\\/www.realclubdegolfelprat.com\\\/ca\\\/noticies\\\/27a-copa-harmon\\\/\"},\"author\":{\"name\":\"julia\",\"@id\":\"https:\\\/\\\/www.realclubdegolfelprat.com\\\/ca\\\/#\\\/schema\\\/person\\\/2fe968524ee0f882ad207e491eb9d4f1\"},\"headline\":\"27\u00aa Copa Harmon\",\"datePublished\":\"2025-10-22T10:26:11+00:00\",\"dateModified\":\"2025-10-22T10:42:02+00:00\",\"mainEntityOfPage\":{\"@id\":\"https:\\\/\\\/www.realclubdegolfelprat.com\\\/ca\\\/noticies\\\/27a-copa-harmon\\\/\"},\"wordCount\":421,\"publisher\":{\"@id\":\"https:\\\/\\\/www.realclubdegolfelprat.com\\\/ca\\\/#organization\"},\"image\":{\"@id\":\"https:\\\/\\\/www.realclubdegolfelprat.com\\\/ca\\\/noticies\\\/27a-copa-harmon\\\/#primaryimage\"},\"thumbnailUrl\":\"https:\\\/\\\/www.realclubdegolfelprat.com\\\/wp-content\\\/uploads\\\/2025\\\/10\\\/Foto-Ganadores.jpg\",\"articleSection\":[\"Not\u00edcies\"],\"inLanguage\":\"ca\"},{\"@type\":\"WebPage\",\"@id\":\"https:\\\/\\\/www.realclubdegolfelprat.com\\\/ca\\\/noticies\\\/27a-copa-harmon\\\/\",\"url\":\"https:\\\/\\\/www.realclubdegolfelprat.com\\\/ca\\\/noticies\\\/27a-copa-harmon\\\/\",\"name\":\"27\u00aa Copa Harmon - Real Club de Golf El Prat - Barcelona\",\"isPartOf\":{\"@id\":\"https:\\\/\\\/www.realclubdegolfelprat.com\\\/ca\\\/#website\"},\"primaryImageOfPage\":{\"@id\":\"https:\\\/\\\/www.realclubdegolfelprat.com\\\/ca\\\/noticies\\\/27a-copa-harmon\\\/#primaryimage\"},\"image\":{\"@id\":\"https:\\\/\\\/www.realclubdegolfelprat.com\\\/ca\\\/noticies\\\/27a-copa-harmon\\\/#primaryimage\"},\"thumbnailUrl\":\"https:\\\/\\\/www.realclubdegolfelprat.com\\\/wp-content\\\/uploads\\\/2025\\\/10\\\/Foto-Ganadores.jpg\",\"datePublished\":\"2025-10-22T10:26:11+00:00\",\"dateModified\":\"2025-10-22T10:42:02+00:00\",\"breadcrumb\":{\"@id\":\"https:\\\/\\\/www.realclubdegolfelprat.com\\\/ca\\\/noticies\\\/27a-copa-harmon\\\/#breadcrumb\"},\"inLanguage\":\"ca\",\"potentialAction\":[{\"@type\":\"ReadAction\",\"target\":[\"https:\\\/\\\/www.realclubdegolfelprat.com\\\/ca\\\/noticies\\\/27a-copa-harmon\\\/\"]}]},{\"@type\":\"ImageObject\",\"inLanguage\":\"ca\",\"@id\":\"https:\\\/\\\/www.realclubdegolfelprat.com\\\/ca\\\/noticies\\\/27a-copa-harmon\\\/#primaryimage\",\"url\":\"https:\\\/\\\/www.realclubdegolfelprat.com\\\/wp-content\\\/uploads\\\/2025\\\/10\\\/Foto-Ganadores.jpg\",\"contentUrl\":\"https:\\\/\\\/www.realclubdegolfelprat.com\\\/wp-content\\\/uploads\\\/2025\\\/10\\\/Foto-Ganadores.jpg\",\"width\":906,\"height\":601},{\"@type\":\"BreadcrumbList\",\"@id\":\"https:\\\/\\\/www.realclubdegolfelprat.com\\\/ca\\\/noticies\\\/27a-copa-harmon\\\/#breadcrumb\",\"itemListElement\":[{\"@type\":\"ListItem\",\"position\":1,\"name\":\"Portada\",\"item\":\"https:\\\/\\\/www.realclubdegolfelprat.com\\\/ca\\\/\"},{\"@type\":\"ListItem\",\"position\":2,\"name\":\"27\u00aa Copa Harmon\"}]},{\"@type\":\"WebSite\",\"@id\":\"https:\\\/\\\/www.realclubdegolfelprat.com\\\/ca\\\/#website\",\"url\":\"https:\\\/\\\/www.realclubdegolfelprat.com\\\/ca\\\/\",\"name\":\"Real Club de Golf El Prat - Barcelona\",\"description\":\"Tu club de golf en Barcelona\",\"publisher\":{\"@id\":\"https:\\\/\\\/www.realclubdegolfelprat.com\\\/ca\\\/#organization\"},\"potentialAction\":[{\"@type\":\"SearchAction\",\"target\":{\"@type\":\"EntryPoint\",\"urlTemplate\":\"https:\\\/\\\/www.realclubdegolfelprat.com\\\/ca\\\/?s={search_term_string}\"},\"query-input\":{\"@type\":\"PropertyValueSpecification\",\"valueRequired\":true,\"valueName\":\"search_term_string\"}}],\"inLanguage\":\"ca\"},{\"@type\":\"Organization\",\"@id\":\"https:\\\/\\\/www.realclubdegolfelprat.com\\\/ca\\\/#organization\",\"name\":\"Real Club de Golf El Prat - Barcelona\",\"url\":\"https:\\\/\\\/www.realclubdegolfelprat.com\\\/ca\\\/\",\"logo\":{\"@type\":\"ImageObject\",\"inLanguage\":\"ca\",\"@id\":\"https:\\\/\\\/www.realclubdegolfelprat.com\\\/ca\\\/#\\\/schema\\\/logo\\\/image\\\/\",\"url\":\"https:\\\/\\\/www.realclubdegolfelprat.com\\\/wp-content\\\/uploads\\\/2023\\\/03\\\/logo-rcgep-color-120-95.png\",\"contentUrl\":\"https:\\\/\\\/www.realclubdegolfelprat.com\\\/wp-content\\\/uploads\\\/2023\\\/03\\\/logo-rcgep-color-120-95.png\",\"width\":120,\"height\":95,\"caption\":\"Real Club de Golf El Prat - Barcelona\"},\"image\":{\"@id\":\"https:\\\/\\\/www.realclubdegolfelprat.com\\\/ca\\\/#\\\/schema\\\/logo\\\/image\\\/\"},\"sameAs\":[\"https:\\\/\\\/www.facebook.com\\\/golfelprat\",\"https:\\\/\\\/x.com\\\/golfelprat\",\"https:\\\/\\\/www.linkedin.com\\\/company\\\/rcgep\",\"https:\\\/\\\/www.youtube.com\\\/user\\\/realclubdegolfelprat\",\"https:\\\/\\\/www.instagram.com\\\/golfelprat\\\/\"]},{\"@type\":\"Person\",\"@id\":\"https:\\\/\\\/www.realclubdegolfelprat.com\\\/ca\\\/#\\\/schema\\\/person\\\/2fe968524ee0f882ad207e491eb9d4f1\",\"name\":\"julia\",\"image\":{\"@type\":\"ImageObject\",\"inLanguage\":\"ca\",\"@id\":\"https:\\\/\\\/secure.gravatar.com\\\/avatar\\\/cfef20beb8b91a10a94c161ed2ad729e974a423629a0825f3e7c75eccf6de9d0?s=96&d=mm&r=g\",\"url\":\"https:\\\/\\\/secure.gravatar.com\\\/avatar\\\/cfef20beb8b91a10a94c161ed2ad729e974a423629a0825f3e7c75eccf6de9d0?s=96&d=mm&r=g\",\"contentUrl\":\"https:\\\/\\\/secure.gravatar.com\\\/avatar\\\/cfef20beb8b91a10a94c161ed2ad729e974a423629a0825f3e7c75eccf6de9d0?s=96&d=mm&r=g\",\"caption\":\"julia\"}}]}<\/script>\n<!-- \/ Yoast SEO plugin. -->","yoast_head_json":{"title":"27\u00aa Copa Harmon - Real Club de Golf El Prat - Barcelona","robots":{"index":"index","follow":"follow","max-snippet":"max-snippet:-1","max-image-preview":"max-image-preview:large","max-video-preview":"max-video-preview:-1"},"canonical":"https:\/\/www.realclubdegolfelprat.com\/ca\/noticies\/27a-copa-harmon\/","og_locale":"ca_ES","og_type":"article","og_title":"27\u00aa Copa Harmon - Real Club de Golf El Prat - Barcelona","og_description":"L\u2019esperit de la Copa Harmon torna a brillar en la seva 27a edici\u00f3 Els passats divendres i dissabte, 17 i 18 d\u2019octubre, el Reial Club de Golf El Prat va celebrar la 27a edici\u00f3 de la Copa Harmon, un dels tornejos socials m\u00e9s emblem\u00e0tics i amb m\u00e9s hist\u00f2ria del Club. En aquesta edici\u00f3 hi van [&hellip;]","og_url":"https:\/\/www.realclubdegolfelprat.com\/ca\/noticies\/27a-copa-harmon\/","og_site_name":"Real Club de Golf El Prat - Barcelona","article_publisher":"https:\/\/www.facebook.com\/golfelprat","article_published_time":"2025-10-22T10:26:11+00:00","article_modified_time":"2025-10-22T10:42:02+00:00","og_image":[{"width":906,"height":601,"url":"https:\/\/www.realclubdegolfelprat.com\/wp-content\/uploads\/2025\/10\/Foto-Ganadores.jpg","type":"image\/jpeg"}],"author":"julia","twitter_card":"summary_large_image","twitter_creator":"@golfelprat","twitter_site":"@golfelprat","twitter_misc":{"Escrit per":"julia","Temps estimat de lectura":"3 minuts"},"schema":{"@context":"https:\/\/schema.org","@graph":[{"@type":"Article","@id":"https:\/\/www.realclubdegolfelprat.com\/ca\/noticies\/27a-copa-harmon\/#article","isPartOf":{"@id":"https:\/\/www.realclubdegolfelprat.com\/ca\/noticies\/27a-copa-harmon\/"},"author":{"name":"julia","@id":"https:\/\/www.realclubdegolfelprat.com\/ca\/#\/schema\/person\/2fe968524ee0f882ad207e491eb9d4f1"},"headline":"27\u00aa Copa Harmon","datePublished":"2025-10-22T10:26:11+00:00","dateModified":"2025-10-22T10:42:02+00:00","mainEntityOfPage":{"@id":"https:\/\/www.realclubdegolfelprat.com\/ca\/noticies\/27a-copa-harmon\/"},"wordCount":421,"publisher":{"@id":"https:\/\/www.realclubdegolfelprat.com\/ca\/#organization"},"image":{"@id":"https:\/\/www.realclubdegolfelprat.com\/ca\/noticies\/27a-copa-harmon\/#primaryimage"},"thumbnailUrl":"https:\/\/www.realclubdegolfelprat.com\/wp-content\/uploads\/2025\/10\/Foto-Ganadores.jpg","articleSection":["Not\u00edcies"],"inLanguage":"ca"},{"@type":"WebPage","@id":"https:\/\/www.realclubdegolfelprat.com\/ca\/noticies\/27a-copa-harmon\/","url":"https:\/\/www.realclubdegolfelprat.com\/ca\/noticies\/27a-copa-harmon\/","name":"27\u00aa Copa Harmon - Real Club de Golf El Prat - Barcelona","isPartOf":{"@id":"https:\/\/www.realclubdegolfelprat.com\/ca\/#website"},"primaryImageOfPage":{"@id":"https:\/\/www.realclubdegolfelprat.com\/ca\/noticies\/27a-copa-harmon\/#primaryimage"},"image":{"@id":"https:\/\/www.realclubdegolfelprat.com\/ca\/noticies\/27a-copa-harmon\/#primaryimage"},"thumbnailUrl":"https:\/\/www.realclubdegolfelprat.com\/wp-content\/uploads\/2025\/10\/Foto-Ganadores.jpg","datePublished":"2025-10-22T10:26:11+00:00","dateModified":"2025-10-22T10:42:02+00:00","breadcrumb":{"@id":"https:\/\/www.realclubdegolfelprat.com\/ca\/noticies\/27a-copa-harmon\/#breadcrumb"},"inLanguage":"ca","potentialAction":[{"@type":"ReadAction","target":["https:\/\/www.realclubdegolfelprat.com\/ca\/noticies\/27a-copa-harmon\/"]}]},{"@type":"ImageObject","inLanguage":"ca","@id":"https:\/\/www.realclubdegolfelprat.com\/ca\/noticies\/27a-copa-harmon\/#primaryimage","url":"https:\/\/www.realclubdegolfelprat.com\/wp-content\/uploads\/2025\/10\/Foto-Ganadores.jpg","contentUrl":"https:\/\/www.realclubdegolfelprat.com\/wp-content\/uploads\/2025\/10\/Foto-Ganadores.jpg","width":906,"height":601},{"@type":"BreadcrumbList","@id":"https:\/\/www.realclubdegolfelprat.com\/ca\/noticies\/27a-copa-harmon\/#breadcrumb","itemListElement":[{"@type":"ListItem","position":1,"name":"Portada","item":"https:\/\/www.realclubdegolfelprat.com\/ca\/"},{"@type":"ListItem","position":2,"name":"27\u00aa Copa Harmon"}]},{"@type":"WebSite","@id":"https:\/\/www.realclubdegolfelprat.com\/ca\/#website","url":"https:\/\/www.realclubdegolfelprat.com\/ca\/","name":"Real Club de Golf El Prat - Barcelona","description":"Tu club de golf en Barcelona","publisher":{"@id":"https:\/\/www.realclubdegolfelprat.com\/ca\/#organization"},"potentialAction":[{"@type":"SearchAction","target":{"@type":"EntryPoint","urlTemplate":"https:\/\/www.realclubdegolfelprat.com\/ca\/?s={search_term_string}"},"query-input":{"@type":"PropertyValueSpecification","valueRequired":true,"valueName":"search_term_string"}}],"inLanguage":"ca"},{"@type":"Organization","@id":"https:\/\/www.realclubdegolfelprat.com\/ca\/#organization","name":"Real Club de Golf El Prat - Barcelona","url":"https:\/\/www.realclubdegolfelprat.com\/ca\/","logo":{"@type":"ImageObject","inLanguage":"ca","@id":"https:\/\/www.realclubdegolfelprat.com\/ca\/#\/schema\/logo\/image\/","url":"https:\/\/www.realclubdegolfelprat.com\/wp-content\/uploads\/2023\/03\/logo-rcgep-color-120-95.png","contentUrl":"https:\/\/www.realclubdegolfelprat.com\/wp-content\/uploads\/2023\/03\/logo-rcgep-color-120-95.png","width":120,"height":95,"caption":"Real Club de Golf El Prat - Barcelona"},"image":{"@id":"https:\/\/www.realclubdegolfelprat.com\/ca\/#\/schema\/logo\/image\/"},"sameAs":["https:\/\/www.facebook.com\/golfelprat","https:\/\/x.com\/golfelprat","https:\/\/www.linkedin.com\/company\/rcgep","https:\/\/www.youtube.com\/user\/realclubdegolfelprat","https:\/\/www.instagram.com\/golfelprat\/"]},{"@type":"Person","@id":"https:\/\/www.realclubdegolfelprat.com\/ca\/#\/schema\/person\/2fe968524ee0f882ad207e491eb9d4f1","name":"julia","image":{"@type":"ImageObject","inLanguage":"ca","@id":"https:\/\/secure.gravatar.com\/avatar\/cfef20beb8b91a10a94c161ed2ad729e974a423629a0825f3e7c75eccf6de9d0?s=96&d=mm&r=g","url":"https:\/\/secure.gravatar.com\/avatar\/cfef20beb8b91a10a94c161ed2ad729e974a423629a0825f3e7c75eccf6de9d0?s=96&d=mm&r=g","contentUrl":"https:\/\/secure.gravatar.com\/avatar\/cfef20beb8b91a10a94c161ed2ad729e974a423629a0825f3e7c75eccf6de9d0?s=96&d=mm&r=g","caption":"julia"}}]}},"_links":{"self":[{"href":"https:\/\/www.realclubdegolfelprat.com\/ca\/wp-json\/wp\/v2\/posts\/183842","targetHints":{"allow":["GET"]}}],"collection":[{"href":"https:\/\/www.realclubdegolfelprat.com\/ca\/wp-json\/wp\/v2\/posts"}],"about":[{"href":"https:\/\/www.realclubdegolfelprat.com\/ca\/wp-json\/wp\/v2\/types\/post"}],"author":[{"embeddable":true,"href":"https:\/\/www.realclubdegolfelprat.com\/ca\/wp-json\/wp\/v2\/users\/1854"}],"replies":[{"embeddable":true,"href":"https:\/\/www.realclubdegolfelprat.com\/ca\/wp-json\/wp\/v2\/comments?post=183842"}],"version-history":[{"count":2,"href":"https:\/\/www.realclubdegolfelprat.com\/ca\/wp-json\/wp\/v2\/posts\/183842\/revisions"}],"predecessor-version":[{"id":183846,"href":"https:\/\/www.realclubdegolfelprat.com\/ca\/wp-json\/wp\/v2\/posts\/183842\/revisions\/183846"}],"wp:featuredmedia":[{"embeddable":true,"href":"https:\/\/www.realclubdegolfelprat.com\/ca\/wp-json\/wp\/v2\/media\/183818"}],"wp:attachment":[{"href":"https:\/\/www.realclubdegolfelprat.com\/ca\/wp-json\/wp\/v2\/media?parent=183842"}],"wp:term":[{"taxonomy":"category","embeddable":true,"href":"https:\/\/www.realclubdegolfelprat.com\/ca\/wp-json\/wp\/v2\/categories?post=183842"},{"taxonomy":"post_tag","embeddable":true,"href":"https:\/\/www.realclubdegolfelprat.com\/ca\/wp-json\/wp\/v2\/tags?post=183842"}],"curies":[{"name":"wp","href":"https:\/\/api.w.org\/{rel}","templated":true}]}}